{"id":173433,"date":"2022-11-30T15:00:00","date_gmt":"2022-11-30T13:00:00","guid":{"rendered":"https:\/\/www.tucomarca.com\/wordpress\/segunda\/?p=173433"},"modified":"2022-11-30T23:32:00","modified_gmt":"2022-11-30T21:32:00","slug":"el-pp-de-requena-lamenta-que-lalcalde-mario-sanchez-haja-tingut-quasi-8-anys-la-jardineria-del-municipi-en-precari","status":"publish","type":"post","link":"https:\/\/tucomarca.whitekongsoftware.com\/ca\/el-pp-de-requena-lamenta-que-lalcalde-mario-sanchez-haja-tingut-quasi-8-anys-la-jardineria-del-municipi-en-precari\/","title":{"rendered":"El PP de Requena &#8220;lamenta que l&#8217;alcalde, Mario S\u00e1nchez, haja tingut quasi 8 anys la jardineria del municipi en precari&#8221;"},"content":{"rendered":"\n<p class=\"wp-block-paragraph\">El Partit Popular lamenta que &#8220;l&#8217;alcalde de Requena haja tingut en situaci\u00f3 prec\u00e0ria la imatge del municipi, mostrant durant els seus quasi dues legislatures un aband\u00f3 total dels nostres espais verds , que a mesos d&#8217;eleccions intenta millorar&#8221;.<br>El govern municipal de Mario S\u00e1nchez &#8220;vol ara llavar la imatge del nostre municipi de cara a 2023, intentant fer en uns mesos tot el que no s&#8217;ha fet en huit anys&#8221; reiteren els populars de Requena. I lamenten que &#8220;hagen d&#8217;arribar eleccions perqu\u00e8 el nostre municipi semble importar-li, despr\u00e9s que durant huit anys s&#8217;haja presumit de gesti\u00f3 a for\u00e7a de demacrar la seua imatge\u201d. Informa, <strong>Luis Ib\u00e1\u00f1ez.<\/strong><\/p>\n\n\n\n<p class=\"wp-block-paragraph\"><\/p>\n","protected":false},"excerpt":{"rendered":"<div class=\"mh-excerpt\">El Partit Popular lamenta que &#8220;l&#8217;alcalde de Requena haja tingut en situaci\u00f3 prec\u00e0ria la imatge del municipi, mostrant durant els seus quasi dues legislatures un aband\u00f3 total dels nostres espais verds , que a mesos <a class=\"mh-excerpt-more\" href=\"https:\/\/tucomarca.whitekongsoftware.com\/ca\/el-pp-de-requena-lamenta-que-lalcalde-mario-sanchez-haja-tingut-quasi-8-anys-la-jardineria-del-municipi-en-precari\/\" title=\"El PP de Requena &#8220;lamenta que l&#8217;alcalde, Mario S\u00e1nchez, haja tingut quasi 8 anys la jardineria del municipi en precari&#8221;\">[+] <\/a><\/div>\n","protected":false},"author":12,"featured_media":173432,"comment_status":"open","ping_status":"open","sticky":false,"template":"","format":"standard","meta":{"footnotes":""},"categories":[10948,10894,10947,10908,10909,10896],"tags":[16592,11099,10910],"class_list":["post-173433","post","type-post","status-publish","format-standard","has-post-thumbnail","category-infraestructuras-ca","category-la-comarca-ca","category-politica","category-requena-ca","category-requena-utiel-ca","category-seccion-ca","tag-pp-requena-ca","tag-requena-ca","tag-requena-utiel-ca"],"_links":{"self":[{"href":"https:\/\/tucomarca.whitekongsoftware.com\/ca\/wp-json\/wp\/v2\/posts\/173433","targetHints":{"allow":["GET"]}}],"collection":[{"href":"https:\/\/tucomarca.whitekongsoftware.com\/ca\/wp-json\/wp\/v2\/posts"}],"about":[{"href":"https:\/\/tucomarca.whitekongsoftware.com\/ca\/wp-json\/wp\/v2\/types\/post"}],"author":[{"embeddable":true,"href":"https:\/\/tucomarca.whitekongsoftware.com\/ca\/wp-json\/wp\/v2\/users\/12"}],"replies":[{"embeddable":true,"href":"https:\/\/tucomarca.whitekongsoftware.com\/ca\/wp-json\/wp\/v2\/comments?post=173433"}],"version-history":[{"count":0,"href":"https:\/\/tucomarca.whitekongsoftware.com\/ca\/wp-json\/wp\/v2\/posts\/173433\/revisions"}],"wp:featuredmedia":[{"embeddable":true,"href":"https:\/\/tucomarca.whitekongsoftware.com\/ca\/wp-json\/wp\/v2\/media\/173432"}],"wp:attachment":[{"href":"https:\/\/tucomarca.whitekongsoftware.com\/ca\/wp-json\/wp\/v2\/media?parent=173433"}],"wp:term":[{"taxonomy":"category","embeddable":true,"href":"https:\/\/tucomarca.whitekongsoftware.com\/ca\/wp-json\/wp\/v2\/categories?post=173433"},{"taxonomy":"post_tag","embeddable":true,"href":"https:\/\/tucomarca.whitekongsoftware.com\/ca\/wp-json\/wp\/v2\/tags?post=173433"}],"curies":[{"name":"wp","href":"https:\/\/api.w.org\/{rel}","templated":true}]}}