{"id":173409,"date":"2022-11-30T12:30:00","date_gmt":"2022-11-30T10:30:00","guid":{"rendered":"https:\/\/www.tucomarca.com\/wordpress\/segunda\/?p=173409"},"modified":"2022-11-30T21:09:40","modified_gmt":"2022-11-30T19:09:40","slug":"bunyol-avanca-en-la-modificacio-de-les-normes-subsidiaries-per-al-seu-pla-general-dordenacio-urbana","status":"publish","type":"post","link":"https:\/\/tucomarca.whitekongsoftware.com\/ca\/bunyol-avanca-en-la-modificacio-de-les-normes-subsidiaries-per-al-seu-pla-general-dordenacio-urbana\/","title":{"rendered":"Bunyol avan\u00e7a en la modificaci\u00f3 de les normes subsidi\u00e0ries per al seu Pla General d&#8217;Ordenaci\u00f3 Urbana"},"content":{"rendered":"\n<p class=\"wp-block-paragraph\">L&#8217;alcaldessa de Bunyol, Juncal Carrascosa, ha informat que hui ha tingut &#8220;la primera reuni\u00f3 t\u00e8cnica amb l&#8217;empresa redactora de la modificaci\u00f3 de les les normes subsidi\u00e0ries; una eina imprescindible per a reenfocar l&#8217;urbanisme a Bunyol, despr\u00e9s de l&#8217;anul\u00b7laci\u00f3 del pla general d&#8217;ordenaci\u00f3 urbana&#8221;, en paraules de la mun\u00edcipe.<br>&#8220;Estem definitivament en la casella d&#8217;eixida, per\u00f2 amb la ferma voluntat d&#8217;arribar d&#8217;una vegada per sempre a bon port. La reuni\u00f3 ha sigut molt productiva i l&#8217;empresa redactora ens dona molta seguretat per la seua professionalitat&#8221;, ha afegit l&#8217;alcaldessa.<\/p>\n\n\n\n<p class=\"wp-block-paragraph\"><\/p>\n","protected":false},"excerpt":{"rendered":"<div class=\"mh-excerpt\">L&#8217;alcaldessa de Bunyol, Juncal Carrascosa, ha informat que hui ha tingut &#8220;la primera reuni\u00f3 t\u00e8cnica amb l&#8217;empresa redactora de la modificaci\u00f3 de les les normes subsidi\u00e0ries; una eina imprescindible per a reenfocar l&#8217;urbanisme a Bunyol, <a class=\"mh-excerpt-more\" href=\"https:\/\/tucomarca.whitekongsoftware.com\/ca\/bunyol-avanca-en-la-modificacio-de-les-normes-subsidiaries-per-al-seu-pla-general-dordenacio-urbana\/\" title=\"Bunyol avan\u00e7a en la modificaci\u00f3 de les normes subsidi\u00e0ries per al seu Pla General d&#8217;Ordenaci\u00f3 Urbana\">[+] <\/a><\/div>\n","protected":false},"author":1,"featured_media":173397,"comment_status":"open","ping_status":"open","sticky":false,"template":"","format":"standard","meta":{"footnotes":""},"categories":[10911,10948,10894,10912,10947,10896],"tags":[10913,10914,18404],"class_list":["post-173409","post","type-post","status-publish","format-standard","has-post-thumbnail","category-bunol-ca","category-infraestructuras-ca","category-la-comarca-ca","category-la-hoya-ca","category-politica","category-seccion-ca","tag-bunol-ca","tag-la-hoya-de-bunol-chiva-ca","tag-normas-subsidiarias-ca"],"_links":{"self":[{"href":"https:\/\/tucomarca.whitekongsoftware.com\/ca\/wp-json\/wp\/v2\/posts\/173409","targetHints":{"allow":["GET"]}}],"collection":[{"href":"https:\/\/tucomarca.whitekongsoftware.com\/ca\/wp-json\/wp\/v2\/posts"}],"about":[{"href":"https:\/\/tucomarca.whitekongsoftware.com\/ca\/wp-json\/wp\/v2\/types\/post"}],"author":[{"embeddable":true,"href":"https:\/\/tucomarca.whitekongsoftware.com\/ca\/wp-json\/wp\/v2\/users\/1"}],"replies":[{"embeddable":true,"href":"https:\/\/tucomarca.whitekongsoftware.com\/ca\/wp-json\/wp\/v2\/comments?post=173409"}],"version-history":[{"count":0,"href":"https:\/\/tucomarca.whitekongsoftware.com\/ca\/wp-json\/wp\/v2\/posts\/173409\/revisions"}],"wp:featuredmedia":[{"embeddable":true,"href":"https:\/\/tucomarca.whitekongsoftware.com\/ca\/wp-json\/wp\/v2\/media\/173397"}],"wp:attachment":[{"href":"https:\/\/tucomarca.whitekongsoftware.com\/ca\/wp-json\/wp\/v2\/media?parent=173409"}],"wp:term":[{"taxonomy":"category","embeddable":true,"href":"https:\/\/tucomarca.whitekongsoftware.com\/ca\/wp-json\/wp\/v2\/categories?post=173409"},{"taxonomy":"post_tag","embeddable":true,"href":"https:\/\/tucomarca.whitekongsoftware.com\/ca\/wp-json\/wp\/v2\/tags?post=173409"}],"curies":[{"name":"wp","href":"https:\/\/api.w.org\/{rel}","templated":true}]}}