{"id":173382,"date":"2022-11-30T12:00:00","date_gmt":"2022-11-30T10:00:00","guid":{"rendered":"https:\/\/www.tucomarca.com\/wordpress\/segunda\/?p=173382"},"modified":"2022-11-30T21:05:17","modified_gmt":"2022-11-30T19:05:17","slug":"fotogaleria-21-nous-musics-suneixen-a-la-banda-simfonica-del-cim-la-armonica-de-bunyol-en-el-seu-concert-de-santa-cecilia","status":"publish","type":"post","link":"https:\/\/tucomarca.whitekongsoftware.com\/ca\/fotogaleria-21-nous-musics-suneixen-a-la-banda-simfonica-del-cim-la-armonica-de-bunyol-en-el-seu-concert-de-santa-cecilia\/","title":{"rendered":"Fotogaler\u00eda: 21 nous m\u00fasics s&#8217;uneixen a la banda simf\u00f2nica del CIM \u201cLa Arm\u00f3nica\u201d de Bunyol en el seu concert de Santa Cecilia"},"content":{"rendered":"\n<p class=\"wp-block-paragraph\">El CIM \u201cLa Arm\u00f3nica\u201d ha celebrat els seus concerts de la setmana de Santa Cecilia.<\/p>\n\n\n\n<p class=\"wp-block-paragraph\">La Banda Simf\u00f2nica sota la batuta de Sa\u00fcl G\u00f3mez Soler ho va fer el passat 19 de novembre. M\u00e9s de 120 m\u00fasics van omplir l&#8217;escenari del Palau de la M\u00fasica per a interpretar el programa &#8220;Suite de Suites&#8221; dissenyat pel director per a aquesta ocasi\u00f3 tan especial.&nbsp;<\/p>\n\n\n\n<p class=\"wp-block-paragraph\">Aix\u00ed mateix ho han fet les diferents formacions, la clausura de la Setmana de Santa Cecilia ha sigut diumenge passat, 27 de novembre, a c\u00e0rrec de la Coral Polif\u00f2nica i de l&#8217;Orquestra.<\/p>\n\n\n\n<p class=\"wp-block-paragraph\">En 2022, un total de 21 nous m\u00fasics s&#8217;han incorporat a la banda rebent la ins\u00edgnia de m\u00fasic per part dels seus sers estimats, abrigallats pel Director de l&#8217;Escola, Jos\u00e9 Carrascosa i el president de banda Florencio Zan\u00f3n i les Misses de l&#8217;Harm\u00f2nica.<\/p>\n\n\n\n<p class=\"wp-block-paragraph\">Nous integrants de la banda:<\/p>\n\n\n\n<p class=\"wp-block-paragraph\"><strong>Claudia Fern\u00e1ndez Mart\u00ednez<\/strong>, 12 anys. La vena musical li ve del seu germ\u00e0, que ja toca en la banda i en escoltar-li va saber que ella volia estudiar m\u00fasica.&nbsp;<\/p>\n\n\n\n<p class=\"wp-block-paragraph\"><strong>Mar\u00eda S\u00e1nchez Navarro<\/strong>, 12 anys. Li va fer molta il\u00b7lusi\u00f3 participar en el concert que va dirigir Roque Ba\u00f1os, ja que va ser la seua primera actuaci\u00f3 amb la banda simf\u00f2nica.&nbsp;<\/p>\n\n\n\n<p class=\"wp-block-paragraph\"><strong>Daniela Pic\u00f3 Rehu\u00e9s<\/strong>, 12 anys. La flauta era un instrument que li cridava l&#8217;atenci\u00f3 durant les cercaviles pel seu so.<\/p>\n\n\n\n<p class=\"wp-block-paragraph\"><strong>Marta Valiente Esteve<\/strong>, 12 anys. La germana de Marta \u00e9s m\u00fasic de la banda simf\u00f2nica i en veure-la estudiar a casa va voler seguir els seus passos. De fet, la m\u00fasica li transmet molts sentiments.&nbsp;<\/p>\n\n\n\n<p class=\"wp-block-paragraph\"><strong>Mar Fern\u00e1ndez S\u00e1nchez<\/strong>, 12 anys. Ella va decidir estudiar m\u00fasica, perqu\u00e8 en la seua fam\u00edlia la m\u00fasica sempre ha sigut present, i veient a la seua germana tocar, li va interessar molt aprendre.&nbsp;<\/p>\n\n\n\n<p class=\"wp-block-paragraph\"><strong>Cynthia Valiente Mas<\/strong>, 12 anys. T\u00e9 moltes ganes de participar en tots els concerts i assajos perqu\u00e8 s&#8217;ho passa molt b\u00e9 i apr\u00e9n.&nbsp;<\/p>\n\n\n\n<p class=\"wp-block-paragraph\"><strong>Ainhoa Bonillo Mart\u00ednez<\/strong>, 13 anys. A Ainhoa li agradava molt la m\u00fasica des de xicoteta i, com la seua tia toca el clarinet, es va apuntar a aquest instrument.&nbsp;<\/p>\n\n\n\n<p class=\"wp-block-paragraph\"><strong>H\u00e9ctor Espert Galarza<\/strong>, 12 anys. Va triar el clarinet perqu\u00e8 va ser el primer instrument amb el qual va tindre contacte gr\u00e0cies a la seua cosina Amparo. Li fa il\u00b7lusi\u00f3 poder aportar el seu granet d&#8217;arena al litre, a la seua societat.&nbsp;<\/p>\n\n\n\n<p class=\"wp-block-paragraph\"><strong>Luc\u00eda L\u00f3pez Fuster<\/strong>, 12 anys. Li fa molta il\u00b7lusi\u00f3 participar en la banda per estar amb els seus amics, anar de sopar i tocar en els concerts.&nbsp;<\/p>\n\n\n\n<p class=\"wp-block-paragraph\"><strong>Ingrid Perell\u00f3 Hern\u00e1ndez<\/strong>, 16 anys. Va triar el clarinet perqu\u00e8 el seu pare, la seua mare i el seu avi s\u00f3n clarinetistas i va voler seguir la tradici\u00f3.&nbsp;<\/p>\n\n\n\n<p class=\"wp-block-paragraph\"><strong>Erika Celda S\u00e1nchez<\/strong>, 12 anys. A Erika la m\u00fasica li ve de fam\u00edlia, el seu germ\u00e0 tocava la trompa en el Litre i la seua mare toca el clarinet.&nbsp;<\/p>\n\n\n\n<p class=\"wp-block-paragraph\"><strong>David Blanco Villena<\/strong>, 13 anys. La m\u00fasica li semblava un art molt bonic, el seu pare tamb\u00e9 era m\u00fasic i volia seguir els seus passos igual que els seus germans.&nbsp;<\/p>\n\n\n\n<p class=\"wp-block-paragraph\"><strong>Claudia Ruiz P\u00e9rez<\/strong>, 12 anys. A ella, la qual cosa m\u00e9s il\u00b7lusi\u00f3 li fa d&#8217;entrar a la banda \u00e9s que coneixer\u00e0 a m\u00e9s obo\u00e9s i a molta m\u00e9s gent. Tamb\u00e9 li encanta realitzar cercaviles, li fa molta il\u00b7lusi\u00f3.&nbsp;<\/p>\n\n\n\n<p class=\"wp-block-paragraph\"><strong>Javier Perell\u00f3 Espert<\/strong>, 12 anys. La il\u00b7lusi\u00f3 per la m\u00fasica prov\u00e9 de la seua fam\u00edlia, en la qual tots han estat vinculats a la m\u00fasica.<\/p>\n\n\n\n<p class=\"wp-block-paragraph\"><strong>Julia Girb\u00e9s Albi\u00f1ana<\/strong>, 12 anys. Julia t\u00e9 arrelament a la Banda gr\u00e0cies a la seua mare i la seua germana, que s\u00f3n m\u00fasics.&nbsp;<\/p>\n\n\n\n<p class=\"wp-block-paragraph\"><strong>Martina Hern\u00e1ndez Marzo<\/strong>, 12 anys. Martina es defineix com litrera i sempre anava a veure els concerts amb la seua \u00e0via i, ac\u00ed, va comen\u00e7ar a gaudir de la m\u00fasica.<\/p>\n\n\n\n<p class=\"wp-block-paragraph\"><strong>Ismael Igual El boujlaidi<\/strong>, 13 anys. El que m\u00e9s il\u00b7lusi\u00f3 li fa de la banda \u00e9s que ha pogut con\u00e9ixer a altres m\u00fasics que toquen la tuba. Li agrada que la gent li veja tocant en la banda.&nbsp;<\/p>\n\n\n\n<p class=\"wp-block-paragraph\"><strong>Olaya Marzo Vila<\/strong>, 12 anys. Va triar la percussi\u00f3 perqu\u00e8 el seu cos\u00ed Iker li va ensenyar a tocar-la des de molt xicoteta. El seu avi va ser abanderat, la seua mare i la seua tia Misses i la seua \u00e0via presidenta, per la qual cosa, el litre \u00e9s una cosa que li ve de bressol.&nbsp;<\/p>\n\n\n\n<p class=\"wp-block-paragraph\"><strong>Christian Rodr\u00edguez Llorens,<\/strong>&nbsp;17 anys. Va comen\u00e7ar a estudiar m\u00fasica perqu\u00e8 li agrada i per tradici\u00f3 familiar. Va triar la percussi\u00f3 perqu\u00e8 era el que veia a la seua casa i li encantava.&nbsp;<\/p>\n\n\n\n<figure class=\"wp-block-gallery has-nested-images columns-2 is-cropped wp-block-gallery-1 is-layout-flex wp-block-gallery-is-layout-flex\">\n<figure class=\"wp-block-image size-large\"><img loading=\"lazy\" decoding=\"async\" width=\"1932\" height=\"1389\" data-id=\"173379\" src=\"http:\/\/www.tucomarca.com\/wordpress\/segunda\/wp-content\/uploads\/2022\/11\/LitroSantaCecilia07.jpg\" alt=\"\" class=\"wp-image-173379\" srcset=\"https:\/\/tucomarca.whitekongsoftware.com\/wp-content\/uploads\/2022\/11\/LitroSantaCecilia07.jpg 1932w, https:\/\/tucomarca.whitekongsoftware.com\/wp-content\/uploads\/2022\/11\/LitroSantaCecilia07-300x216.jpg 300w, https:\/\/tucomarca.whitekongsoftware.com\/wp-content\/uploads\/2022\/11\/LitroSantaCecilia07-1024x736.jpg 1024w, https:\/\/tucomarca.whitekongsoftware.com\/wp-content\/uploads\/2022\/11\/LitroSantaCecilia07-768x552.jpg 768w, https:\/\/tucomarca.whitekongsoftware.com\/wp-content\/uploads\/2022\/11\/LitroSantaCecilia07-1536x1104.jpg 1536w\" sizes=\"auto, (max-width: 1932px) 100vw, 1932px\" \/><\/figure>\n\n\n\n<figure class=\"wp-block-image size-large\"><img loading=\"lazy\" decoding=\"async\" width=\"2048\" height=\"1536\" data-id=\"173375\" src=\"http:\/\/www.tucomarca.com\/wordpress\/segunda\/wp-content\/uploads\/2022\/11\/LitroSantaCecilia05.jpg\" alt=\"\" class=\"wp-image-173375\" srcset=\"https:\/\/tucomarca.whitekongsoftware.com\/wp-content\/uploads\/2022\/11\/LitroSantaCecilia05.jpg 2048w, https:\/\/tucomarca.whitekongsoftware.com\/wp-content\/uploads\/2022\/11\/LitroSantaCecilia05-300x225.jpg 300w, https:\/\/tucomarca.whitekongsoftware.com\/wp-content\/uploads\/2022\/11\/LitroSantaCecilia05-1024x768.jpg 1024w, https:\/\/tucomarca.whitekongsoftware.com\/wp-content\/uploads\/2022\/11\/LitroSantaCecilia05-768x576.jpg 768w, https:\/\/tucomarca.whitekongsoftware.com\/wp-content\/uploads\/2022\/11\/LitroSantaCecilia05-1536x1152.jpg 1536w, https:\/\/tucomarca.whitekongsoftware.com\/wp-content\/uploads\/2022\/11\/LitroSantaCecilia05-678x509.jpg 678w, https:\/\/tucomarca.whitekongsoftware.com\/wp-content\/uploads\/2022\/11\/LitroSantaCecilia05-326x245.jpg 326w, https:\/\/tucomarca.whitekongsoftware.com\/wp-content\/uploads\/2022\/11\/LitroSantaCecilia05-80x60.jpg 80w\" sizes=\"auto, (max-width: 2048px) 100vw, 2048px\" \/><\/figure>\n\n\n\n<figure class=\"wp-block-image size-large\"><img loading=\"lazy\" decoding=\"async\" width=\"787\" height=\"1052\" data-id=\"173373\" src=\"http:\/\/www.tucomarca.com\/wordpress\/segunda\/wp-content\/uploads\/2022\/11\/LitroSantaCecilia04.jpg\" alt=\"\" class=\"wp-image-173373\" srcset=\"https:\/\/tucomarca.whitekongsoftware.com\/wp-content\/uploads\/2022\/11\/LitroSantaCecilia04.jpg 787w, https:\/\/tucomarca.whitekongsoftware.com\/wp-content\/uploads\/2022\/11\/LitroSantaCecilia04-224x300.jpg 224w, https:\/\/tucomarca.whitekongsoftware.com\/wp-content\/uploads\/2022\/11\/LitroSantaCecilia04-766x1024.jpg 766w, https:\/\/tucomarca.whitekongsoftware.com\/wp-content\/uploads\/2022\/11\/LitroSantaCecilia04-768x1027.jpg 768w\" sizes=\"auto, (max-width: 787px) 100vw, 787px\" \/><\/figure>\n\n\n\n<figure class=\"wp-block-image size-large\"><img loading=\"lazy\" decoding=\"async\" width=\"1600\" height=\"998\" data-id=\"173377\" src=\"http:\/\/www.tucomarca.com\/wordpress\/segunda\/wp-content\/uploads\/2022\/11\/LitroSantaCecilia06.jpg\" alt=\"\" class=\"wp-image-173377\" srcset=\"https:\/\/tucomarca.whitekongsoftware.com\/wp-content\/uploads\/2022\/11\/LitroSantaCecilia06.jpg 1600w, https:\/\/tucomarca.whitekongsoftware.com\/wp-content\/uploads\/2022\/11\/LitroSantaCecilia06-300x187.jpg 300w, https:\/\/tucomarca.whitekongsoftware.com\/wp-content\/uploads\/2022\/11\/LitroSantaCecilia06-1024x639.jpg 1024w, https:\/\/tucomarca.whitekongsoftware.com\/wp-content\/uploads\/2022\/11\/LitroSantaCecilia06-768x479.jpg 768w, https:\/\/tucomarca.whitekongsoftware.com\/wp-content\/uploads\/2022\/11\/LitroSantaCecilia06-1536x958.jpg 1536w\" sizes=\"auto, (max-width: 1600px) 100vw, 1600px\" \/><\/figure>\n\n\n\n<figure class=\"wp-block-image size-large\"><img loading=\"lazy\" decoding=\"async\" width=\"2048\" height=\"1365\" data-id=\"173369\" src=\"http:\/\/www.tucomarca.com\/wordpress\/segunda\/wp-content\/uploads\/2022\/11\/LitroSantaCecilia02.jpg\" alt=\"\" class=\"wp-image-173369\" srcset=\"https:\/\/tucomarca.whitekongsoftware.com\/wp-content\/uploads\/2022\/11\/LitroSantaCecilia02.jpg 2048w, https:\/\/tucomarca.whitekongsoftware.com\/wp-content\/uploads\/2022\/11\/LitroSantaCecilia02-300x200.jpg 300w, https:\/\/tucomarca.whitekongsoftware.com\/wp-content\/uploads\/2022\/11\/LitroSantaCecilia02-1024x683.jpg 1024w, https:\/\/tucomarca.whitekongsoftware.com\/wp-content\/uploads\/2022\/11\/LitroSantaCecilia02-768x512.jpg 768w, https:\/\/tucomarca.whitekongsoftware.com\/wp-content\/uploads\/2022\/11\/LitroSantaCecilia02-1536x1024.jpg 1536w\" sizes=\"auto, (max-width: 2048px) 100vw, 2048px\" \/><\/figure>\n\n\n\n<figure class=\"wp-block-image size-large\"><img loading=\"lazy\" decoding=\"async\" width=\"1181\" height=\"787\" data-id=\"173371\" src=\"http:\/\/www.tucomarca.com\/wordpress\/segunda\/wp-content\/uploads\/2022\/11\/LitroSantaCecilia03.jpg\" alt=\"\" class=\"wp-image-173371\" srcset=\"https:\/\/tucomarca.whitekongsoftware.com\/wp-content\/uploads\/2022\/11\/LitroSantaCecilia03.jpg 1181w, https:\/\/tucomarca.whitekongsoftware.com\/wp-content\/uploads\/2022\/11\/LitroSantaCecilia03-300x200.jpg 300w, https:\/\/tucomarca.whitekongsoftware.com\/wp-content\/uploads\/2022\/11\/LitroSantaCecilia03-1024x682.jpg 1024w, https:\/\/tucomarca.whitekongsoftware.com\/wp-content\/uploads\/2022\/11\/LitroSantaCecilia03-768x512.jpg 768w\" sizes=\"auto, (max-width: 1181px) 100vw, 1181px\" \/><\/figure>\n\n\n\n<figure class=\"wp-block-image size-large\"><img loading=\"lazy\" decoding=\"async\" width=\"1181\" height=\"787\" data-id=\"173367\" src=\"http:\/\/www.tucomarca.com\/wordpress\/segunda\/wp-content\/uploads\/2022\/11\/LitroSantaCecilia01.jpg\" alt=\"\" class=\"wp-image-173367\" srcset=\"https:\/\/tucomarca.whitekongsoftware.com\/wp-content\/uploads\/2022\/11\/LitroSantaCecilia01.jpg 1181w, https:\/\/tucomarca.whitekongsoftware.com\/wp-content\/uploads\/2022\/11\/LitroSantaCecilia01-300x200.jpg 300w, https:\/\/tucomarca.whitekongsoftware.com\/wp-content\/uploads\/2022\/11\/LitroSantaCecilia01-1024x682.jpg 1024w, https:\/\/tucomarca.whitekongsoftware.com\/wp-content\/uploads\/2022\/11\/LitroSantaCecilia01-768x512.jpg 768w\" sizes=\"auto, (max-width: 1181px) 100vw, 1181px\" \/><\/figure>\n<\/figure>\n","protected":false},"excerpt":{"rendered":"<div class=\"mh-excerpt\">El CIM \u201cLa Arm\u00f3nica\u201d ha celebrat els seus concerts de la setmana de Santa Cecilia. La Banda Simf\u00f2nica sota la batuta de Sa\u00fcl G\u00f3mez Soler ho va fer el passat 19 de novembre. M\u00e9s de <a class=\"mh-excerpt-more\" href=\"https:\/\/tucomarca.whitekongsoftware.com\/ca\/fotogaleria-21-nous-musics-suneixen-a-la-banda-simfonica-del-cim-la-armonica-de-bunyol-en-el-seu-concert-de-santa-cecilia\/\" title=\"Fotogaler\u00eda: 21 nous m\u00fasics s&#8217;uneixen a la banda simf\u00f2nica del CIM \u201cLa Arm\u00f3nica\u201d de Bunyol en el seu concert de Santa Cecilia\">[+] <\/a><\/div>\n","protected":false},"author":12,"featured_media":173400,"comment_status":"open","ping_status":"open","sticky":false,"template":"","format":"gallery","meta":{"footnotes":""},"categories":[10911,11005,10894,10912,11007,10896],"tags":[10913,11209,10914],"class_list":["post-173382","post","type-post","status-publish","format-gallery","has-post-thumbnail","category-bunol-ca","category-canal-musica","category-la-comarca-ca","category-la-hoya-ca","category-ocio-y-cultura-ca","category-seccion-ca","tag-bunol-ca","tag-cim-la-armonica-de-bunol-ca","tag-la-hoya-de-bunol-chiva-ca","post_format-post-format-gallery"],"_links":{"self":[{"href":"https:\/\/tucomarca.whitekongsoftware.com\/ca\/wp-json\/wp\/v2\/posts\/173382","targetHints":{"allow":["GET"]}}],"collection":[{"href":"https:\/\/tucomarca.whitekongsoftware.com\/ca\/wp-json\/wp\/v2\/posts"}],"about":[{"href":"https:\/\/tucomarca.whitekongsoftware.com\/ca\/wp-json\/wp\/v2\/types\/post"}],"author":[{"embeddable":true,"href":"https:\/\/tucomarca.whitekongsoftware.com\/ca\/wp-json\/wp\/v2\/users\/12"}],"replies":[{"embeddable":true,"href":"https:\/\/tucomarca.whitekongsoftware.com\/ca\/wp-json\/wp\/v2\/comments?post=173382"}],"version-history":[{"count":0,"href":"https:\/\/tucomarca.whitekongsoftware.com\/ca\/wp-json\/wp\/v2\/posts\/173382\/revisions"}],"wp:featuredmedia":[{"embeddable":true,"href":"https:\/\/tucomarca.whitekongsoftware.com\/ca\/wp-json\/wp\/v2\/media\/173400"}],"wp:attachment":[{"href":"https:\/\/tucomarca.whitekongsoftware.com\/ca\/wp-json\/wp\/v2\/media?parent=173382"}],"wp:term":[{"taxonomy":"category","embeddable":true,"href":"https:\/\/tucomarca.whitekongsoftware.com\/ca\/wp-json\/wp\/v2\/categories?post=173382"},{"taxonomy":"post_tag","embeddable":true,"href":"https:\/\/tucomarca.whitekongsoftware.com\/ca\/wp-json\/wp\/v2\/tags?post=173382"}],"curies":[{"name":"wp","href":"https:\/\/api.w.org\/{rel}","templated":true}]}}