{"id":173341,"date":"2022-11-29T15:30:00","date_gmt":"2022-11-29T13:30:00","guid":{"rendered":"https:\/\/www.tucomarca.com\/wordpress\/segunda\/?p=173341"},"modified":"2022-11-29T22:38:06","modified_gmt":"2022-11-29T20:38:06","slug":"la-unio-demanda-clarificacio-en-laprovacio-de-la-normativa-que-regulara-la-crema-de-residus-agricoles","status":"publish","type":"post","link":"https:\/\/tucomarca.whitekongsoftware.com\/ca\/la-unio-demanda-clarificacio-en-laprovacio-de-la-normativa-que-regulara-la-crema-de-residus-agricoles\/","title":{"rendered":"<strong>La Uni\u00f3 demanda clarificaci\u00f3 en l&#8217;aprovaci\u00f3 de la normativa que regular\u00e0 la crema de residus agr\u00edcoles<\/strong>"},"content":{"rendered":"\n<p class=\"wp-block-paragraph\"><strong>L&#8217;organitzaci\u00f3 insisteix que les restes de poda agr\u00edcola no s\u00f3n un residu, sin\u00f3 un subproducte de material vegetal que es gestiona en la mateixa explotaci\u00f3<\/strong><\/p>\n\n\n\n<p class=\"wp-block-paragraph\">La Uni\u00f3 Llauradora reclama una clarificaci\u00f3 sobre la crema de residus agr\u00edcoles inclosa en el projecte de llei que regula la gesti\u00f3 de la nova Pol\u00edtica Agr\u00e0ria Comuna (PAC) i que ser\u00e0 aprovat en el Congr\u00e9s aquest dijous despr\u00e9s del seu pas i aprovaci\u00f3 pel Senat dimecres passat.<\/p>\n\n\n\n<p class=\"wp-block-paragraph\">Una esmena transaccional, pactada al Senat pels Grups Parlamentaris Socialista, Esquerra Republicana, PNB i JxCat i el Democr\u00e1tico, estableix que no est\u00e0 permesa la crema de residus agr\u00edcoles excepte per a les xicotetes i micro explotacions agr\u00e0ries, \u00e9s a dir per a la pr\u00e0ctica totalitat d&#8217;aquestes en la Comunitat Valenciana. Fins ac\u00ed queda tot clar per\u00f2 no obstant aix\u00f2 despr\u00e9s inclou textualment que \u201cNo obstant aix\u00f2, (\u2026), nom\u00e9s podr\u00e0 permetre&#8217;s la crema de residus vegetals generats en l&#8217;entorn agrari o silv\u00edcola quan compten amb la corresponent autoritzaci\u00f3 de l&#8217;\u00f2rgan competent de les Comunitats Aut\u00f2nomes, b\u00e9 per raons de car\u00e0cter fitosanitari que no siga possible abordar amb una altra mena de tractament motivant adequadament que no existeixen altres mitjans per a evitar la propagaci\u00f3 de plagues, b\u00e9 a fi de previndre els incendis\u201d.<\/p>\n\n\n\n<p class=\"wp-block-paragraph\">En aquest sentit, l&#8217;\u00fanica variaci\u00f3 rellevant en relaci\u00f3 amb l&#8217;article 27.3 de la Llei estatal 7\/2022, de 8 d&#8217;abril, de residus i s\u00f2ls contaminats \u00e9s que segons aquest article les autoritzacions per raons fitosanit\u00e0ries havien de sol\u00b7licitar-se a t\u00edtol individual a l&#8217;autoritat competent i ara s&#8217;ent\u00e9n, segons la literalitat de la redacci\u00f3 aprovada amb aquesta esmena, que l&#8217;autoritzaci\u00f3 ha de ser emesa per l&#8217;autoritat auton\u00f2mica competent per cultiu i per la ra\u00f3 fitosanit\u00e0ria espec\u00edfica de cadascun d&#8217;ells .<\/p>\n\n\n\n<p class=\"wp-block-paragraph\">Per aquest motiu, l&#8217;organitzaci\u00f3 demanda que s&#8217;aclarisca la situaci\u00f3 de com quedaran les cremes agr\u00edcoles a partir d&#8217;aquesta aprovaci\u00f3 perqu\u00e8 l&#8217;esmena dona lloc a m\u00faltiples interpretacions, segons ha pogut constatar durant els \u00faltims dies. Aix\u00ed, demana que s&#8217;emeta una nota aclaridora perqu\u00e8 no existisquen errors interpretatius sobre les cremes.<\/p>\n\n\n\n<p class=\"wp-block-paragraph\">La Uni\u00f3 considera que si s&#8217;interpreta que cal autoritzar les cremes per part de les comunitats aut\u00f2nomes cultiu per cultiu per raons fitosanit\u00e0ries la burocr\u00e0cia pot augmentar i ser interminable. Realitzar una normativa espec\u00edfica anual per cada comunitat aut\u00f2noma i per a cada sector a l&#8217;hora d&#8217;efectuar les cremes suposa una major burocratitzaci\u00f3 per a un sector com l&#8217;agrari que \u00e9s essencial i que ja est\u00e0 sotm\u00e9s a nombrosos condicionants en la seua activitat di\u00e0ria, com per exemple el compliment de Bones Condicions Agr\u00e0ries i Mediambientals que el pr\u00f2xim per\u00edode de la PAC, que s&#8217;inicia el pr\u00f2xim 1 de gener, ja limitar\u00e0 molt aquesta pr\u00e0ctica.<\/p>\n\n\n\n<p class=\"wp-block-paragraph\">Carles Peris, secretari general de La Uni\u00f3, exigeix que s&#8217;aclarisca tota aquesta situaci\u00f3 i es faciliten els tr\u00e0mits \u201cperqu\u00e8 ja tenim exemples de burocratitzaci\u00f3 com el que hem patit aquests \u00faltims anys amb la crema de la palla de l&#8217;arr\u00f2s com perqu\u00e8 ara s&#8217;estenga el problema a la resta dels sectors. Les Administracions haurien d&#8217;estar al costat de les persones llauradores i ramaderes per a facilitar-los el treball, no per a complicar-lo\u201d.<\/p>\n\n\n\n<p class=\"wp-block-paragraph\">La Uni\u00f3 reitera que les restes de poda agr\u00edcola s\u00f3n un subproducte de material vegetal que es gestiona (crema o tritura) en la mateixa explotaci\u00f3 i mai poden ser considerats com un residu que s\u00ed que queda subjecte obligat\u00f2riament al seu tractament posterior en una planta de gesti\u00f3 de residus.<\/p>\n\n\n\n<p class=\"wp-block-paragraph\"><\/p>\n","protected":false},"excerpt":{"rendered":"<div class=\"mh-excerpt\">L&#8217;organitzaci\u00f3 insisteix que les restes de poda agr\u00edcola no s\u00f3n un residu, sin\u00f3 un subproducte de material vegetal que es gestiona en la mateixa explotaci\u00f3 La Uni\u00f3 Llauradora reclama una clarificaci\u00f3 sobre la crema de <a class=\"mh-excerpt-more\" href=\"https:\/\/tucomarca.whitekongsoftware.com\/ca\/la-unio-demanda-clarificacio-en-laprovacio-de-la-normativa-que-regulara-la-crema-de-residus-agricoles\/\" title=\"La Uni\u00f3 demanda clarificaci\u00f3 en l&#8217;aprovaci\u00f3 de la normativa que regular\u00e0 la crema de residus agr\u00edcoles\">[+] <\/a><\/div>\n","protected":false},"author":12,"featured_media":173340,"comment_status":"open","ping_status":"open","sticky":false,"template":"","format":"standard","meta":{"footnotes":""},"categories":[10890,10905,11046,10898,10948,10894,10904,10903,10947,10896],"tags":[18022,18398],"class_list":["post-173341","post","type-post","status-publish","format-standard","has-post-thumbnail","category-ademus","category-agricultura-la-comarca-ca","category-los-serranos-ca","category-ventana-ca","category-infraestructuras-ca","category-la-comarca-ca","category-sin-categorizar-ca","category-medio-ambiente-la-comarca-ca","category-politica","category-seccion-ca","tag-la-unio-llauradora-ca","tag-quema-de-residuos-agricolas-ca"],"_links":{"self":[{"href":"https:\/\/tucomarca.whitekongsoftware.com\/ca\/wp-json\/wp\/v2\/posts\/173341","targetHints":{"allow":["GET"]}}],"collection":[{"href":"https:\/\/tucomarca.whitekongsoftware.com\/ca\/wp-json\/wp\/v2\/posts"}],"about":[{"href":"https:\/\/tucomarca.whitekongsoftware.com\/ca\/wp-json\/wp\/v2\/types\/post"}],"author":[{"embeddable":true,"href":"https:\/\/tucomarca.whitekongsoftware.com\/ca\/wp-json\/wp\/v2\/users\/12"}],"replies":[{"embeddable":true,"href":"https:\/\/tucomarca.whitekongsoftware.com\/ca\/wp-json\/wp\/v2\/comments?post=173341"}],"version-history":[{"count":0,"href":"https:\/\/tucomarca.whitekongsoftware.com\/ca\/wp-json\/wp\/v2\/posts\/173341\/revisions"}],"wp:featuredmedia":[{"embeddable":true,"href":"https:\/\/tucomarca.whitekongsoftware.com\/ca\/wp-json\/wp\/v2\/media\/173340"}],"wp:attachment":[{"href":"https:\/\/tucomarca.whitekongsoftware.com\/ca\/wp-json\/wp\/v2\/media?parent=173341"}],"wp:term":[{"taxonomy":"category","embeddable":true,"href":"https:\/\/tucomarca.whitekongsoftware.com\/ca\/wp-json\/wp\/v2\/categories?post=173341"},{"taxonomy":"post_tag","embeddable":true,"href":"https:\/\/tucomarca.whitekongsoftware.com\/ca\/wp-json\/wp\/v2\/tags?post=173341"}],"curies":[{"name":"wp","href":"https:\/\/api.w.org\/{rel}","templated":true}]}}