{"id":173197,"date":"2022-11-28T11:30:00","date_gmt":"2022-11-28T09:30:00","guid":{"rendered":"https:\/\/www.tucomarca.com\/wordpress\/segunda\/?p=173197"},"modified":"2022-11-28T22:29:56","modified_gmt":"2022-11-28T20:29:56","slug":"lajuntament-de-xest-installara-una-carpa-en-la-placa-doctor-cajal-per-a-celebrar-activitats-nadalenques","status":"publish","type":"post","link":"https:\/\/tucomarca.whitekongsoftware.com\/ca\/lajuntament-de-xest-installara-una-carpa-en-la-placa-doctor-cajal-per-a-celebrar-activitats-nadalenques\/","title":{"rendered":"L&#8217;Ajuntament de Xest instal\u00b7lar\u00e0 una carpa en la pla\u00e7a Doctor Cajal per a celebrar activitats nadalenques"},"content":{"rendered":"\n<p class=\"wp-block-paragraph\">Amb motiu de la celebraci\u00f3 de les festes nadalenques, del 5 de desembre de 2022 al 8 de gener de 2023, l&#8217;Ajuntament instal\u00b7lar\u00e0 una carpa en la pla\u00e7a Doctor Cajal que albergar\u00e0 durant tot el mes activitats gratu\u00eftes per a tots els p\u00fablics.<\/p>\n\n\n\n<figure class=\"wp-block-image size-full is-resized\"><img loading=\"lazy\" decoding=\"async\" src=\"http:\/\/www.tucomarca.com\/wordpress\/segunda\/wp-content\/uploads\/2022\/11\/ChesteCarpaNavidad02.jpg\" alt=\"\" class=\"wp-image-173192\" width=\"841\" height=\"595\" srcset=\"https:\/\/tucomarca.whitekongsoftware.com\/wp-content\/uploads\/2022\/11\/ChesteCarpaNavidad02.jpg 886w, https:\/\/tucomarca.whitekongsoftware.com\/wp-content\/uploads\/2022\/11\/ChesteCarpaNavidad02-300x212.jpg 300w, https:\/\/tucomarca.whitekongsoftware.com\/wp-content\/uploads\/2022\/11\/ChesteCarpaNavidad02-768x543.jpg 768w\" sizes=\"auto, (max-width: 841px) 100vw, 841px\" \/><\/figure>\n\n\n\n<p class=\"wp-block-paragraph\">L&#8217;objectiu d&#8217;aquesta acci\u00f3 \u00e9s dinamitzar el municipi durant les festes a trav\u00e9s d&#8217;una oferta d&#8217;activitats per a tots els p\u00fablics, organitzades des de les regidories de Comer\u00e7, Festes, Cultura, Sanitat, Joventut i Esports. D&#8217;altra banda, amb la instal\u00b7laci\u00f3 de la carpa i la programaci\u00f3 d&#8217;aquestes activitats, es pret\u00e9n fomentar que els ve\u00efns i les ve\u00efnes passen els dies festius a Xest, de manera que s&#8217;incentive el consum i les compres dins de la localitat.<\/p>\n\n\n\n<p class=\"wp-block-paragraph\">La programaci\u00f3 nadalenca arrancar\u00e0 el 6 de desembre, dimarts, amb un mon\u00f2leg en directe, i continuar\u00e0 aqueix cap de setmana amb la realitzaci\u00f3 d&#8217;un tast de vins, el dia 8 de desembre, i una sessi\u00f3 de \u2018Tardeo\u2019, el dia 10. Durant les seg\u00fcents setmanes se succeiran activitats esportives, musicals, infantils i d&#8217;oci, entre les quals destaquen la celebraci\u00f3 de festes nocturnes, els dies 16,17, 24 i 31 de desembre, diferents tallers per a xiquets i xiquetes, la iniciativa \u2018Desperta la teua ment jugant\u2019 i la cavalcada dels Reis Mags, programada per al dia 5 de gener a la vesprada.<\/p>\n\n\n\n<p class=\"wp-block-paragraph\">Paral\u00b7lelament s&#8217;han preparat activitats nadalenques en altres espais de la localitat, com s\u00f3n els concerts oferits per l&#8217;Associaci\u00f3 Musical La Lira i patrocinats per la Fundaci\u00f3 cajacheste, que tindran lloc en el Teatre Liceu el dia 17 de desembre i a l&#8217;Esgl\u00e9sia Sant Lluc Evangelista, el diumenge 18 de desembre al mat\u00ed; la visita de Pap\u00e0 Noel al Mercat Municipal, on tamb\u00e9 es realitzar\u00e0 una sessi\u00f3 de \u2018Disc TikTok\u2019 per a xiquets i xiquetes el dia 24 de desembre; i les actuacions de teatre familiar organitzades per als dies 2 i 4 de gener en el Teatre Liceu.<\/p>\n","protected":false},"excerpt":{"rendered":"<div class=\"mh-excerpt\">Amb motiu de la celebraci\u00f3 de les festes nadalenques, del 5 de desembre de 2022 al 8 de gener de 2023, l&#8217;Ajuntament instal\u00b7lar\u00e0 una carpa en la pla\u00e7a Doctor Cajal que albergar\u00e0 durant tot el <a class=\"mh-excerpt-more\" href=\"https:\/\/tucomarca.whitekongsoftware.com\/ca\/lajuntament-de-xest-installara-una-carpa-en-la-placa-doctor-cajal-per-a-celebrar-activitats-nadalenques\/\" title=\"L&#8217;Ajuntament de Xest instal\u00b7lar\u00e0 una carpa en la pla\u00e7a Doctor Cajal per a celebrar activitats nadalenques\">[+] <\/a><\/div>\n","protected":false},"author":12,"featured_media":173195,"comment_status":"open","ping_status":"open","sticky":false,"template":"","format":"standard","meta":{"footnotes":""},"categories":[11019,10948,10894,10912,11007,10896,10974],"tags":[16250,11071,10914],"class_list":["post-173197","post","type-post","status-publish","format-standard","has-post-thumbnail","category-agenda-ca","category-infraestructuras-ca","category-la-comarca-ca","category-la-hoya-ca","category-ocio-y-cultura-ca","category-seccion-ca","category-cheste-ca","tag-actividades-navidenas-ca","tag-cheste","tag-la-hoya-de-bunol-chiva-ca"],"_links":{"self":[{"href":"https:\/\/tucomarca.whitekongsoftware.com\/ca\/wp-json\/wp\/v2\/posts\/173197","targetHints":{"allow":["GET"]}}],"collection":[{"href":"https:\/\/tucomarca.whitekongsoftware.com\/ca\/wp-json\/wp\/v2\/posts"}],"about":[{"href":"https:\/\/tucomarca.whitekongsoftware.com\/ca\/wp-json\/wp\/v2\/types\/post"}],"author":[{"embeddable":true,"href":"https:\/\/tucomarca.whitekongsoftware.com\/ca\/wp-json\/wp\/v2\/users\/12"}],"replies":[{"embeddable":true,"href":"https:\/\/tucomarca.whitekongsoftware.com\/ca\/wp-json\/wp\/v2\/comments?post=173197"}],"version-history":[{"count":0,"href":"https:\/\/tucomarca.whitekongsoftware.com\/ca\/wp-json\/wp\/v2\/posts\/173197\/revisions"}],"wp:featuredmedia":[{"embeddable":true,"href":"https:\/\/tucomarca.whitekongsoftware.com\/ca\/wp-json\/wp\/v2\/media\/173195"}],"wp:attachment":[{"href":"https:\/\/tucomarca.whitekongsoftware.com\/ca\/wp-json\/wp\/v2\/media?parent=173197"}],"wp:term":[{"taxonomy":"category","embeddable":true,"href":"https:\/\/tucomarca.whitekongsoftware.com\/ca\/wp-json\/wp\/v2\/categories?post=173197"},{"taxonomy":"post_tag","embeddable":true,"href":"https:\/\/tucomarca.whitekongsoftware.com\/ca\/wp-json\/wp\/v2\/tags?post=173197"}],"curies":[{"name":"wp","href":"https:\/\/api.w.org\/{rel}","templated":true}]}}