{"id":173186,"date":"2022-11-28T11:00:00","date_gmt":"2022-11-28T09:00:00","guid":{"rendered":"https:\/\/www.tucomarca.com\/wordpress\/segunda\/?p=173186"},"modified":"2022-11-28T22:17:08","modified_gmt":"2022-11-28T20:17:08","slug":"el-conservatori-professional-sant-rafael-de-bunyol-iniciara-les-seues-audicions-de-nadal-del-16-al-22-de-desembre","status":"publish","type":"post","link":"https:\/\/tucomarca.whitekongsoftware.com\/ca\/el-conservatori-professional-sant-rafael-de-bunyol-iniciara-les-seues-audicions-de-nadal-del-16-al-22-de-desembre\/","title":{"rendered":"El Conservatori Professional Sant Rafael de Bunyol iniciar\u00e0 les seues audicions de Nadal del 16 al 22 de desembre\u00a0"},"content":{"rendered":"\n<p class=\"wp-block-paragraph\">Per fi, despr\u00e9s de dos anys amb restriccions de tota mena, des del conservatori de Bunyol manifesten amb extraordin\u00e0ria alegria \u201cpodem fer una setmana d&#8217;audicions normal, amb les seues activitats en el centre, i els seus tradicionals concerts de Nadal. Per tant, tindrem al Cor i l&#8217;Orquestra de Corda el dimecres 21 de desembre a l&#8217;Esgl\u00e9sia de la Venta; i les Bandes Juvenil i Simf\u00f2nica el divendres 16, en el Palau de la M\u00fasica. Tamb\u00e9 podrem gaudir d&#8217;un concert amb grups de Cambra i Brass Band el dijous 22 a les 20.00 h. a la Sala del Mercat. La resta d&#8217;audicions seran, com sempre, en la sala d&#8217;actes del nostre centre, per descomptat amb p\u00fablic, per\u00f2 a m\u00e9s continuarem retransmetent en directe totes les nostres audicions pel nostre canal de Youtube\u201d.&nbsp;<\/p>\n\n\n\n<p class=\"wp-block-paragraph\">\u201cIgual que els dos anys anteriors, tampoc podrem realitzar la tradicional audici\u00f3 nadalenca en la resid\u00e8ncia de la tercera edat, per les raons sanit\u00e0ries que ja coneixem, per\u00f2 estarem amb ells de manera virtual\u201d afigen des del centre educatiu.&nbsp;<\/p>\n\n\n\n<p class=\"wp-block-paragraph\">\u201cSense m\u00e9s aprofitem per a desitjar-los a tots unes Bones festes, i que no dubten a gaudir de la m\u00fasica sense restriccions\u201d.&nbsp;<\/p>\n\n\n\n<p class=\"wp-block-paragraph\"><\/p>\n","protected":false},"excerpt":{"rendered":"<div class=\"mh-excerpt\">Per fi, despr\u00e9s de dos anys amb restriccions de tota mena, des del conservatori de Bunyol manifesten amb extraordin\u00e0ria alegria \u201cpodem fer una setmana d&#8217;audicions normal, amb les seues activitats en el centre, i els <a class=\"mh-excerpt-more\" href=\"https:\/\/tucomarca.whitekongsoftware.com\/ca\/el-conservatori-professional-sant-rafael-de-bunyol-iniciara-les-seues-audicions-de-nadal-del-16-al-22-de-desembre\/\" title=\"El Conservatori Professional Sant Rafael de Bunyol iniciar\u00e0 les seues audicions de Nadal del 16 al 22 de desembre\u00a0\">[+] <\/a><\/div>\n","protected":false},"author":12,"featured_media":173185,"comment_status":"open","ping_status":"open","sticky":false,"template":"","format":"standard","meta":{"footnotes":""},"categories":[11019,10911,11005,10894,10912,11007,10896],"tags":[10913,11293,14677,10914],"class_list":["post-173186","post","type-post","status-publish","format-standard","has-post-thumbnail","category-agenda-ca","category-bunol-ca","category-canal-musica","category-la-comarca-ca","category-la-hoya-ca","category-ocio-y-cultura-ca","category-seccion-ca","tag-bunol-ca","tag-conservatorio-bunol-ca","tag-conservatorio-san-rafael-ca","tag-la-hoya-de-bunol-chiva-ca"],"_links":{"self":[{"href":"https:\/\/tucomarca.whitekongsoftware.com\/ca\/wp-json\/wp\/v2\/posts\/173186","targetHints":{"allow":["GET"]}}],"collection":[{"href":"https:\/\/tucomarca.whitekongsoftware.com\/ca\/wp-json\/wp\/v2\/posts"}],"about":[{"href":"https:\/\/tucomarca.whitekongsoftware.com\/ca\/wp-json\/wp\/v2\/types\/post"}],"author":[{"embeddable":true,"href":"https:\/\/tucomarca.whitekongsoftware.com\/ca\/wp-json\/wp\/v2\/users\/12"}],"replies":[{"embeddable":true,"href":"https:\/\/tucomarca.whitekongsoftware.com\/ca\/wp-json\/wp\/v2\/comments?post=173186"}],"version-history":[{"count":0,"href":"https:\/\/tucomarca.whitekongsoftware.com\/ca\/wp-json\/wp\/v2\/posts\/173186\/revisions"}],"wp:featuredmedia":[{"embeddable":true,"href":"https:\/\/tucomarca.whitekongsoftware.com\/ca\/wp-json\/wp\/v2\/media\/173185"}],"wp:attachment":[{"href":"https:\/\/tucomarca.whitekongsoftware.com\/ca\/wp-json\/wp\/v2\/media?parent=173186"}],"wp:term":[{"taxonomy":"category","embeddable":true,"href":"https:\/\/tucomarca.whitekongsoftware.com\/ca\/wp-json\/wp\/v2\/categories?post=173186"},{"taxonomy":"post_tag","embeddable":true,"href":"https:\/\/tucomarca.whitekongsoftware.com\/ca\/wp-json\/wp\/v2\/tags?post=173186"}],"curies":[{"name":"wp","href":"https:\/\/api.w.org\/{rel}","templated":true}]}}