{"id":173163,"date":"2022-11-28T09:00:00","date_gmt":"2022-11-28T07:00:00","guid":{"rendered":"https:\/\/www.tucomarca.com\/wordpress\/segunda\/?p=173163"},"modified":"2022-11-28T21:51:14","modified_gmt":"2022-11-28T19:51:14","slug":"riba-roja-de-turia-arriba-als-51-agents-en-la-policia-local-el-major-de-la-seua-historia-i-aspira-a-aconseguir-els-70-efectius-lany-2024","status":"publish","type":"post","link":"https:\/\/tucomarca.whitekongsoftware.com\/ca\/riba-roja-de-turia-arriba-als-51-agents-en-la-policia-local-el-major-de-la-seua-historia-i-aspira-a-aconseguir-els-70-efectius-lany-2024\/","title":{"rendered":"Riba-roja de T\u00faria arriba als 51 agents en la policia local, el major de la seua hist\u00f2ria, i aspira a aconseguir els 70 efectius l&#8217;any 2024"},"content":{"rendered":"\n<h4 class=\"wp-block-heading\">L&#8217;ajuntament lliurament 40 reconeixements en el \u201cDia de la Policia Local\u201d&nbsp;<\/h4>\n\n\n\n<p class=\"wp-block-paragraph\">L&#8217;Ajuntament de Riba-roja de T\u00faria va celebrar ahir dissabte 26 de novembre el seu \u2018Dia de la Policia Local\u2019 en la qual ha entregat quaranta reconeixements de diversa \u00edndole a agents de la policia local i altres cossos de seguretat per serveis o actuacions excepcionals realitzats al llarg del 2022.&nbsp;<\/p>\n\n\n\n<p class=\"wp-block-paragraph\">L&#8217;acte s&#8217;ha dut a terme comptant entre les seues files el major nombre d&#8217;efectius d&#8217;agents locals que ha tingut mai Riba-roja, 51, i es converteix aix\u00ed en el municipi de m\u00e9s de 10.000 habitants amb m\u00e9s agents per habitant de la comarca de Camp de T\u00faria \u201ci amb l&#8217;objectiu d&#8217;arribar progressivament als 70 agents d&#8217;ac\u00ed al 2024\u201d ha explicat l&#8217;alcalde Robert Raga, qui ha informat que en poques setmanes s&#8217;incorporaran set nous agents, a m\u00e9s de \u201cnous mitjans tecnol\u00f2gics i inform\u00e0tics\u201d.<\/p>\n\n\n\n<p class=\"wp-block-paragraph\">Durant l&#8217;acte en el qual ha participat el director general d&#8217;Interior, Salvador Almenar Ant\u00f3n, l&#8217;alcalde ha defensat davant de la corporaci\u00f3 i els presents la labor \u201cd&#8217;un cos professional, pr\u00f2xim i admirat per la ciutadania que pot comptar sempre amb el suport de l&#8217;Ajuntament\u201d en l&#8217;acompliment de les seues activitats. A m\u00e9s, ha subratllat la cada vegada major especialitzaci\u00f3 de les unitats que conformen la policia local, com la de lluita contra la viol\u00e8ncia de g\u00e8nere o la de proximitat o de drons que en breu estar\u00e0 operativa.<\/p>\n\n\n\n<p class=\"wp-block-paragraph\">L&#8217;acte ha viscut un moment emotiu amb el reconeixement en la unitat canina de \u2018Urko\u2019, el ca policial que despr\u00e9s de diversos anys i m\u00e9s de 3.500 actuacions s&#8217;ha retirat i ha rebut, per primera vegada, una Creu Blava al m\u00e8rit. L&#8217;animal, acompanyat del seu amo i company, l&#8217;oficial Jes\u00fas Manuel Cort\u00e9s ha desfilat enmig d&#8217;un corredor compost d&#8217;altres agents de la unitat canina de la prov\u00edncia davant l&#8217;admiraci\u00f3 dels assistents.<\/p>\n\n\n\n<p class=\"wp-block-paragraph\">L&#8217;alcalde ha traslladat el \u201cmajor agra\u00efment\u201d als agents de la Gu\u00e0rdia Civil presents en l&#8217;acte per la \u201cexcel\u00b7lent\u201d col\u00b7laboraci\u00f3 que mantenen i \u201cla protecci\u00f3 que ofereixen\u201d, a m\u00e9s d&#8217;enaltir la labor dels agents de la policia local de Paterna per una persecuci\u00f3 a la qual van haver de fer front en el mes d&#8217;octubre passat i que va finalitzar a Riba-roja de T\u00faria.<\/p>\n\n\n\n<figure class=\"wp-block-gallery has-nested-images columns-2 is-cropped wp-block-gallery-1 is-layout-flex wp-block-gallery-is-layout-flex\">\n<figure class=\"wp-block-image size-large\"><img loading=\"lazy\" decoding=\"async\" width=\"886\" height=\"591\" data-id=\"173148\" src=\"http:\/\/www.tucomarca.com\/wordpress\/segunda\/wp-content\/uploads\/2022\/11\/Riba_PoliciaLocal_01.jpg\" alt=\"\" class=\"wp-image-173148\" srcset=\"https:\/\/tucomarca.whitekongsoftware.com\/wp-content\/uploads\/2022\/11\/Riba_PoliciaLocal_01.jpg 886w, https:\/\/tucomarca.whitekongsoftware.com\/wp-content\/uploads\/2022\/11\/Riba_PoliciaLocal_01-300x200.jpg 300w, https:\/\/tucomarca.whitekongsoftware.com\/wp-content\/uploads\/2022\/11\/Riba_PoliciaLocal_01-768x512.jpg 768w\" sizes=\"auto, (max-width: 886px) 100vw, 886px\" \/><\/figure>\n\n\n\n<figure class=\"wp-block-image size-large\"><img loading=\"lazy\" decoding=\"async\" width=\"886\" height=\"591\" data-id=\"173152\" src=\"http:\/\/www.tucomarca.com\/wordpress\/segunda\/wp-content\/uploads\/2022\/11\/Riba_PoliciaLocal_03.jpg\" alt=\"\" class=\"wp-image-173152\" srcset=\"https:\/\/tucomarca.whitekongsoftware.com\/wp-content\/uploads\/2022\/11\/Riba_PoliciaLocal_03.jpg 886w, https:\/\/tucomarca.whitekongsoftware.com\/wp-content\/uploads\/2022\/11\/Riba_PoliciaLocal_03-300x200.jpg 300w, https:\/\/tucomarca.whitekongsoftware.com\/wp-content\/uploads\/2022\/11\/Riba_PoliciaLocal_03-768x512.jpg 768w\" sizes=\"auto, (max-width: 886px) 100vw, 886px\" \/><\/figure>\n\n\n\n<figure class=\"wp-block-image size-large\"><img loading=\"lazy\" decoding=\"async\" width=\"886\" height=\"591\" data-id=\"173156\" src=\"http:\/\/www.tucomarca.com\/wordpress\/segunda\/wp-content\/uploads\/2022\/11\/Riba_PoliciaLocal_05.jpg\" alt=\"\" class=\"wp-image-173156\" srcset=\"https:\/\/tucomarca.whitekongsoftware.com\/wp-content\/uploads\/2022\/11\/Riba_PoliciaLocal_05.jpg 886w, https:\/\/tucomarca.whitekongsoftware.com\/wp-content\/uploads\/2022\/11\/Riba_PoliciaLocal_05-300x200.jpg 300w, https:\/\/tucomarca.whitekongsoftware.com\/wp-content\/uploads\/2022\/11\/Riba_PoliciaLocal_05-768x512.jpg 768w\" sizes=\"auto, (max-width: 886px) 100vw, 886px\" \/><\/figure>\n\n\n\n<figure class=\"wp-block-image size-large\"><img loading=\"lazy\" decoding=\"async\" width=\"886\" height=\"591\" data-id=\"173150\" src=\"http:\/\/www.tucomarca.com\/wordpress\/segunda\/wp-content\/uploads\/2022\/11\/Riba_PoliciaLocal_02.jpg\" alt=\"\" class=\"wp-image-173150\" srcset=\"https:\/\/tucomarca.whitekongsoftware.com\/wp-content\/uploads\/2022\/11\/Riba_PoliciaLocal_02.jpg 886w, https:\/\/tucomarca.whitekongsoftware.com\/wp-content\/uploads\/2022\/11\/Riba_PoliciaLocal_02-300x200.jpg 300w, https:\/\/tucomarca.whitekongsoftware.com\/wp-content\/uploads\/2022\/11\/Riba_PoliciaLocal_02-768x512.jpg 768w\" sizes=\"auto, (max-width: 886px) 100vw, 886px\" \/><\/figure>\n\n\n\n<figure class=\"wp-block-image size-large\"><img loading=\"lazy\" decoding=\"async\" width=\"886\" height=\"591\" data-id=\"173154\" src=\"http:\/\/www.tucomarca.com\/wordpress\/segunda\/wp-content\/uploads\/2022\/11\/Riba_PoliciaLocal_04.jpg\" alt=\"\" class=\"wp-image-173154\" srcset=\"https:\/\/tucomarca.whitekongsoftware.com\/wp-content\/uploads\/2022\/11\/Riba_PoliciaLocal_04.jpg 886w, https:\/\/tucomarca.whitekongsoftware.com\/wp-content\/uploads\/2022\/11\/Riba_PoliciaLocal_04-300x200.jpg 300w, https:\/\/tucomarca.whitekongsoftware.com\/wp-content\/uploads\/2022\/11\/Riba_PoliciaLocal_04-768x512.jpg 768w\" sizes=\"auto, (max-width: 886px) 100vw, 886px\" \/><\/figure>\n\n\n\n<figure class=\"wp-block-image size-large\"><img loading=\"lazy\" decoding=\"async\" width=\"886\" height=\"591\" data-id=\"173158\" src=\"http:\/\/www.tucomarca.com\/wordpress\/segunda\/wp-content\/uploads\/2022\/11\/Riba_PoliciaLocal_06.jpg\" alt=\"\" class=\"wp-image-173158\" srcset=\"https:\/\/tucomarca.whitekongsoftware.com\/wp-content\/uploads\/2022\/11\/Riba_PoliciaLocal_06.jpg 886w, https:\/\/tucomarca.whitekongsoftware.com\/wp-content\/uploads\/2022\/11\/Riba_PoliciaLocal_06-300x200.jpg 300w, https:\/\/tucomarca.whitekongsoftware.com\/wp-content\/uploads\/2022\/11\/Riba_PoliciaLocal_06-768x512.jpg 768w\" sizes=\"auto, (max-width: 886px) 100vw, 886px\" \/><\/figure>\n<\/figure>\n","protected":false},"excerpt":{"rendered":"<div class=\"mh-excerpt\">L&#8217;ajuntament lliurament 40 reconeixements en el \u201cDia de la Policia Local\u201d&nbsp; L&#8217;Ajuntament de Riba-roja de T\u00faria va celebrar ahir dissabte 26 de novembre el seu \u2018Dia de la Policia Local\u2019 en la qual ha entregat <a class=\"mh-excerpt-more\" href=\"https:\/\/tucomarca.whitekongsoftware.com\/ca\/riba-roja-de-turia-arriba-als-51-agents-en-la-policia-local-el-major-de-la-seua-historia-i-aspira-a-aconseguir-els-70-efectius-lany-2024\/\" title=\"Riba-roja de T\u00faria arriba als 51 agents en la policia local, el major de la seua hist\u00f2ria, i aspira a aconseguir els 70 efectius l&#8217;any 2024\">[+] <\/a><\/div>\n","protected":false},"author":12,"featured_media":173161,"comment_status":"open","ping_status":"open","sticky":false,"template":"","format":"gallery","meta":{"footnotes":""},"categories":[10892,10948,10894,10947,10906,10896],"tags":[10899,12356,15024],"class_list":["post-173163","post","type-post","status-publish","format-gallery","has-post-thumbnail","category-camp-de-turia-ca","category-infraestructuras-ca","category-la-comarca-ca","category-politica","category-riba-roja-ca","category-seccion-ca","tag-camp-de-turia-ca","tag-policia-local-ca","tag-riba-roja-de-turia-ca","post_format-post-format-gallery"],"_links":{"self":[{"href":"https:\/\/tucomarca.whitekongsoftware.com\/ca\/wp-json\/wp\/v2\/posts\/173163","targetHints":{"allow":["GET"]}}],"collection":[{"href":"https:\/\/tucomarca.whitekongsoftware.com\/ca\/wp-json\/wp\/v2\/posts"}],"about":[{"href":"https:\/\/tucomarca.whitekongsoftware.com\/ca\/wp-json\/wp\/v2\/types\/post"}],"author":[{"embeddable":true,"href":"https:\/\/tucomarca.whitekongsoftware.com\/ca\/wp-json\/wp\/v2\/users\/12"}],"replies":[{"embeddable":true,"href":"https:\/\/tucomarca.whitekongsoftware.com\/ca\/wp-json\/wp\/v2\/comments?post=173163"}],"version-history":[{"count":0,"href":"https:\/\/tucomarca.whitekongsoftware.com\/ca\/wp-json\/wp\/v2\/posts\/173163\/revisions"}],"wp:featuredmedia":[{"embeddable":true,"href":"https:\/\/tucomarca.whitekongsoftware.com\/ca\/wp-json\/wp\/v2\/media\/173161"}],"wp:attachment":[{"href":"https:\/\/tucomarca.whitekongsoftware.com\/ca\/wp-json\/wp\/v2\/media?parent=173163"}],"wp:term":[{"taxonomy":"category","embeddable":true,"href":"https:\/\/tucomarca.whitekongsoftware.com\/ca\/wp-json\/wp\/v2\/categories?post=173163"},{"taxonomy":"post_tag","embeddable":true,"href":"https:\/\/tucomarca.whitekongsoftware.com\/ca\/wp-json\/wp\/v2\/tags?post=173163"}],"curies":[{"name":"wp","href":"https:\/\/api.w.org\/{rel}","templated":true}]}}