{"id":173077,"date":"2022-11-25T12:50:00","date_gmt":"2022-11-25T10:50:00","guid":{"rendered":"https:\/\/www.tucomarca.com\/wordpress\/segunda\/?p=173077"},"modified":"2022-11-25T21:04:09","modified_gmt":"2022-11-25T19:04:09","slug":"xest-es-manifesta-en-contra-de-la-violencia-cap-a-les-dones","status":"publish","type":"post","link":"https:\/\/tucomarca.whitekongsoftware.com\/ca\/xest-es-manifesta-en-contra-de-la-violencia-cap-a-les-dones\/","title":{"rendered":"Xest es manifesta en contra de la viol\u00e8ncia cap a les dones"},"content":{"rendered":"\n<p class=\"wp-block-paragraph\">Aquest mat\u00ed la regidoria d&#8217;Igualtat de l&#8217;Ajuntament de Xest ha iniciat una acci\u00f3 de sensibilitzaci\u00f3 i conscienciaci\u00f3 social amb motiu de la celebraci\u00f3 del Dia Internacional de l&#8217;Eliminaci\u00f3 de la Viol\u00e8ncia contra les Dones. Amb aquesta acci\u00f3, mitjan\u00e7ant missatges instal\u00b7lats en diferents en edificis p\u00fablics i mobiliari urb\u00e0, es pret\u00e9n visibilitzar la problem\u00e0tica social existent i conscienciar a la poblaci\u00f3 sobre la necessitat d&#8217;aconseguir una societat lliure de viol\u00e8ncia de g\u00e8nere. A m\u00e9s, la pla\u00e7a Doctor Cajal alberga hui una instal\u00b7laci\u00f3 en mem\u00f2ria de les v\u00edctimes d&#8217;aquest any 2022.<\/p>\n\n\n\n<figure class=\"wp-block-gallery has-nested-images columns-default is-cropped wp-block-gallery-1 is-layout-flex wp-block-gallery-is-layout-flex\">\n<figure class=\"wp-block-image size-large\"><img loading=\"lazy\" decoding=\"async\" width=\"1181\" height=\"950\" data-id=\"173070\" src=\"http:\/\/www.tucomarca.com\/wordpress\/segunda\/wp-content\/uploads\/2022\/11\/cheste_25N_8.jpg\" alt=\"\" class=\"wp-image-173070\" srcset=\"https:\/\/tucomarca.whitekongsoftware.com\/wp-content\/uploads\/2022\/11\/cheste_25N_8.jpg 1181w, https:\/\/tucomarca.whitekongsoftware.com\/wp-content\/uploads\/2022\/11\/cheste_25N_8-300x241.jpg 300w, https:\/\/tucomarca.whitekongsoftware.com\/wp-content\/uploads\/2022\/11\/cheste_25N_8-1024x824.jpg 1024w, https:\/\/tucomarca.whitekongsoftware.com\/wp-content\/uploads\/2022\/11\/cheste_25N_8-768x618.jpg 768w\" sizes=\"auto, (max-width: 1181px) 100vw, 1181px\" \/><\/figure>\n\n\n\n<figure class=\"wp-block-image size-large\"><img loading=\"lazy\" decoding=\"async\" width=\"886\" height=\"591\" data-id=\"173068\" src=\"http:\/\/www.tucomarca.com\/wordpress\/segunda\/wp-content\/uploads\/2022\/11\/Cheste_25N_10.jpg\" alt=\"\" class=\"wp-image-173068\" srcset=\"https:\/\/tucomarca.whitekongsoftware.com\/wp-content\/uploads\/2022\/11\/Cheste_25N_10.jpg 886w, https:\/\/tucomarca.whitekongsoftware.com\/wp-content\/uploads\/2022\/11\/Cheste_25N_10-300x200.jpg 300w, https:\/\/tucomarca.whitekongsoftware.com\/wp-content\/uploads\/2022\/11\/Cheste_25N_10-768x512.jpg 768w\" sizes=\"auto, (max-width: 886px) 100vw, 886px\" \/><\/figure>\n\n\n\n<figure class=\"wp-block-image size-large\"><img loading=\"lazy\" decoding=\"async\" width=\"886\" height=\"591\" data-id=\"173066\" src=\"http:\/\/www.tucomarca.com\/wordpress\/segunda\/wp-content\/uploads\/2022\/11\/Cheste_25N_5.jpg\" alt=\"\" class=\"wp-image-173066\" srcset=\"https:\/\/tucomarca.whitekongsoftware.com\/wp-content\/uploads\/2022\/11\/Cheste_25N_5.jpg 886w, https:\/\/tucomarca.whitekongsoftware.com\/wp-content\/uploads\/2022\/11\/Cheste_25N_5-300x200.jpg 300w, https:\/\/tucomarca.whitekongsoftware.com\/wp-content\/uploads\/2022\/11\/Cheste_25N_5-768x512.jpg 768w\" sizes=\"auto, (max-width: 886px) 100vw, 886px\" \/><\/figure>\n\n\n\n<figure class=\"wp-block-image size-large\"><img loading=\"lazy\" decoding=\"async\" width=\"886\" height=\"591\" data-id=\"173074\" src=\"http:\/\/www.tucomarca.com\/wordpress\/segunda\/wp-content\/uploads\/2022\/11\/Cheste_25N_2.jpg\" alt=\"\" class=\"wp-image-173074\" srcset=\"https:\/\/tucomarca.whitekongsoftware.com\/wp-content\/uploads\/2022\/11\/Cheste_25N_2.jpg 886w, https:\/\/tucomarca.whitekongsoftware.com\/wp-content\/uploads\/2022\/11\/Cheste_25N_2-300x200.jpg 300w, https:\/\/tucomarca.whitekongsoftware.com\/wp-content\/uploads\/2022\/11\/Cheste_25N_2-768x512.jpg 768w\" sizes=\"auto, (max-width: 886px) 100vw, 886px\" \/><\/figure>\n\n\n\n<figure class=\"wp-block-image size-large\"><img loading=\"lazy\" decoding=\"async\" width=\"886\" height=\"591\" data-id=\"173072\" src=\"http:\/\/www.tucomarca.com\/wordpress\/segunda\/wp-content\/uploads\/2022\/11\/Cheste_25N_3.jpg\" alt=\"\" class=\"wp-image-173072\" srcset=\"https:\/\/tucomarca.whitekongsoftware.com\/wp-content\/uploads\/2022\/11\/Cheste_25N_3.jpg 886w, https:\/\/tucomarca.whitekongsoftware.com\/wp-content\/uploads\/2022\/11\/Cheste_25N_3-300x200.jpg 300w, https:\/\/tucomarca.whitekongsoftware.com\/wp-content\/uploads\/2022\/11\/Cheste_25N_3-768x512.jpg 768w\" sizes=\"auto, (max-width: 886px) 100vw, 886px\" \/><\/figure>\n<\/figure>\n\n\n\n<p class=\"wp-block-paragraph\"><strong>Lectura de manifest<\/strong><\/p>\n\n\n\n<p class=\"wp-block-paragraph\">Com cada 25 de novembre, desenes de ve\u00efns i ve\u00efnes de Xest s&#8217;han congregat en la pla\u00e7a Doctor Cajal per a donar suport a la lectura del Manifest Contra la Viol\u00e8ncia cap a les Dones, que ha llegit el regidor d&#8217;Igualtat, Ra\u00fal Mota, en nom de l&#8217;Ajuntament. Tot seguit s&#8217;ha dedicat un minut de silenci a les v\u00edctimes.<\/p>\n\n\n\n<p class=\"wp-block-paragraph\">\u201cCal redoblar els esfor\u00e7os perqu\u00e8 enfrontar la viol\u00e8ncia contra les dones passe a ser una prioritat en les mesures de recuperaci\u00f3 i resposta a aquesta pand\u00e8mia i a la crisi inflacionista que vivim. La viol\u00e8ncia contra dones i xiquetes \u00e9s una de les violacions dels Drets Humans m\u00e9s esteses, persistents i devastadores del m\u00f3n actual sobre la qual a penes s&#8217;informa, a causa de la impunitat de la qual gaudeixen els perpetradors, i al silenci, l&#8217;estigmatitzaci\u00f3 i la vergonya que pateixen les v\u00edctimes\u201d, manifestava el regidor. \u201cUn any m\u00e9s, des d&#8217;aquest Ajuntament ens unim a aquesta commemoraci\u00f3 contra la viol\u00e8ncia de g\u00e8nere, mostrant la nostra solidaritat amb totes les v\u00edctimes. Compartim el seu dolor i combatem la seua causa i la de les seues fam\u00edlies\u201d.<\/p>\n\n\n\n<p class=\"wp-block-paragraph\"><strong>25N \u00b7 Dia Internacional de l&#8217;Eliminaci\u00f3 de la Viol\u00e8ncia Contra la Dona<\/strong><\/p>\n\n\n\n<p class=\"wp-block-paragraph\">Fa 22 anys que l&#8217;Assemblea General de l&#8217;ONU va designar el 25 de novembre com el Dia Internacional de l&#8217;Eliminaci\u00f3 de la Viol\u00e8ncia contra la Dona, convidant a governs, organitzacions internacionals i a ONGs a prendre cartes en l&#8217;assumpte, i impulsant activitats que eleven la consci\u00e8ncia p\u00fablica referent a aix\u00f2. No obstant aix\u00f2, els casos continuen succeint-se i en aquest 2022, Espanya suma 38 v\u00edctimes de viol\u00e8ncia de g\u00e8nere i 20 menors en situaci\u00f3 d&#8217;orfandat a causa d&#8217;aquests crims. \u201cLa Viol\u00e8ncia Masclista \u00e9s la pand\u00e8mia en l&#8217;ombra que creix enmig de la crisi sanit\u00e0ria, econ\u00f2mica i social i necessitem un esfor\u00e7 col\u00b7lectiu general per a detindre-la\u201d, ha declarat Mota.<\/p>\n","protected":false},"excerpt":{"rendered":"<div class=\"mh-excerpt\">Aquest mat\u00ed la regidoria d&#8217;Igualtat de l&#8217;Ajuntament de Xest ha iniciat una acci\u00f3 de sensibilitzaci\u00f3 i conscienciaci\u00f3 social amb motiu de la celebraci\u00f3 del Dia Internacional de l&#8217;Eliminaci\u00f3 de la Viol\u00e8ncia contra les Dones. Amb <a class=\"mh-excerpt-more\" href=\"https:\/\/tucomarca.whitekongsoftware.com\/ca\/xest-es-manifesta-en-contra-de-la-violencia-cap-a-les-dones\/\" title=\"Xest es manifesta en contra de la viol\u00e8ncia cap a les dones\">[+] <\/a><\/div>\n","protected":false},"author":12,"featured_media":173065,"comment_status":"open","ping_status":"open","sticky":false,"template":"","format":"gallery","meta":{"footnotes":""},"categories":[10898,10948,10894,10912,11004,10947,10896,10974],"tags":[13087,11071,15900,10914],"class_list":["post-173077","post","type-post","status-publish","format-gallery","has-post-thumbnail","category-ventana-ca","category-infraestructuras-ca","category-la-comarca-ca","category-la-hoya-ca","category-la-semana-en-imagenes-ca","category-politica","category-seccion-ca","category-cheste-ca","tag-25n-ca","tag-cheste","tag-dia-internacional-contra-la-violencia-de-genero-ca","tag-la-hoya-de-bunol-chiva-ca","post_format-post-format-gallery"],"_links":{"self":[{"href":"https:\/\/tucomarca.whitekongsoftware.com\/ca\/wp-json\/wp\/v2\/posts\/173077","targetHints":{"allow":["GET"]}}],"collection":[{"href":"https:\/\/tucomarca.whitekongsoftware.com\/ca\/wp-json\/wp\/v2\/posts"}],"about":[{"href":"https:\/\/tucomarca.whitekongsoftware.com\/ca\/wp-json\/wp\/v2\/types\/post"}],"author":[{"embeddable":true,"href":"https:\/\/tucomarca.whitekongsoftware.com\/ca\/wp-json\/wp\/v2\/users\/12"}],"replies":[{"embeddable":true,"href":"https:\/\/tucomarca.whitekongsoftware.com\/ca\/wp-json\/wp\/v2\/comments?post=173077"}],"version-history":[{"count":0,"href":"https:\/\/tucomarca.whitekongsoftware.com\/ca\/wp-json\/wp\/v2\/posts\/173077\/revisions"}],"wp:featuredmedia":[{"embeddable":true,"href":"https:\/\/tucomarca.whitekongsoftware.com\/ca\/wp-json\/wp\/v2\/media\/173065"}],"wp:attachment":[{"href":"https:\/\/tucomarca.whitekongsoftware.com\/ca\/wp-json\/wp\/v2\/media?parent=173077"}],"wp:term":[{"taxonomy":"category","embeddable":true,"href":"https:\/\/tucomarca.whitekongsoftware.com\/ca\/wp-json\/wp\/v2\/categories?post=173077"},{"taxonomy":"post_tag","embeddable":true,"href":"https:\/\/tucomarca.whitekongsoftware.com\/ca\/wp-json\/wp\/v2\/tags?post=173077"}],"curies":[{"name":"wp","href":"https:\/\/api.w.org\/{rel}","templated":true}]}}