{"id":173056,"date":"2022-11-25T12:55:00","date_gmt":"2022-11-25T10:55:00","guid":{"rendered":"https:\/\/www.tucomarca.com\/wordpress\/segunda\/?p=173056"},"modified":"2022-11-25T20:24:38","modified_gmt":"2022-11-25T18:24:38","slug":"benaguasil-es-manifesta-contra-la-violencia-de-genere","status":"publish","type":"post","link":"https:\/\/tucomarca.whitekongsoftware.com\/ca\/benaguasil-es-manifesta-contra-la-violencia-de-genere\/","title":{"rendered":"Benaguasil es manifesta contra la viol\u00e8ncia de g\u00e8nere"},"content":{"rendered":"\n<h4 class=\"wp-block-heading\">S&#8217;ha llegit un manifest i s&#8217;han realitzat diverses activitats per a recordar a les v\u00edctimes d&#8217;aquesta xacra social<\/h4>\n\n\n\n<p class=\"wp-block-paragraph\">Hui, 25 de novembre, se celebra el &#8220;Dia Internacional per a l&#8217;Eliminaci\u00f3 de la Viol\u00e8ncia cap a les Dones&#8221; i l&#8217;Ajuntament de Benaguasil, a trav\u00e9s de l&#8217;\u00e0rea d&#8217;Igualtat, ha preparat una s\u00e8rie d&#8217;activitats de conscienciaci\u00f3 i sensibilitzaci\u00f3 entorn d&#8217;aquest dia.<\/p>\n\n\n\n<p class=\"wp-block-paragraph\"><\/p>\n\n\n\n<figure class=\"wp-block-image size-large is-resized\"><img loading=\"lazy\" decoding=\"async\" src=\"http:\/\/www.tucomarca.com\/wordpress\/segunda\/wp-content\/uploads\/2022\/11\/Benaguasilmanifiesto-1024x768.jpg\" alt=\"\" class=\"wp-image-173051\" width=\"759\" height=\"569\" srcset=\"https:\/\/tucomarca.whitekongsoftware.com\/wp-content\/uploads\/2022\/11\/Benaguasilmanifiesto-1024x768.jpg 1024w, https:\/\/tucomarca.whitekongsoftware.com\/wp-content\/uploads\/2022\/11\/Benaguasilmanifiesto-300x225.jpg 300w, https:\/\/tucomarca.whitekongsoftware.com\/wp-content\/uploads\/2022\/11\/Benaguasilmanifiesto-768x576.jpg 768w, https:\/\/tucomarca.whitekongsoftware.com\/wp-content\/uploads\/2022\/11\/Benaguasilmanifiesto-678x509.jpg 678w, https:\/\/tucomarca.whitekongsoftware.com\/wp-content\/uploads\/2022\/11\/Benaguasilmanifiesto-326x245.jpg 326w, https:\/\/tucomarca.whitekongsoftware.com\/wp-content\/uploads\/2022\/11\/Benaguasilmanifiesto-80x60.jpg 80w, https:\/\/tucomarca.whitekongsoftware.com\/wp-content\/uploads\/2022\/11\/Benaguasilmanifiesto.jpg 1181w\" sizes=\"auto, (max-width: 759px) 100vw, 759px\" \/><\/figure>\n\n\n\n<p class=\"wp-block-paragraph\">La jornada comen\u00e7ava amb una activitat col\u00b7lectiva que ha contacte amb la participaci\u00f3 de nombrosos ve\u00efns i ve\u00efnes que, a trav\u00e9s del ball han expressat el seu rebuig a qualsevol tipus de viol\u00e8ncia masclista. L&#8217;activitat ha comptat amb la col\u00b7laboraci\u00f3 del professor de ball Emilio, i del seu grup d&#8217;alumnes del ball en l\u00ednia que tots els divendres organitza l&#8217;Ajuntament.<br>A continuaci\u00f3 s&#8217;ha realitzat una marxa pels carrers del municipi per a conscienciar a la poblaci\u00f3 i involucrar a tots i totes en contra de la viol\u00e8ncia de g\u00e8nere i visibilitzar el problema que encara suposa en la nostra societat la viol\u00e8ncia contra les dones. La marxa ha estat encap\u00e7alada per la regidor d&#8217;Igualtat, Alicia Molina, que amb la seua pres\u00e8ncia ha volgut deixar const\u00e0ncia de \u201cel nostre rebuig cap a aquesta xacra social i fer una crida a tota la societat, sol\u00b7licitant la seua implicaci\u00f3 en aquesta lluita que \u00e9s de tots\u201d.<br>La caminada ha finalitzat a les portes de l&#8217;Ajuntament on Alicia Molina, ha llegit un manifest en suport de totes les dones que pateixen aquest tipus de viol\u00e8ncia. L&#8217;edil ha assenyalat que \u201cBenaguasil un any m\u00e9s se suma a la lluita contra aquesta xacra, que ha provocat en el que va d&#8217;any l&#8217;assassinat de 38 dones, declarant la seua \u201cNo\u201d rotund davant qualsevol manifestaci\u00f3 de viol\u00e8ncia cap a les dones i el m\u00e9s absolut rebuig cap als qui l&#8217;exerceixen o silencien.<br>Al llarg de tota la jornada s&#8217;han repartit samarretes i lla\u00e7os morats com a s\u00edmbol de la lluita contra la viol\u00e8ncia de g\u00e8nere.&nbsp;<br>A m\u00e9s d&#8217;aquestes activitats en les \u00faltimes setmanes s&#8217;ha dut a terme la iniciativa municipal \u201cConstruint Igualtat\u201d amb l&#8217;objectiu d&#8217;informar el ve\u00efnat sobre les diferents manifestacions de la viol\u00e8ncia de g\u00e8nere, atorgant-li els recursos i eines necess\u00e0ries per a fer-los front.&nbsp;<\/p>\n\n\n\n<p class=\"wp-block-paragraph\">Els actes programats finalitzaran el dia 29 amb una xarrada col\u00b7loqui en el Espai de la Dona sobre la viol\u00e8ncia contra les dones.<\/p>\n","protected":false},"excerpt":{"rendered":"<div class=\"mh-excerpt\">S&#8217;ha llegit un manifest i s&#8217;han realitzat diverses activitats per a recordar a les v\u00edctimes d&#8217;aquesta xacra social Hui, 25 de novembre, se celebra el &#8220;Dia Internacional per a l&#8217;Eliminaci\u00f3 de la Viol\u00e8ncia cap a <a class=\"mh-excerpt-more\" href=\"https:\/\/tucomarca.whitekongsoftware.com\/ca\/benaguasil-es-manifesta-contra-la-violencia-de-genere\/\" title=\"Benaguasil es manifesta contra la viol\u00e8ncia de g\u00e8nere\">[+] <\/a><\/div>\n","protected":false},"author":12,"featured_media":173054,"comment_status":"open","ping_status":"open","sticky":false,"template":"","format":"gallery","meta":{"footnotes":""},"categories":[10952,10892,10898,10948,10894,11004,10896],"tags":[13087,11136,10899,15900],"class_list":["post-173056","post","type-post","status-publish","format-gallery","has-post-thumbnail","category-benaguasil-ca","category-camp-de-turia-ca","category-ventana-ca","category-infraestructuras-ca","category-la-comarca-ca","category-la-semana-en-imagenes-ca","category-seccion-ca","tag-25n-ca","tag-benaguasil-ca","tag-camp-de-turia-ca","tag-dia-internacional-contra-la-violencia-de-genero-ca","post_format-post-format-gallery"],"_links":{"self":[{"href":"https:\/\/tucomarca.whitekongsoftware.com\/ca\/wp-json\/wp\/v2\/posts\/173056","targetHints":{"allow":["GET"]}}],"collection":[{"href":"https:\/\/tucomarca.whitekongsoftware.com\/ca\/wp-json\/wp\/v2\/posts"}],"about":[{"href":"https:\/\/tucomarca.whitekongsoftware.com\/ca\/wp-json\/wp\/v2\/types\/post"}],"author":[{"embeddable":true,"href":"https:\/\/tucomarca.whitekongsoftware.com\/ca\/wp-json\/wp\/v2\/users\/12"}],"replies":[{"embeddable":true,"href":"https:\/\/tucomarca.whitekongsoftware.com\/ca\/wp-json\/wp\/v2\/comments?post=173056"}],"version-history":[{"count":0,"href":"https:\/\/tucomarca.whitekongsoftware.com\/ca\/wp-json\/wp\/v2\/posts\/173056\/revisions"}],"wp:featuredmedia":[{"embeddable":true,"href":"https:\/\/tucomarca.whitekongsoftware.com\/ca\/wp-json\/wp\/v2\/media\/173054"}],"wp:attachment":[{"href":"https:\/\/tucomarca.whitekongsoftware.com\/ca\/wp-json\/wp\/v2\/media?parent=173056"}],"wp:term":[{"taxonomy":"category","embeddable":true,"href":"https:\/\/tucomarca.whitekongsoftware.com\/ca\/wp-json\/wp\/v2\/categories?post=173056"},{"taxonomy":"post_tag","embeddable":true,"href":"https:\/\/tucomarca.whitekongsoftware.com\/ca\/wp-json\/wp\/v2\/tags?post=173056"}],"curies":[{"name":"wp","href":"https:\/\/api.w.org\/{rel}","templated":true}]}}