{"id":172971,"date":"2022-11-25T12:00:00","date_gmt":"2022-11-25T10:00:00","guid":{"rendered":"https:\/\/www.tucomarca.com\/wordpress\/segunda\/?p=172971"},"modified":"2022-11-25T14:11:56","modified_gmt":"2022-11-25T12:11:56","slug":"sanitat-licita-per-quasi-335-000-euros-la-redaccio-dels-projectes-i-la-direccio-de-les-obres-de-reforma-i-ampliacio-del-centre-sanitari-integrat-de-bunyol","status":"publish","type":"post","link":"https:\/\/tucomarca.whitekongsoftware.com\/ca\/sanitat-licita-per-quasi-335-000-euros-la-redaccio-dels-projectes-i-la-direccio-de-les-obres-de-reforma-i-ampliacio-del-centre-sanitari-integrat-de-bunyol\/","title":{"rendered":"Sanitat licita per quasi 335.000 euros la redacci\u00f3 dels projectes i la direcci\u00f3 de les obres de reforma i ampliaci\u00f3 del centre sanitari integrat de Bunyol"},"content":{"rendered":"\n<h4 class=\"wp-block-heading\">Els nous espais albergaran dues noves consultes m\u00e8diques i cinc m\u00e9s d&#8217;infermeria, un gimn\u00e0s m\u00e9s gran que l&#8217;actual, \u00c0rea de Treball Social, una ampliaci\u00f3 de la zona d&#8217;Extraccions i una consulta polivalent<br>L&#8217;edifici tindr\u00e0 un consum energ\u00e8tic quasi nul i oferir\u00e0 la m\u00e0xima flexibilitat per a adaptar els seus espais a futures necessitats<\/h4>\n\n\n\n<p class=\"wp-block-paragraph\">La Conselleria de Sanitat Universal Salut P\u00fablica publicar\u00e0 el dilluns en la Plataforma de Contractaci\u00f3 la licitaci\u00f3 de la redacci\u00f3 dels projectes i la direcci\u00f3 de les obres de reforma i ampliaci\u00f3 del centre sanitari integrat de Bunyol. L&#8217;import d&#8217;aquesta licitaci\u00f3 \u00e9s de 334.735,50 euros i el termini d&#8217;execuci\u00f3 total de l&#8217;obra s&#8217;estima en 14 mesos.<\/p>\n\n\n\n<p class=\"wp-block-paragraph\">L&#8217;edifici d&#8217;ampliaci\u00f3 se situar\u00e0 en la parcel\u00b7la situada en l&#8217;Avinguda Rafael Ridaura n\u00famero 17, el mateix carrer on est\u00e0 radicat ara el Centre Sanitari Integrat de Bunyol. En total, s&#8217;edificar\u00e0 sobre una superf\u00edcie de 12.402 metres quadrats. Aquesta parcel\u00b7la est\u00e0 ja cedida per a l&#8217;\u00fas sanitari.<\/p>\n\n\n\n<p class=\"wp-block-paragraph\">L&#8217;espai addicional servir\u00e0 per a implantar noves \u00e0rees sanit\u00e0ries aix\u00ed com per a reformar i optimitzar part de les existents. A m\u00e9s, l&#8217;edifici d&#8217;ampliaci\u00f3 es connectar\u00e0 amb el centre sanitari actual, de manera que complisca accessibilitat en la seua connexi\u00f3 i en totes les seues plantes.<\/p>\n\n\n\n<p class=\"wp-block-paragraph\">En concret, els nous espais albergaran una ampliaci\u00f3 de l&#8217;actual \u00c0rea de Medicina de Fam\u00edlia amb dues noves consultes m\u00e8diques i cinc m\u00e9s d&#8217;infermeria, una ampliaci\u00f3 de la Unitat de Rehabilitaci\u00f3 que contempla engrandir el gimn\u00e0s actual aix\u00ed com els vestuaris, obrir una \u00c0rea de Treball Social i fer m\u00e9s grans punt la zona d&#8217;Extraccions i Tractaments que funciona en l&#8217;actualitat com el \u00c1era d&#8217;Especialitats, on es preveu habilitar una nova consulta polivalent.<\/p>\n\n\n\n<p class=\"wp-block-paragraph\">Aix\u00ed mateix, es traslladaran a les noves instal\u00b7lacions l&#8217;actual Punt d&#8217;Atenci\u00f3 Continuada, l&#8217;\u00e0rea d&#8217;Atenci\u00f3 a la Dona i la Unitat de Salut Mental.<\/p>\n\n\n\n<p class=\"wp-block-paragraph\">La construcci\u00f3 tindr\u00e0 un consum energ\u00e8tic quasi nul, en l\u00ednia amb l&#8217;estrat\u00e8gia mediambiental i energ\u00e8tica de la Conselleria de Sanitat Universal i Salut P\u00fablica, que estableix que les intervencions sobre les infraestructures sanit\u00e0ries han de tindre present la minimitzaci\u00f3 dels seus efectes sobre el canvi clim\u00e0tic i el comprom\u00eds amb el desenvolupament sostenible i la millora de l&#8217;efici\u00e8ncia energ\u00e8tica.<\/p>\n\n\n\n<p class=\"wp-block-paragraph\">D&#8217;altra banda, l&#8217;edifici nou oferir\u00e0 la m\u00e0xima flexibilitat dels espais per a garantir l&#8217;adaptaci\u00f3 d&#8217;aquests a futures necessitats assistencials o canvis en el seu funcionament.<\/p>\n\n\n\n<p class=\"wp-block-paragraph\"><\/p>\n","protected":false},"excerpt":{"rendered":"<div class=\"mh-excerpt\">Els nous espais albergaran dues noves consultes m\u00e8diques i cinc m\u00e9s d&#8217;infermeria, un gimn\u00e0s m\u00e9s gran que l&#8217;actual, \u00c0rea de Treball Social, una ampliaci\u00f3 de la zona d&#8217;Extraccions i una consulta polivalentL&#8217;edifici tindr\u00e0 un consum <a class=\"mh-excerpt-more\" href=\"https:\/\/tucomarca.whitekongsoftware.com\/ca\/sanitat-licita-per-quasi-335-000-euros-la-redaccio-dels-projectes-i-la-direccio-de-les-obres-de-reforma-i-ampliacio-del-centre-sanitari-integrat-de-bunyol\/\" title=\"Sanitat licita per quasi 335.000 euros la redacci\u00f3 dels projectes i la direcci\u00f3 de les obres de reforma i ampliaci\u00f3 del centre sanitari integrat de Bunyol\">[+] <\/a><\/div>\n","protected":false},"author":12,"featured_media":101240,"comment_status":"open","ping_status":"open","sticky":false,"template":"","format":"standard","meta":{"footnotes":""},"categories":[10911,11010,10898,10948,10894,10912,10947,10896],"tags":[10913,14623,12165,10914],"class_list":["post-172971","post","type-post","status-publish","format-standard","has-post-thumbnail","category-bunol-ca","category-canal-salud","category-ventana-ca","category-infraestructuras-ca","category-la-comarca-ca","category-la-hoya-ca","category-politica","category-seccion-ca","tag-bunol-ca","tag-centro-sanitario-integrado-ca","tag-conselleria-de-sanitat-ca","tag-la-hoya-de-bunol-chiva-ca"],"_links":{"self":[{"href":"https:\/\/tucomarca.whitekongsoftware.com\/ca\/wp-json\/wp\/v2\/posts\/172971","targetHints":{"allow":["GET"]}}],"collection":[{"href":"https:\/\/tucomarca.whitekongsoftware.com\/ca\/wp-json\/wp\/v2\/posts"}],"about":[{"href":"https:\/\/tucomarca.whitekongsoftware.com\/ca\/wp-json\/wp\/v2\/types\/post"}],"author":[{"embeddable":true,"href":"https:\/\/tucomarca.whitekongsoftware.com\/ca\/wp-json\/wp\/v2\/users\/12"}],"replies":[{"embeddable":true,"href":"https:\/\/tucomarca.whitekongsoftware.com\/ca\/wp-json\/wp\/v2\/comments?post=172971"}],"version-history":[{"count":0,"href":"https:\/\/tucomarca.whitekongsoftware.com\/ca\/wp-json\/wp\/v2\/posts\/172971\/revisions"}],"wp:featuredmedia":[{"embeddable":true,"href":"https:\/\/tucomarca.whitekongsoftware.com\/ca\/wp-json\/wp\/v2\/media\/101240"}],"wp:attachment":[{"href":"https:\/\/tucomarca.whitekongsoftware.com\/ca\/wp-json\/wp\/v2\/media?parent=172971"}],"wp:term":[{"taxonomy":"category","embeddable":true,"href":"https:\/\/tucomarca.whitekongsoftware.com\/ca\/wp-json\/wp\/v2\/categories?post=172971"},{"taxonomy":"post_tag","embeddable":true,"href":"https:\/\/tucomarca.whitekongsoftware.com\/ca\/wp-json\/wp\/v2\/tags?post=172971"}],"curies":[{"name":"wp","href":"https:\/\/api.w.org\/{rel}","templated":true}]}}