{"id":172921,"date":"2022-11-25T08:00:00","date_gmt":"2022-11-25T06:00:00","guid":{"rendered":"https:\/\/www.tucomarca.com\/wordpress\/segunda\/?p=172921"},"modified":"2022-11-25T14:08:49","modified_gmt":"2022-11-25T12:08:49","slug":"cortes-de-pallas-acull-dos-trams-del-xxiii-rallye-ciutat-de-valencia-que-se-celebra-aquest-cap-de-setmana","status":"publish","type":"post","link":"https:\/\/tucomarca.whitekongsoftware.com\/ca\/cortes-de-pallas-acull-dos-trams-del-xxiii-rallye-ciutat-de-valencia-que-se-celebra-aquest-cap-de-setmana\/","title":{"rendered":"Cortes de Pall\u00e0s acull dos trams del XXIII Rallye Ciutat de Val\u00e8ncia que se celebra aquest cap de setmana"},"content":{"rendered":"\n<h4 class=\"wp-block-heading\">Els trams nous s\u00f3n Cortes de Pall\u00e1s-Castillo de&nbsp;Chirel,&nbsp;i Cortes de Pall\u00e1s-Venda Gaeta, respectivament<\/h4>\n\n\n\n<h4 class=\"wp-block-heading\">Setanta equips de diferents autonomies competeixen en el XXIII Rallye Ciutat de Val\u00e8ncia Memorial Javi Sanz<\/h4>\n\n\n\n<h4 class=\"wp-block-heading\">Alaqu\u00e0s acollir\u00e0 les verificacions i el lliurament de premis, en homenatge al seu mort pilot<\/h4>\n\n\n\n<p class=\"wp-block-paragraph\">XXIII Rallye Ciutat de Val\u00e8ncia introdueix novetats en les seues etapes, que seran dos nous trams que passaran per Cortes de Pall\u00e1s, durant el 25 i 26 de Novembre de 2022.<\/p>\n\n\n\n<p class=\"wp-block-paragraph\">El dissabte, 26 de novembre, el centre neur\u00e0lgic ser\u00e0 I\u00e0tova on estar\u00e0 tot el parc d&#8217;assist\u00e8ncies. El recorregut compta amb un total de deu trams cronometrats a disputar, amb cinc d&#8217;ells diferents. La prova t\u00e9 139 quil\u00f2metres cronometrats d&#8217;un total de 431 quil\u00f2metres. \u00c9s una competici\u00f3 molt m\u00e9s completa que l&#8217;any passat, ja que inclou dos trams nous a Cortes de Pall\u00e1s-Castillo de&nbsp;Chirel,&nbsp;i Cortes de Pall\u00e1s-Venda Gaeta, respectivament. Es comptar\u00e0 tamb\u00e9 dos controls de Macastre.<\/p>\n\n\n\n<p class=\"wp-block-paragraph\"><\/p>\n","protected":false},"excerpt":{"rendered":"<div class=\"mh-excerpt\">Els trams nous s\u00f3n Cortes de Pall\u00e1s-Castillo de&nbsp;Chirel,&nbsp;i Cortes de Pall\u00e1s-Venda Gaeta, respectivament Setanta equips de diferents autonomies competeixen en el XXIII Rallye Ciutat de Val\u00e8ncia Memorial Javi Sanz Alaqu\u00e0s acollir\u00e0 les verificacions i el <a class=\"mh-excerpt-more\" href=\"https:\/\/tucomarca.whitekongsoftware.com\/ca\/cortes-de-pallas-acull-dos-trams-del-xxiii-rallye-ciutat-de-valencia-que-se-celebra-aquest-cap-de-setmana\/\" title=\"Cortes de Pall\u00e0s acull dos trams del XXIII Rallye Ciutat de Val\u00e8ncia que se celebra aquest cap de setmana\">[+] <\/a><\/div>\n","protected":false},"author":12,"featured_media":104779,"comment_status":"open","ping_status":"open","sticky":false,"template":"","format":"standard","meta":{"footnotes":""},"categories":[10951,11017,10953,11003,10980,10894,10912,10978,10896],"tags":[11216,11230,10914],"class_list":["post-172921","post","type-post","status-publish","format-standard","has-post-thumbnail","category-ayora-cofrentes-ca","category-automovilismo-ca","category-cortes-de-pallas-ca","category-sports","category-yatova-ca","category-la-comarca-ca","category-la-hoya-ca","category-macastre-ca","category-seccion-ca","tag-ayora-cofrentes-ca","tag-cortes-de-pallas-ca","tag-la-hoya-de-bunol-chiva-ca"],"_links":{"self":[{"href":"https:\/\/tucomarca.whitekongsoftware.com\/ca\/wp-json\/wp\/v2\/posts\/172921","targetHints":{"allow":["GET"]}}],"collection":[{"href":"https:\/\/tucomarca.whitekongsoftware.com\/ca\/wp-json\/wp\/v2\/posts"}],"about":[{"href":"https:\/\/tucomarca.whitekongsoftware.com\/ca\/wp-json\/wp\/v2\/types\/post"}],"author":[{"embeddable":true,"href":"https:\/\/tucomarca.whitekongsoftware.com\/ca\/wp-json\/wp\/v2\/users\/12"}],"replies":[{"embeddable":true,"href":"https:\/\/tucomarca.whitekongsoftware.com\/ca\/wp-json\/wp\/v2\/comments?post=172921"}],"version-history":[{"count":0,"href":"https:\/\/tucomarca.whitekongsoftware.com\/ca\/wp-json\/wp\/v2\/posts\/172921\/revisions"}],"wp:featuredmedia":[{"embeddable":true,"href":"https:\/\/tucomarca.whitekongsoftware.com\/ca\/wp-json\/wp\/v2\/media\/104779"}],"wp:attachment":[{"href":"https:\/\/tucomarca.whitekongsoftware.com\/ca\/wp-json\/wp\/v2\/media?parent=172921"}],"wp:term":[{"taxonomy":"category","embeddable":true,"href":"https:\/\/tucomarca.whitekongsoftware.com\/ca\/wp-json\/wp\/v2\/categories?post=172921"},{"taxonomy":"post_tag","embeddable":true,"href":"https:\/\/tucomarca.whitekongsoftware.com\/ca\/wp-json\/wp\/v2\/tags?post=172921"}],"curies":[{"name":"wp","href":"https:\/\/api.w.org\/{rel}","templated":true}]}}