{"id":172898,"date":"2022-11-24T09:09:00","date_gmt":"2022-11-24T07:09:00","guid":{"rendered":"https:\/\/www.tucomarca.com\/wordpress\/segunda\/?p=172898"},"modified":"2022-11-24T12:10:30","modified_gmt":"2022-11-24T10:10:30","slug":"deu-joves-musics-sincorporen-a-la-sm-lartistica-de-bunyol-en-el-concert-de-santa-cecilia","status":"publish","type":"post","link":"https:\/\/tucomarca.whitekongsoftware.com\/ca\/deu-joves-musics-sincorporen-a-la-sm-lartistica-de-bunyol-en-el-concert-de-santa-cecilia\/","title":{"rendered":"Deu joves m\u00fasics s&#8217;incorporen a la SM \u201cL&#8217;Art\u00edstica\u201d de Bunyol en el concert de Santa Cecilia"},"content":{"rendered":"\n<p class=\"wp-block-paragraph\">El Concert de Santa Cecilia \u00e9s un dels m\u00e9s esperats de l&#8217;any ja que significa el comen\u00e7ament d&#8217;una nova etapa per als joves m\u00fasics que s&#8217;incorporen a la \u201cbanda gran\u201d plens d&#8217;il\u00b7lusi\u00f3. Despr\u00e9s d&#8217;anys d&#8217;aprenentatge i estudi, recullen els fruits de l&#8217;esfor\u00e7 i la dedicaci\u00f3 formant part de la Banda Simf\u00f2nica, eix vertebrador de la Societat Musical &#8220;L&#8217;Art\u00edstica&#8221;. Enguany, deu joves s&#8217;han incorporat a la Banda:<\/p>\n\n\n\n<ul class=\"wp-block-list\"><li>Aitor Barbancho Pall\u00e1s &#8211; Tromb\u00f3n&nbsp;<\/li><li>Pablo L\u00f3pez Alabau &#8211; Saxof\u00f3n&nbsp;<\/li><li>Ana Garrigues Gin\u00e9s &#8211; Clarinete<\/li><li>Guillermo Mart\u00ednez Ballester &#8211; Trompeta<\/li><li>Andrea Mart\u00ednez Ballester &#8211; Oboe<\/li><li>Jason S\u00e1ez Murillo &#8211; Violoncello<\/li><li>Carmen Ruiz \u00c1lvarez &#8211; Percusi\u00f3n&nbsp;<\/li><li>Amanda Sebasti\u00e1n Espert &#8211; Trompeta<\/li><li>Daniela Vidal Ponce &#8211; Flauta&nbsp;<\/li><\/ul>\n\n\n\n<p class=\"wp-block-paragraph\">Com cada any, la societat va celebrar la seua tradicional missa en honor a Santa Cecilia en la Parr\u00f2quia de Sant Pere Ap\u00f3stol, cantada pel Cor OrFeos, a la qual van assistir la Reina Infantil del Mant\u00f3, Andrea Tar\u00edn Clemente, i la Representant de la Societat, Altea Atienza L\u00f3pez, la Comissi\u00f3 de la Festa del Mant\u00f3 i socis i simpatitzants dels Lletjos.<\/p>\n\n\n\n<p class=\"wp-block-paragraph\">Despr\u00e9s de la missa, va comen\u00e7ar la cercavila des de Rosers fins al Teatre Montecarlo, amb la m\u00fasica de la Banda Juvenil, dirigits per David Tar\u00edn D\u00edaz.<\/p>\n\n\n\n<p class=\"wp-block-paragraph\">Una vegada en Montecarlo es va oferir un vi d&#8217;honor a m\u00fasics, socis i simpatitzants.<\/p>\n\n\n\n<figure class=\"wp-block-gallery has-nested-images columns-default is-cropped wp-block-gallery-1 is-layout-flex wp-block-gallery-is-layout-flex\">\n<figure class=\"wp-block-image size-large\"><img loading=\"lazy\" decoding=\"async\" width=\"1600\" height=\"902\" data-id=\"172889\" src=\"http:\/\/www.tucomarca.com\/wordpress\/segunda\/wp-content\/uploads\/2022\/11\/MisaSantaCeciliaFeos02.jpg\" alt=\"\" class=\"wp-image-172889\" srcset=\"https:\/\/tucomarca.whitekongsoftware.com\/wp-content\/uploads\/2022\/11\/MisaSantaCeciliaFeos02.jpg 1600w, https:\/\/tucomarca.whitekongsoftware.com\/wp-content\/uploads\/2022\/11\/MisaSantaCeciliaFeos02-300x169.jpg 300w, https:\/\/tucomarca.whitekongsoftware.com\/wp-content\/uploads\/2022\/11\/MisaSantaCeciliaFeos02-1024x577.jpg 1024w, https:\/\/tucomarca.whitekongsoftware.com\/wp-content\/uploads\/2022\/11\/MisaSantaCeciliaFeos02-768x433.jpg 768w, https:\/\/tucomarca.whitekongsoftware.com\/wp-content\/uploads\/2022\/11\/MisaSantaCeciliaFeos02-1536x866.jpg 1536w, https:\/\/tucomarca.whitekongsoftware.com\/wp-content\/uploads\/2022\/11\/MisaSantaCeciliaFeos02-678x381.jpg 678w\" sizes=\"auto, (max-width: 1600px) 100vw, 1600px\" \/><\/figure>\n\n\n\n<figure class=\"wp-block-image size-large\"><img loading=\"lazy\" decoding=\"async\" width=\"1600\" height=\"902\" data-id=\"172887\" src=\"http:\/\/www.tucomarca.com\/wordpress\/segunda\/wp-content\/uploads\/2022\/11\/MisaSantaCeciliaFeos01.jpg\" alt=\"\" class=\"wp-image-172887\" srcset=\"https:\/\/tucomarca.whitekongsoftware.com\/wp-content\/uploads\/2022\/11\/MisaSantaCeciliaFeos01.jpg 1600w, https:\/\/tucomarca.whitekongsoftware.com\/wp-content\/uploads\/2022\/11\/MisaSantaCeciliaFeos01-300x169.jpg 300w, https:\/\/tucomarca.whitekongsoftware.com\/wp-content\/uploads\/2022\/11\/MisaSantaCeciliaFeos01-1024x577.jpg 1024w, https:\/\/tucomarca.whitekongsoftware.com\/wp-content\/uploads\/2022\/11\/MisaSantaCeciliaFeos01-768x433.jpg 768w, https:\/\/tucomarca.whitekongsoftware.com\/wp-content\/uploads\/2022\/11\/MisaSantaCeciliaFeos01-1536x866.jpg 1536w, https:\/\/tucomarca.whitekongsoftware.com\/wp-content\/uploads\/2022\/11\/MisaSantaCeciliaFeos01-678x381.jpg 678w\" sizes=\"auto, (max-width: 1600px) 100vw, 1600px\" \/><\/figure>\n\n\n\n<figure class=\"wp-block-image size-large\"><img loading=\"lazy\" decoding=\"async\" width=\"2048\" height=\"1480\" data-id=\"172895\" src=\"http:\/\/www.tucomarca.com\/wordpress\/segunda\/wp-content\/uploads\/2022\/11\/MisaSantaCeciliaFeos03.jpg\" alt=\"\" class=\"wp-image-172895\" srcset=\"https:\/\/tucomarca.whitekongsoftware.com\/wp-content\/uploads\/2022\/11\/MisaSantaCeciliaFeos03.jpg 2048w, https:\/\/tucomarca.whitekongsoftware.com\/wp-content\/uploads\/2022\/11\/MisaSantaCeciliaFeos03-300x217.jpg 300w, https:\/\/tucomarca.whitekongsoftware.com\/wp-content\/uploads\/2022\/11\/MisaSantaCeciliaFeos03-1024x740.jpg 1024w, https:\/\/tucomarca.whitekongsoftware.com\/wp-content\/uploads\/2022\/11\/MisaSantaCeciliaFeos03-768x555.jpg 768w, https:\/\/tucomarca.whitekongsoftware.com\/wp-content\/uploads\/2022\/11\/MisaSantaCeciliaFeos03-1536x1110.jpg 1536w\" sizes=\"auto, (max-width: 2048px) 100vw, 2048px\" \/><\/figure>\n\n\n\n<figure class=\"wp-block-image size-large\"><img loading=\"lazy\" decoding=\"async\" width=\"1600\" height=\"902\" data-id=\"172891\" src=\"http:\/\/www.tucomarca.com\/wordpress\/segunda\/wp-content\/uploads\/2022\/11\/MisaSantaCeciliaFeos04.jpg\" alt=\"\" class=\"wp-image-172891\" srcset=\"https:\/\/tucomarca.whitekongsoftware.com\/wp-content\/uploads\/2022\/11\/MisaSantaCeciliaFeos04.jpg 1600w, https:\/\/tucomarca.whitekongsoftware.com\/wp-content\/uploads\/2022\/11\/MisaSantaCeciliaFeos04-300x169.jpg 300w, https:\/\/tucomarca.whitekongsoftware.com\/wp-content\/uploads\/2022\/11\/MisaSantaCeciliaFeos04-1024x577.jpg 1024w, https:\/\/tucomarca.whitekongsoftware.com\/wp-content\/uploads\/2022\/11\/MisaSantaCeciliaFeos04-768x433.jpg 768w, https:\/\/tucomarca.whitekongsoftware.com\/wp-content\/uploads\/2022\/11\/MisaSantaCeciliaFeos04-1536x866.jpg 1536w, https:\/\/tucomarca.whitekongsoftware.com\/wp-content\/uploads\/2022\/11\/MisaSantaCeciliaFeos04-678x381.jpg 678w\" sizes=\"auto, (max-width: 1600px) 100vw, 1600px\" \/><\/figure>\n\n\n\n<figure class=\"wp-block-image size-large\"><img loading=\"lazy\" decoding=\"async\" width=\"1600\" height=\"902\" data-id=\"172893\" src=\"http:\/\/www.tucomarca.com\/wordpress\/segunda\/wp-content\/uploads\/2022\/11\/MisaSantaCeciliaFeos05.jpg\" alt=\"\" class=\"wp-image-172893\" srcset=\"https:\/\/tucomarca.whitekongsoftware.com\/wp-content\/uploads\/2022\/11\/MisaSantaCeciliaFeos05.jpg 1600w, https:\/\/tucomarca.whitekongsoftware.com\/wp-content\/uploads\/2022\/11\/MisaSantaCeciliaFeos05-300x169.jpg 300w, https:\/\/tucomarca.whitekongsoftware.com\/wp-content\/uploads\/2022\/11\/MisaSantaCeciliaFeos05-1024x577.jpg 1024w, https:\/\/tucomarca.whitekongsoftware.com\/wp-content\/uploads\/2022\/11\/MisaSantaCeciliaFeos05-768x433.jpg 768w, https:\/\/tucomarca.whitekongsoftware.com\/wp-content\/uploads\/2022\/11\/MisaSantaCeciliaFeos05-1536x866.jpg 1536w, https:\/\/tucomarca.whitekongsoftware.com\/wp-content\/uploads\/2022\/11\/MisaSantaCeciliaFeos05-678x381.jpg 678w\" sizes=\"auto, (max-width: 1600px) 100vw, 1600px\" \/><\/figure>\n<\/figure>\n\n\n\n<p class=\"wp-block-paragraph\">Fotos: Jes\u00fas Sanz.<\/p>\n","protected":false},"excerpt":{"rendered":"<div class=\"mh-excerpt\">El Concert de Santa Cecilia \u00e9s un dels m\u00e9s esperats de l&#8217;any ja que significa el comen\u00e7ament d&#8217;una nova etapa per als joves m\u00fasics que s&#8217;incorporen a la \u201cbanda gran\u201d plens d&#8217;il\u00b7lusi\u00f3. Despr\u00e9s d&#8217;anys d&#8217;aprenentatge <a class=\"mh-excerpt-more\" href=\"https:\/\/tucomarca.whitekongsoftware.com\/ca\/deu-joves-musics-sincorporen-a-la-sm-lartistica-de-bunyol-en-el-concert-de-santa-cecilia\/\" title=\"Deu joves m\u00fasics s&#8217;incorporen a la SM \u201cL&#8217;Art\u00edstica\u201d de Bunyol en el concert de Santa Cecilia\">[+] <\/a><\/div>\n","protected":false},"author":12,"featured_media":172883,"comment_status":"open","ping_status":"open","sticky":false,"template":"","format":"gallery","meta":{"footnotes":""},"categories":[10911,11005,10894,10912,11007,10896],"tags":[10913,10914,11154],"class_list":["post-172898","post","type-post","status-publish","format-gallery","has-post-thumbnail","category-bunol-ca","category-canal-musica","category-la-comarca-ca","category-la-hoya-ca","category-ocio-y-cultura-ca","category-seccion-ca","tag-bunol-ca","tag-la-hoya-de-bunol-chiva-ca","tag-sm-la-artistica-de-bunol-ca","post_format-post-format-gallery"],"_links":{"self":[{"href":"https:\/\/tucomarca.whitekongsoftware.com\/ca\/wp-json\/wp\/v2\/posts\/172898","targetHints":{"allow":["GET"]}}],"collection":[{"href":"https:\/\/tucomarca.whitekongsoftware.com\/ca\/wp-json\/wp\/v2\/posts"}],"about":[{"href":"https:\/\/tucomarca.whitekongsoftware.com\/ca\/wp-json\/wp\/v2\/types\/post"}],"author":[{"embeddable":true,"href":"https:\/\/tucomarca.whitekongsoftware.com\/ca\/wp-json\/wp\/v2\/users\/12"}],"replies":[{"embeddable":true,"href":"https:\/\/tucomarca.whitekongsoftware.com\/ca\/wp-json\/wp\/v2\/comments?post=172898"}],"version-history":[{"count":0,"href":"https:\/\/tucomarca.whitekongsoftware.com\/ca\/wp-json\/wp\/v2\/posts\/172898\/revisions"}],"wp:featuredmedia":[{"embeddable":true,"href":"https:\/\/tucomarca.whitekongsoftware.com\/ca\/wp-json\/wp\/v2\/media\/172883"}],"wp:attachment":[{"href":"https:\/\/tucomarca.whitekongsoftware.com\/ca\/wp-json\/wp\/v2\/media?parent=172898"}],"wp:term":[{"taxonomy":"category","embeddable":true,"href":"https:\/\/tucomarca.whitekongsoftware.com\/ca\/wp-json\/wp\/v2\/categories?post=172898"},{"taxonomy":"post_tag","embeddable":true,"href":"https:\/\/tucomarca.whitekongsoftware.com\/ca\/wp-json\/wp\/v2\/tags?post=172898"}],"curies":[{"name":"wp","href":"https:\/\/api.w.org\/{rel}","templated":true}]}}