{"id":172869,"date":"2022-11-23T09:11:00","date_gmt":"2022-11-23T07:11:00","guid":{"rendered":"https:\/\/www.tucomarca.com\/wordpress\/segunda\/?p=172869"},"modified":"2022-11-24T12:07:24","modified_gmt":"2022-11-24T10:07:24","slug":"la-radio-municipal-ofereix-una-mirada-historica-i-actual-del-castell-de-bunyol-a-traves-del-programa-els-nostres-barris-dedicat-al-barri-antic","status":"publish","type":"post","link":"https:\/\/tucomarca.whitekongsoftware.com\/ca\/la-radio-municipal-ofereix-una-mirada-historica-i-actual-del-castell-de-bunyol-a-traves-del-programa-els-nostres-barris-dedicat-al-barri-antic\/","title":{"rendered":"La r\u00e0dio municipal ofereix una mirada hist\u00f2rica i actual del castell de Bunyol a trav\u00e9s del programa &#8216;Els nostres barris&#8217;, dedicat al barri antic"},"content":{"rendered":"\n<p class=\"wp-block-paragraph\">R\u00e0dio Bunyol TV torna a oferir un document hist\u00f2ric de Bunyol a trav\u00e9s del programa Els nostres Barris. En aquesta ocasi\u00f3 recorre els carrers i records del barri del Barri antic, del Castell de la localitat i els seus carrers confrontants.&nbsp;<br>En els estudis de televisi\u00f3 de la r\u00e0dio municipal es va gravar un interessant programa on es recorda en mans dels seus protagonistes, els seus ve\u00efns, les seues gents, com es vivia en aquest barri que unia hist\u00f2ricament Poble i Vendes, i pel qual passaven nombrosos ve\u00efns tots els dies. Recorden amb nost\u00e0lgia els comer\u00e7os, les botigues, les cases i la vida nocturna i di\u00fcrna des de mitjan segle passat.<br>En el programa pot escoltar-se a l&#8217;historiador i arque\u00f2leg Pepe Medard, encarregat de les visites guiades a l&#8217;entorn del Castell de Bunyol i que tamb\u00e9 ha sigut ve\u00ed de la zona; Celia Tejedor, ve\u00efna des del seu naixement en la zona i que va continuar vivint ac\u00ed fins a l&#8217;actualitat; Bego\u00f1a Delgado, ve\u00efna jove que viu en la zona ja entrat aquest segle XXI i Gabriela Pagani, ve\u00efna que resideix al castell des que va arrancar la pand\u00e8mia; tots membres de l&#8217;Associaci\u00f3 de Ve\u00efns i Amics del Barri Antic de Bunyol.&nbsp;<br>Cadascun d&#8217;ells aporten amb nost\u00e0lgia com es vivia Bunyol, les seues gents i els seus carrers i especialment el Castell, una zona bell\u00edssima habitada, a difer\u00e8ncia d&#8217;altres castells de la Comunitat Valenciana i d&#8217;Espanya. Tamb\u00e9 es va informar de tot el que realitza l&#8217;associaci\u00f3, quines s\u00f3n les seues pretensions i els seus objectius futurs, animant que tots els ve\u00efns de la localitat formen part d&#8217;aquesta, ja que recordaven que el Castell de Bunyol no sols \u00e9s dels seus ve\u00efns, \u201c\u00e9s de tot el municipi, forma part del nostre patrimoni hist\u00f2ric que entre tots hem de cuidar, respectar i visitar\u201d, finalitzen.&nbsp;<br>Manuel Sierra, regidor de Mitjans de comunicaci\u00f3 de l&#8217;Ajuntament de Bunyol, recorda que el cicle de programes dels nostres Barris va arrancar enguany amb el Barri Sant Rafael, ha continuat amb el Barri Gila i ara \u00e9s el torn del Barri antic. \u201cEncara que tamb\u00e9 volem per a l&#8217;any vinent que associacions que formen part de carrers importants com a falles puguen tamb\u00e9 recordar la hist\u00f2ria d&#8217;aquestes, ja que estan vinculades a un temps, a una barriada corresponent, que encara que no compte amb associaci\u00f3 ve\u00efnal com a tal s\u00ed que \u00e9s conegut per tots com a part d&#8217;un barri. R\u00e0dio Bunyol TV continua el seu comprom\u00eds d&#8217;entretindre, recordar i oferir documents hist\u00f2rics que perduraran en el temps\u201d, finalitza Sierra.<\/p>\n\n\n\n<p class=\"wp-block-paragraph\"><\/p>\n","protected":false},"excerpt":{"rendered":"<div class=\"mh-excerpt\">R\u00e0dio Bunyol TV torna a oferir un document hist\u00f2ric de Bunyol a trav\u00e9s del programa Els nostres Barris. En aquesta ocasi\u00f3 recorre els carrers i records del barri del Barri antic, del Castell de la <a class=\"mh-excerpt-more\" href=\"https:\/\/tucomarca.whitekongsoftware.com\/ca\/la-radio-municipal-ofereix-una-mirada-historica-i-actual-del-castell-de-bunyol-a-traves-del-programa-els-nostres-barris-dedicat-al-barri-antic\/\" title=\"La r\u00e0dio municipal ofereix una mirada hist\u00f2rica i actual del castell de Bunyol a trav\u00e9s del programa &#8216;Els nostres barris&#8217;, dedicat al barri antic\">[+] <\/a><\/div>\n","protected":false},"author":12,"featured_media":172868,"comment_status":"open","ping_status":"open","sticky":false,"template":"","format":"standard","meta":{"footnotes":""},"categories":[10911,10894,10912,10896],"tags":[10913,10914,12139],"class_list":["post-172869","post","type-post","status-publish","format-standard","has-post-thumbnail","category-bunol-ca","category-la-comarca-ca","category-la-hoya-ca","category-seccion-ca","tag-bunol-ca","tag-la-hoya-de-bunol-chiva-ca","tag-radio-bunol-tv-ca"],"_links":{"self":[{"href":"https:\/\/tucomarca.whitekongsoftware.com\/ca\/wp-json\/wp\/v2\/posts\/172869","targetHints":{"allow":["GET"]}}],"collection":[{"href":"https:\/\/tucomarca.whitekongsoftware.com\/ca\/wp-json\/wp\/v2\/posts"}],"about":[{"href":"https:\/\/tucomarca.whitekongsoftware.com\/ca\/wp-json\/wp\/v2\/types\/post"}],"author":[{"embeddable":true,"href":"https:\/\/tucomarca.whitekongsoftware.com\/ca\/wp-json\/wp\/v2\/users\/12"}],"replies":[{"embeddable":true,"href":"https:\/\/tucomarca.whitekongsoftware.com\/ca\/wp-json\/wp\/v2\/comments?post=172869"}],"version-history":[{"count":0,"href":"https:\/\/tucomarca.whitekongsoftware.com\/ca\/wp-json\/wp\/v2\/posts\/172869\/revisions"}],"wp:featuredmedia":[{"embeddable":true,"href":"https:\/\/tucomarca.whitekongsoftware.com\/ca\/wp-json\/wp\/v2\/media\/172868"}],"wp:attachment":[{"href":"https:\/\/tucomarca.whitekongsoftware.com\/ca\/wp-json\/wp\/v2\/media?parent=172869"}],"wp:term":[{"taxonomy":"category","embeddable":true,"href":"https:\/\/tucomarca.whitekongsoftware.com\/ca\/wp-json\/wp\/v2\/categories?post=172869"},{"taxonomy":"post_tag","embeddable":true,"href":"https:\/\/tucomarca.whitekongsoftware.com\/ca\/wp-json\/wp\/v2\/tags?post=172869"}],"curies":[{"name":"wp","href":"https:\/\/api.w.org\/{rel}","templated":true}]}}