{"id":172855,"date":"2022-11-22T04:00:00","date_gmt":"2022-11-22T02:00:00","guid":{"rendered":"https:\/\/www.tucomarca.com\/wordpress\/segunda\/?p=172855"},"modified":"2022-12-04T19:18:09","modified_gmt":"2022-12-04T17:18:09","slug":"la-radio-municipal-de-bunyol-recupera-els-seus-anuncis","status":"publish","type":"post","link":"https:\/\/tucomarca.whitekongsoftware.com\/ca\/la-radio-municipal-de-bunyol-recupera-els-seus-anuncis\/","title":{"rendered":"La r\u00e0dio municipal de Bunyol recupera els seus anuncis"},"content":{"rendered":"\n<p class=\"wp-block-paragraph\">Per a poder anunciar-se hauran d&#8217;acostar-se a l&#8217;Ajuntament de Bunyol en el punt de recaptaci\u00f3 en la planta baixa. Una vegada ac\u00ed indicar quin tipus de publicitat volen, perqu\u00e8 se&#8217;ls procedisca a traure l&#8217;autoliquidaci\u00f3 assistida i puguen procedir al pagament d&#8217;aquesta, que podr\u00e0 ser en el propi Ajuntament o en qualsevol entitat banc\u00e0ria col\u00b7laboradora en aqueixos moments.<\/p>\n\n\n\n<p class=\"wp-block-paragraph\">llaura que tots puguen saber-ho, la tarifa del preu p\u00fablic per publicitat en la r\u00e0dio municipal que es cobrar\u00e0 per cada vegada que s&#8217;emeta el tasc\u00f3 o comunicat pot consultar-se en la web de l&#8217;emissora.<\/p>\n\n\n\n<p class=\"wp-block-paragraph\">Des de la Regidoria de Mitjans de comunicaci\u00f3 informen que per a poder anunciar-se hauran d&#8217;acostar-se a l&#8217;Ajuntament de Bunyol, en el punt de recaptaci\u00f3 en la planta baixa. Una vegada ac\u00ed cal indicar quin tipus de publicitat volen perqu\u00e8 se&#8217;ls procedisca a traure l&#8217;autoliquidaci\u00f3 assistida i puguen procedir al pagament d&#8217;aquesta, que podr\u00e0 ser en el propi Ajuntament o en qualsevol entitat banc\u00e0ria col\u00b7laboradora en aqueixos moments.<br>Una vegada pagat i amb el justificant del mateix hauran d&#8217;anar a R\u00e0dio Bunyol TV per a configurar la publicitat, tascons o patrocinis amb la direcci\u00f3 de la r\u00e0dio municipal.<br>Manuel Sierra, regidor de Mitjans de comunicaci\u00f3 de l&#8217;Ajuntament de Bunyol, s&#8217;ha mostrat molt satisfet d&#8217;haver pogut incorporar de nou la publicitat en la r\u00e0dio municipal: \u201cperqu\u00e8 R\u00e0dio Bunyol \u00e9s molt seguida i escoltada per tots els ve\u00efns de Bunyol i la comarca, i per aix\u00f2 era necessari incorporar aquest servei a la ciutadania, al consumidor i al comerciant, ja que permet oferir la gran quantitat de productes i serveis que tenim en la nostra localitat i La Foia\u201d, va finalitzar Sierra.<br>Aquest servei pot contractar-se ja a l&#8217;Ajuntament de Bunyol. S&#8217;anima a empreses, comer\u00e7os, bars, restaurants i aut\u00f2noms que desitgen donar a con\u00e9ixer el seu producte, que es publiciten en R\u00e0dio Bunyol TV.<\/p>\n","protected":false},"excerpt":{"rendered":"<div class=\"mh-excerpt\">Per a poder anunciar-se hauran d&#8217;acostar-se a l&#8217;Ajuntament de Bunyol en el punt de recaptaci\u00f3 en la planta baixa. Una vegada ac\u00ed indicar quin tipus de publicitat volen, perqu\u00e8 se&#8217;ls procedisca a traure l&#8217;autoliquidaci\u00f3 assistida <a class=\"mh-excerpt-more\" href=\"https:\/\/tucomarca.whitekongsoftware.com\/ca\/la-radio-municipal-de-bunyol-recupera-els-seus-anuncis\/\" title=\"La r\u00e0dio municipal de Bunyol recupera els seus anuncis\">[+] <\/a><\/div>\n","protected":false},"author":12,"featured_media":172852,"comment_status":"open","ping_status":"open","sticky":false,"template":"","format":"standard","meta":{"footnotes":""},"categories":[10911,10894,10912,10896],"tags":[10913,10914,12139],"class_list":["post-172855","post","type-post","status-publish","format-standard","has-post-thumbnail","category-bunol-ca","category-la-comarca-ca","category-la-hoya-ca","category-seccion-ca","tag-bunol-ca","tag-la-hoya-de-bunol-chiva-ca","tag-radio-bunol-tv-ca"],"_links":{"self":[{"href":"https:\/\/tucomarca.whitekongsoftware.com\/ca\/wp-json\/wp\/v2\/posts\/172855","targetHints":{"allow":["GET"]}}],"collection":[{"href":"https:\/\/tucomarca.whitekongsoftware.com\/ca\/wp-json\/wp\/v2\/posts"}],"about":[{"href":"https:\/\/tucomarca.whitekongsoftware.com\/ca\/wp-json\/wp\/v2\/types\/post"}],"author":[{"embeddable":true,"href":"https:\/\/tucomarca.whitekongsoftware.com\/ca\/wp-json\/wp\/v2\/users\/12"}],"replies":[{"embeddable":true,"href":"https:\/\/tucomarca.whitekongsoftware.com\/ca\/wp-json\/wp\/v2\/comments?post=172855"}],"version-history":[{"count":0,"href":"https:\/\/tucomarca.whitekongsoftware.com\/ca\/wp-json\/wp\/v2\/posts\/172855\/revisions"}],"wp:featuredmedia":[{"embeddable":true,"href":"https:\/\/tucomarca.whitekongsoftware.com\/ca\/wp-json\/wp\/v2\/media\/172852"}],"wp:attachment":[{"href":"https:\/\/tucomarca.whitekongsoftware.com\/ca\/wp-json\/wp\/v2\/media?parent=172855"}],"wp:term":[{"taxonomy":"category","embeddable":true,"href":"https:\/\/tucomarca.whitekongsoftware.com\/ca\/wp-json\/wp\/v2\/categories?post=172855"},{"taxonomy":"post_tag","embeddable":true,"href":"https:\/\/tucomarca.whitekongsoftware.com\/ca\/wp-json\/wp\/v2\/tags?post=172855"}],"curies":[{"name":"wp","href":"https:\/\/api.w.org\/{rel}","templated":true}]}}