{"id":172834,"date":"2022-11-23T10:00:00","date_gmt":"2022-11-23T08:00:00","guid":{"rendered":"https:\/\/www.tucomarca.com\/wordpress\/segunda\/?p=172834"},"modified":"2022-11-23T21:26:49","modified_gmt":"2022-11-23T19:26:49","slug":"alboraig-celebra-el-dia-internacional-contra-la-violencia-de-genere-amb-activitats-de-conscienciacio","status":"publish","type":"post","link":"https:\/\/tucomarca.whitekongsoftware.com\/ca\/alboraig-celebra-el-dia-internacional-contra-la-violencia-de-genere-amb-activitats-de-conscienciacio\/","title":{"rendered":"Alboraig celebra el Dia Internacional contra la viol\u00e8ncia de g\u00e8nere amb activitats de conscienciaci\u00f3"},"content":{"rendered":"\n<p class=\"wp-block-paragraph\">El pr\u00f2xim 25 de novembre se celebra el Dia Internacional contra la viol\u00e8ncia sobre les dones i des de l&#8217;Ajuntament d&#8217;Alboraig incideixen en qu\u00e8 &#8220;som conscients de la necessitat que tenim de treballar i lluitar de manera decidida per a previndre i conscienciar a la ciutadania en la lluita contra la viol\u00e8ncia masclista&#8221;. &nbsp;Per aix\u00f2, des de la regidoria d&#8217;Igualtat hem organitzat activitats per a conscienciar a xicotets i majors de la import\u00e0ncia de lluitar activament per la igualtat i contra la viol\u00e8ncia de g\u00e8nere&#8221;.<\/p>\n\n\n\n<figure class=\"wp-block-image size-large is-resized\"><img loading=\"lazy\" decoding=\"async\" src=\"http:\/\/www.tucomarca.com\/wordpress\/segunda\/wp-content\/uploads\/2022\/11\/Alborache25N_3-724x1024.jpg\" alt=\"\" class=\"wp-image-172830\" width=\"433\" height=\"612\" srcset=\"https:\/\/tucomarca.whitekongsoftware.com\/wp-content\/uploads\/2022\/11\/Alborache25N_3-724x1024.jpg 724w, https:\/\/tucomarca.whitekongsoftware.com\/wp-content\/uploads\/2022\/11\/Alborache25N_3-212x300.jpg 212w, https:\/\/tucomarca.whitekongsoftware.com\/wp-content\/uploads\/2022\/11\/Alborache25N_3-768x1086.jpg 768w, https:\/\/tucomarca.whitekongsoftware.com\/wp-content\/uploads\/2022\/11\/Alborache25N_3-1086x1536.jpg 1086w, https:\/\/tucomarca.whitekongsoftware.com\/wp-content\/uploads\/2022\/11\/Alborache25N_3.jpg 1414w\" sizes=\"auto, (max-width: 433px) 100vw, 433px\" \/><\/figure>\n\n\n\n<p class=\"wp-block-paragraph\"><strong>Actes<\/strong><\/p>\n\n\n\n<p class=\"wp-block-paragraph\">Dimecres 23 novembre, Sal\u00f3 Actes Ajuntament, a les 18,00 h.&nbsp;presentaci\u00f3 del documental &#8220;Patriarcat, l&#8217;organisme nociu\u201d perqu\u00e8 \u00e9s molt dif\u00edcil protegir-se del que no es veu. En aquest documental (amb 5 candidatures als Premis Goya 2023) es troben respostes obertes a preguntes tancades&nbsp;quins models i paranys pengen del sistema&nbsp; patriarcal?&nbsp;l&#8217;home&nbsp;\u00e9s tamb\u00e9 v\u00edctima? \u00e9s suficient la den\u00fancia de la&nbsp;viol\u00e8ncia de g\u00e8nere?, est\u00e0 en mans de la&nbsp;ind\u00fastria del porno&nbsp;l&#8217;educaci\u00f3 sexual de la joventut?. Despr\u00e9s de la projecci\u00f3 hi haur\u00e0 un col\u00b7loqui participatiu&nbsp;entre altres, amb el codirector de la pel\u00b7l\u00edcula<\/p>\n\n\n\n<p class=\"wp-block-paragraph\"><strong>Especialistes del documental<\/strong><\/p>\n\n\n\n<ul class=\"wp-block-list\"><li>Ana de Miguel,&nbsp;doctora en Filosofia<\/li><li>Carmen Delgado,&nbsp;catedr\u00e0tica Psicologia<\/li><li>Erick Pescador,&nbsp;soci\u00f2leg i sex\u00f2leg<\/li><li>Marina Subirats,&nbsp;catedr\u00e0tica em\u00e8rita Sociologia<\/li><li>Miguel Lorente,&nbsp;m\u00e8dic forense i professor de Medicina legal<\/li><li>&nbsp;Isa Duc-PsicoWoman,&nbsp;psic\u00f2loga, sex\u00f2loga i formadora<\/li><li>Teresa Peramato,&nbsp;Fiscala Sala Delegada viol\u00e8ncia contra la Dona<\/li><\/ul>\n","protected":false},"excerpt":{"rendered":"<div class=\"mh-excerpt\">El pr\u00f2xim 25 de novembre se celebra el Dia Internacional contra la viol\u00e8ncia sobre les dones i des de l&#8217;Ajuntament d&#8217;Alboraig incideixen en qu\u00e8 &#8220;som conscients de la necessitat que tenim de treballar i lluitar <a class=\"mh-excerpt-more\" href=\"https:\/\/tucomarca.whitekongsoftware.com\/ca\/alboraig-celebra-el-dia-internacional-contra-la-violencia-de-genere-amb-activitats-de-conscienciacio\/\" title=\"Alboraig celebra el Dia Internacional contra la viol\u00e8ncia de g\u00e8nere amb activitats de conscienciaci\u00f3\">[+] <\/a><\/div>\n","protected":false},"author":12,"featured_media":172827,"comment_status":"open","ping_status":"open","sticky":false,"template":"","format":"standard","meta":{"footnotes":""},"categories":[11019,10973,10894,10912,11007,10947,10896],"tags":[13087,11224,10914],"class_list":["post-172834","post","type-post","status-publish","format-standard","has-post-thumbnail","category-agenda-ca","category-alborache-ca","category-la-comarca-ca","category-la-hoya-ca","category-ocio-y-cultura-ca","category-politica","category-seccion-ca","tag-25n-ca","tag-alborache-ca","tag-la-hoya-de-bunol-chiva-ca"],"_links":{"self":[{"href":"https:\/\/tucomarca.whitekongsoftware.com\/ca\/wp-json\/wp\/v2\/posts\/172834","targetHints":{"allow":["GET"]}}],"collection":[{"href":"https:\/\/tucomarca.whitekongsoftware.com\/ca\/wp-json\/wp\/v2\/posts"}],"about":[{"href":"https:\/\/tucomarca.whitekongsoftware.com\/ca\/wp-json\/wp\/v2\/types\/post"}],"author":[{"embeddable":true,"href":"https:\/\/tucomarca.whitekongsoftware.com\/ca\/wp-json\/wp\/v2\/users\/12"}],"replies":[{"embeddable":true,"href":"https:\/\/tucomarca.whitekongsoftware.com\/ca\/wp-json\/wp\/v2\/comments?post=172834"}],"version-history":[{"count":0,"href":"https:\/\/tucomarca.whitekongsoftware.com\/ca\/wp-json\/wp\/v2\/posts\/172834\/revisions"}],"wp:featuredmedia":[{"embeddable":true,"href":"https:\/\/tucomarca.whitekongsoftware.com\/ca\/wp-json\/wp\/v2\/media\/172827"}],"wp:attachment":[{"href":"https:\/\/tucomarca.whitekongsoftware.com\/ca\/wp-json\/wp\/v2\/media?parent=172834"}],"wp:term":[{"taxonomy":"category","embeddable":true,"href":"https:\/\/tucomarca.whitekongsoftware.com\/ca\/wp-json\/wp\/v2\/categories?post=172834"},{"taxonomy":"post_tag","embeddable":true,"href":"https:\/\/tucomarca.whitekongsoftware.com\/ca\/wp-json\/wp\/v2\/tags?post=172834"}],"curies":[{"name":"wp","href":"https:\/\/api.w.org\/{rel}","templated":true}]}}