{"id":172764,"date":"2022-11-22T10:50:00","date_gmt":"2022-11-22T08:50:00","guid":{"rendered":"https:\/\/www.tucomarca.com\/wordpress\/segunda\/?p=172764"},"modified":"2022-11-22T22:55:54","modified_gmt":"2022-11-22T20:55:54","slug":"les-cooperatives-valencianes-aborden-amb-la-consellera-dagricultura-diversos-assumptes-dinteres-per-al-sector","status":"publish","type":"post","link":"https:\/\/tucomarca.whitekongsoftware.com\/ca\/les-cooperatives-valencianes-aborden-amb-la-consellera-dagricultura-diversos-assumptes-dinteres-per-al-sector\/","title":{"rendered":"Les cooperatives valencianes aborden amb la nova Consellera d&#8217;Agricultura diversos assumptes d&#8217;inter\u00e9s per al sector"},"content":{"rendered":"\n<p class=\"wp-block-paragraph\">El consell rector de Cooperatives Agro-aliment\u00e0ries de la Comunitat Valenciana ha rebut en el mat\u00ed de hui la visita de la consellera d&#8217;Agricultura, Desenvolupament Rural, Emerg\u00e8ncia Clim\u00e0tica i Transici\u00f3 Ecol\u00f2gica, Isaura Navarro, i del secretari auton\u00f2mic d&#8217;Agricultura i Desenvolupament Rural, Roger Llanes.<br>La trobada, sol\u00b7licitat per Federaci\u00f3 immediatament despr\u00e9s de la presa de possessi\u00f3 de la nova responsable del departament agrari de la Generalitat, ha perm\u00e9s que Navarro es familiaritze amb les magnituds i la rellev\u00e0ncia del sector cooperatiu agroalimentari valenci\u00e0, i ha servit per a posar sobre la taula alguns assumptes claus de l&#8217;actualitat del sector.<br>Amb perspectiva de futur, el president de Federaci\u00f3, Cirilo Arnandis, ha traslladat a la consellera la import\u00e0ncia de comptar amb una llei pr\u00f2pia d&#8217;Integraci\u00f3 Cooperativa, que permeta donar resposta a les necessitats del sector en l&#8217;\u00e0mbit auton\u00f2mic. Si b\u00e9 en l&#8217;actualitat existeixen ajudes per a la integraci\u00f3 cooperativa, la proposta de Federaci\u00f3 \u00e9s traslladar a l&#8217;\u00e0mbit exclusivament valenci\u00e0 els beneficis propis de la LICA per a les entitats que es beneficien d&#8217;ella, que en la llei estatal han de pert\u00e0nyer almenys a dues Comunitats Aut\u00f2nomes diferents per a optar a percebre les ajudes que contempla.<br>Els responsables del sector cooperatiu tamb\u00e9 han traslladat a la consellera i al secretari auton\u00f2mic la preocupaci\u00f3 existent per la proposta de modificaci\u00f3 del Reglament d&#8217;\u00das Sostenible de Productes Fitosanitaris, que catalogaria la pr\u00e0ctica totalitat de la Comunitat Valenciana com a zona sensible i impediria l&#8217;\u00fas de les mat\u00e8ries actives actualment permeses, que s\u00f3n necess\u00e0ries per a fer front a plagues i malalties dels cultius i per a mantindre la productivitat i competitivitat de l&#8217;agricultura valenciana.<br>Arnandis ha traslladat als m\u00e0xims responsables del departament agrari de la Generalitat el comprom\u00eds del sector cooperatiu amb els processos de digitalitzaci\u00f3 i tecnificaci\u00f3 de l&#8217;activitat, si b\u00e9 ha incidit en la necessitat de refor\u00e7ar a trav\u00e9s de diferents accions aqueixa tecnificaci\u00f3 a nivell de parcel\u00b7la i en la import\u00e0ncia que l&#8217;activitat agr\u00e0ria siga rendible perqu\u00e8 aquests processos es puguen desenvolupar amb garanties: \u201csi no \u00e9s aix\u00ed, podem quedar-nos amb un camp tecnificat per\u00f2 sense agricultors que puguen viure del desenvolupament de la seua activitat\u201d, ha assegurat.<br>El consell rector de Cooperatives Agro-aliment\u00e0ries ha aplaudit el comprom\u00eds del Govern auton\u00f2mic amb l&#8217;asseguran\u00e7a agr\u00e0ria, i ha traslladat a la consellera la necessitat de continuar treballant perqu\u00e8 les l\u00ednies i cobertures de l&#8217;asseguran\u00e7a s&#8217;adeq\u00fcen a la realitat actual del camp, a les necessitats dels agricultors i als reptes que suposa el canvi clim\u00e0tic. En aquesta q\u00fcesti\u00f3, tamb\u00e9 s&#8217;ha incidit en la import\u00e0ncia de la p\u00f2lissa associativa per a fer que les assegurances arriben a trav\u00e9s de les cooperatives a la m\u00e0xima quantitat d&#8217;agricultors i agricultores possible.<br>Finalment, tamb\u00e9 s&#8217;ha abordat la situaci\u00f3 respecte a diferents plagues i malalties, s&#8217;ha actualitzat l&#8217;estat d&#8217;afecci\u00f3 dels cultius afectats per elles, i s&#8217;han posat en valor les accions desenvolupades per Federaci\u00f3, per delegaci\u00f3 de la Conselleria, per a fer front a casos com els del chilo en l&#8217;arr\u00f2s, la mosca de l&#8217;olivera o l&#8217;arna del ram en vinya.<br>Per part seua, Navarro ha expressat el comprom\u00eds de la Conselleria de continuar treballant amb el sector com s&#8217;ha fet en el passat, i ha recalcat q\u00fcestions com l&#8217;aposta per potenciar els productes de proximitat de cultiu ecol\u00f2gic, mantindre les accions de lluita contra el canvi clim\u00e0tic i els seus efectes, o la defensa dels interessos valencians en grans assumptes pendents de concreci\u00f3, com per exemple la signatura o entrada en vigor d&#8217;acords comercials amb tercers pa\u00efsos.<br>Despr\u00e9s de la reuni\u00f3, el president de Federaci\u00f3 ha destacat \u201cla cordialitat d&#8217;aquesta primera trobada, que esperem que es tradu\u00efsca en el manteniment de la profitosa relaci\u00f3 i col\u00b7laboraci\u00f3 que mantenim amb l&#8217;Administraci\u00f3, de la qual s&#8217;acaben beneficiant no sols les cooperatives, sin\u00f3 el conjunt del sector\u201d. Informa, Luis Ib\u00e1\u00f1ez.<\/p>\n\n\n\n<p class=\"wp-block-paragraph\"><\/p>\n","protected":false},"excerpt":{"rendered":"<div class=\"mh-excerpt\">El consell rector de Cooperatives Agro-aliment\u00e0ries de la Comunitat Valenciana ha rebut en el mat\u00ed de hui la visita de la consellera d&#8217;Agricultura, Desenvolupament Rural, Emerg\u00e8ncia Clim\u00e0tica i Transici\u00f3 Ecol\u00f2gica, Isaura Navarro, i del secretari <a class=\"mh-excerpt-more\" href=\"https:\/\/tucomarca.whitekongsoftware.com\/ca\/les-cooperatives-valencianes-aborden-amb-la-consellera-dagricultura-diversos-assumptes-dinteres-per-al-sector\/\" title=\"Les cooperatives valencianes aborden amb la nova Consellera d&#8217;Agricultura diversos assumptes d&#8217;inter\u00e9s per al sector\">[+] <\/a><\/div>\n","protected":false},"author":12,"featured_media":172763,"comment_status":"open","ping_status":"open","sticky":false,"template":"","format":"standard","meta":{"footnotes":""},"categories":[10905,10898,10948,10894,10904,10912,10947,10909,10896,10974],"tags":[12856,18353],"class_list":["post-172764","post","type-post","status-publish","format-standard","has-post-thumbnail","category-agricultura-la-comarca-ca","category-ventana-ca","category-infraestructuras-ca","category-la-comarca-ca","category-sin-categorizar-ca","category-la-hoya-ca","category-politica","category-requena-utiel-ca","category-seccion-ca","category-cheste-ca","tag-conselleria-de-agricultura-ca","tag-cooperativas-valencianas-ca"],"_links":{"self":[{"href":"https:\/\/tucomarca.whitekongsoftware.com\/ca\/wp-json\/wp\/v2\/posts\/172764","targetHints":{"allow":["GET"]}}],"collection":[{"href":"https:\/\/tucomarca.whitekongsoftware.com\/ca\/wp-json\/wp\/v2\/posts"}],"about":[{"href":"https:\/\/tucomarca.whitekongsoftware.com\/ca\/wp-json\/wp\/v2\/types\/post"}],"author":[{"embeddable":true,"href":"https:\/\/tucomarca.whitekongsoftware.com\/ca\/wp-json\/wp\/v2\/users\/12"}],"replies":[{"embeddable":true,"href":"https:\/\/tucomarca.whitekongsoftware.com\/ca\/wp-json\/wp\/v2\/comments?post=172764"}],"version-history":[{"count":0,"href":"https:\/\/tucomarca.whitekongsoftware.com\/ca\/wp-json\/wp\/v2\/posts\/172764\/revisions"}],"wp:featuredmedia":[{"embeddable":true,"href":"https:\/\/tucomarca.whitekongsoftware.com\/ca\/wp-json\/wp\/v2\/media\/172763"}],"wp:attachment":[{"href":"https:\/\/tucomarca.whitekongsoftware.com\/ca\/wp-json\/wp\/v2\/media?parent=172764"}],"wp:term":[{"taxonomy":"category","embeddable":true,"href":"https:\/\/tucomarca.whitekongsoftware.com\/ca\/wp-json\/wp\/v2\/categories?post=172764"},{"taxonomy":"post_tag","embeddable":true,"href":"https:\/\/tucomarca.whitekongsoftware.com\/ca\/wp-json\/wp\/v2\/tags?post=172764"}],"curies":[{"name":"wp","href":"https:\/\/api.w.org\/{rel}","templated":true}]}}