{"id":172705,"date":"2022-11-21T10:45:00","date_gmt":"2022-11-21T08:45:00","guid":{"rendered":"https:\/\/www.tucomarca.com\/wordpress\/segunda\/?p=172705"},"modified":"2022-11-22T02:16:29","modified_gmt":"2022-11-22T00:16:29","slug":"sinicia-la-recolleccio-de-les-olives-amb-una-caiguda-de-la-produccio-dun-70","status":"publish","type":"post","link":"https:\/\/tucomarca.whitekongsoftware.com\/ca\/sinicia-la-recolleccio-de-les-olives-amb-una-caiguda-de-la-produccio-dun-70\/","title":{"rendered":"S&#8217;inicia la recol\u00b7lecci\u00f3 de les olives amb una caiguda de la producci\u00f3 d&#8217;un 70%"},"content":{"rendered":"\n<p class=\"wp-block-paragraph\">A les comarques d&#8217;interior de la prov\u00edncia de Val\u00e8ncia ha comen\u00e7at la recol\u00b7lecci\u00f3 de les olives per a l&#8217;elaboraci\u00f3 d&#8217;oli d&#8217;oliva. En aquesta campanya la producci\u00f3 ser\u00e0 bastant desastrosa a conseq\u00fc\u00e8ncia del mal quallat del fruit i de la sequera.<br>Les previsions que s&#8217;han realitzat apunten al fet que la producci\u00f3 global d&#8217;olives a les comarques d&#8217;interior, enguany ser\u00e0, ni m\u00e9s ni menys, que un 70% inferior comparada amb una normal. A conseq\u00fc\u00e8ncia de tan important caiguda de la producci\u00f3 que afecta tamb\u00e9 l&#8217;\u00e0mbit europeu, el preu de l&#8217;oli d&#8217;oliva s&#8217;ha revaloritzat quasi un 30% en un any. Informa, <strong>Luis Ib\u00e1\u00f1ez.<\/strong><\/p>\n\n\n\n<p class=\"wp-block-paragraph\"><\/p>\n","protected":false},"excerpt":{"rendered":"<div class=\"mh-excerpt\">A les comarques d&#8217;interior de la prov\u00edncia de Val\u00e8ncia ha comen\u00e7at la recol\u00b7lecci\u00f3 de les olives per a l&#8217;elaboraci\u00f3 d&#8217;oli d&#8217;oliva. En aquesta campanya la producci\u00f3 ser\u00e0 bastant desastrosa a conseq\u00fc\u00e8ncia del mal quallat del <a class=\"mh-excerpt-more\" href=\"https:\/\/tucomarca.whitekongsoftware.com\/ca\/sinicia-la-recolleccio-de-les-olives-amb-una-caiguda-de-la-produccio-dun-70\/\" title=\"S&#8217;inicia la recol\u00b7lecci\u00f3 de les olives amb una caiguda de la producci\u00f3 d&#8217;un 70%\">[+] <\/a><\/div>\n","protected":false},"author":12,"featured_media":172703,"comment_status":"open","ping_status":"open","sticky":false,"template":"","format":"standard","meta":{"footnotes":""},"categories":[10890,10905,10951,11046,10898,10963,10894,10909,10896],"tags":[17405,18343,10910],"class_list":["post-172705","post","type-post","status-publish","format-standard","has-post-thumbnail","category-ademus","category-agricultura-la-comarca-ca","category-ayora-cofrentes-ca","category-los-serranos-ca","category-ventana-ca","category-la-canal-de-navarres-ca","category-la-comarca-ca","category-requena-utiel-ca","category-seccion-ca","tag-olivas-ca","tag-recoleccion-de-aceitunas-ca","tag-requena-utiel-ca"],"_links":{"self":[{"href":"https:\/\/tucomarca.whitekongsoftware.com\/ca\/wp-json\/wp\/v2\/posts\/172705","targetHints":{"allow":["GET"]}}],"collection":[{"href":"https:\/\/tucomarca.whitekongsoftware.com\/ca\/wp-json\/wp\/v2\/posts"}],"about":[{"href":"https:\/\/tucomarca.whitekongsoftware.com\/ca\/wp-json\/wp\/v2\/types\/post"}],"author":[{"embeddable":true,"href":"https:\/\/tucomarca.whitekongsoftware.com\/ca\/wp-json\/wp\/v2\/users\/12"}],"replies":[{"embeddable":true,"href":"https:\/\/tucomarca.whitekongsoftware.com\/ca\/wp-json\/wp\/v2\/comments?post=172705"}],"version-history":[{"count":0,"href":"https:\/\/tucomarca.whitekongsoftware.com\/ca\/wp-json\/wp\/v2\/posts\/172705\/revisions"}],"wp:featuredmedia":[{"embeddable":true,"href":"https:\/\/tucomarca.whitekongsoftware.com\/ca\/wp-json\/wp\/v2\/media\/172703"}],"wp:attachment":[{"href":"https:\/\/tucomarca.whitekongsoftware.com\/ca\/wp-json\/wp\/v2\/media?parent=172705"}],"wp:term":[{"taxonomy":"category","embeddable":true,"href":"https:\/\/tucomarca.whitekongsoftware.com\/ca\/wp-json\/wp\/v2\/categories?post=172705"},{"taxonomy":"post_tag","embeddable":true,"href":"https:\/\/tucomarca.whitekongsoftware.com\/ca\/wp-json\/wp\/v2\/tags?post=172705"}],"curies":[{"name":"wp","href":"https:\/\/api.w.org\/{rel}","templated":true}]}}