{"id":172616,"date":"2022-11-21T14:00:00","date_gmt":"2022-11-21T12:00:00","guid":{"rendered":"https:\/\/www.tucomarca.com\/wordpress\/segunda\/?p=172616"},"modified":"2022-11-21T19:47:16","modified_gmt":"2022-11-21T17:47:16","slug":"benaguasil-acull-una-jornada-de-treball-en-lambit-del-projecte-europeu-setoff","status":"publish","type":"post","link":"https:\/\/tucomarca.whitekongsoftware.com\/ca\/benaguasil-acull-una-jornada-de-treball-en-lambit-del-projecte-europeu-setoff\/","title":{"rendered":"Benaguasil acull una jornada de treball en l&#8217;\u00e0mbit del projecte europeu Setoff"},"content":{"rendered":"\n<h4 class=\"wp-block-heading\">Es tracta d&#8217;un projecte desenvolupat dins del programa en el qual Benaguasil participa com a soci juntament amb delegacions de Gr\u00e8cia, Maced\u00f2nia del Nord i B\u00e8lgica.<\/h4>\n\n\n\n<p class=\"wp-block-paragraph\">L&#8217;alcalde de Benaguasil ha rebut hui a l&#8217;ajuntament als participants en les jornades per a millorar la preparaci\u00f3 i la seguretat laboral del personal de seguretat, en el context del Projecte Europeu Setoff, en el qual Benaguasil participa com a soci dins de la convocat\u00f2ria Associacions per a la Cooperaci\u00f3 en Formaci\u00f3 Professional.<\/p>\n\n\n\n<p class=\"wp-block-paragraph\">Al llarg de dos dies experts en la mat\u00e8ria analitzaran l&#8217;evoluci\u00f3 general del projecte, quin utilitzant les instal\u00b7lacions de simulaci\u00f3 i la tecnologia en l\u00ednia, desenvolupar\u00e0 un pla d&#8217;estudis de formaci\u00f3 electr\u00f2nica basat en les necessitats reals i el perfil cognitiu dels grups objectiu, que es pot aplicar en diferents etapes de la formaci\u00f3 tant en protecci\u00f3 civil com en seguretat i protecci\u00f3 del sector privat i personal: plataforma educativa e-learning, m\u00f2duls de formaci\u00f3 electr\u00f2nica, tecnologies en l\u00ednia per a acostar la formaci\u00f3 a dist\u00e0ncia a la formaci\u00f3 presencial, servei de retenci\u00f3 d&#8217;habilitats.<\/p>\n\n\n\n<p class=\"wp-block-paragraph\">Aix\u00ed mateix es donar\u00e0 visibilitat a les pr\u00e0ctiques innovadores i eficaces de gesti\u00f3 de cat\u00e0strofes de la UE, a m\u00e9s de proporcionar un pla d&#8217;estudis de formaci\u00f3 innovador, flexible i assequible d&#8217;alta qualitat per al personal de seguretat i protecci\u00f3 del sector privat i de protecci\u00f3 civil i millorar la col\u00b7laboraci\u00f3 entre socis i l&#8217;intercanvi de millors pr\u00e0ctiques i recursos.<\/p>\n\n\n\n<p class=\"wp-block-paragraph\">Finalment s&#8217;avaluaran els resultats obtinguts, i els procediments per a implantar i capacitar als tallers de simulaci\u00f3 d&#8217;entrenadors i establir els processos d&#8217;estrat\u00e8gies i difusi\u00f3 d&#8217;habilitats de comunicaci\u00f3.<\/p>\n\n\n\n<p class=\"wp-block-paragraph\">En les jornades ha participat el regidor de Projectes Europeus, Stephane Soriano, que ha ressaltat l&#8217;aposta de Benaguasil per la captaci\u00f3 i participaci\u00f3 en Projectes Europeus.<\/p>\n\n\n\n<p class=\"wp-block-paragraph\">El Projecte SETOFF (programa d&#8217;educaci\u00f3 i capacitaci\u00f3 intel\u00b7ligent per a servidors del govern central i local: acceptar la vulnerabilitat com la nostra major fortalesa i eines innovadores per a la gesti\u00f3 de riscos) t\u00e9 com a objectiu millorar la preparaci\u00f3 i la seguretat laboral del personal de seguretat dedicat tant a la protecci\u00f3 civil com al sector privat, fent front a futures crisis i emerg\u00e8ncies mitjan\u00e7ant el desenvolupament d&#8217;una formaci\u00f3 en l\u00ednia i innovadora basada en un model de simulaci\u00f3 que ha sigut provat i implementat amb \u00e8xit, combinat amb els \u00faltims coneixements cient\u00edfics i una an\u00e0lisi integral de les necessitats.<\/p>\n\n\n\n<figure class=\"wp-block-gallery has-nested-images columns-3 is-cropped wp-block-gallery-1 is-layout-flex wp-block-gallery-is-layout-flex\">\n<figure class=\"wp-block-image size-large\"><img loading=\"lazy\" decoding=\"async\" width=\"135\" height=\"135\" data-id=\"172603\" src=\"http:\/\/www.tucomarca.com\/wordpress\/segunda\/wp-content\/uploads\/2022\/11\/SETOFF01.jpg\" alt=\"\" class=\"wp-image-172603\"\/><\/figure>\n\n\n\n<figure class=\"wp-block-image size-large\"><img loading=\"lazy\" decoding=\"async\" width=\"223\" height=\"226\" data-id=\"172613\" src=\"http:\/\/www.tucomarca.com\/wordpress\/segunda\/wp-content\/uploads\/2022\/11\/LogoProyectosEuropeos.jpg\" alt=\"\" class=\"wp-image-172613\"\/><\/figure>\n\n\n\n<figure class=\"wp-block-image size-large\"><img loading=\"lazy\" decoding=\"async\" width=\"886\" height=\"591\" data-id=\"172609\" src=\"http:\/\/www.tucomarca.com\/wordpress\/segunda\/wp-content\/uploads\/2022\/11\/SETOFF02.jpg\" alt=\"\" class=\"wp-image-172609\" srcset=\"https:\/\/tucomarca.whitekongsoftware.com\/wp-content\/uploads\/2022\/11\/SETOFF02.jpg 886w, https:\/\/tucomarca.whitekongsoftware.com\/wp-content\/uploads\/2022\/11\/SETOFF02-300x200.jpg 300w, https:\/\/tucomarca.whitekongsoftware.com\/wp-content\/uploads\/2022\/11\/SETOFF02-768x512.jpg 768w\" sizes=\"auto, (max-width: 886px) 100vw, 886px\" \/><\/figure>\n\n\n\n<figure class=\"wp-block-image size-large\"><img loading=\"lazy\" decoding=\"async\" width=\"886\" height=\"591\" data-id=\"172607\" src=\"http:\/\/www.tucomarca.com\/wordpress\/segunda\/wp-content\/uploads\/2022\/11\/SETOFFfamilia.jpg\" alt=\"\" class=\"wp-image-172607\" srcset=\"https:\/\/tucomarca.whitekongsoftware.com\/wp-content\/uploads\/2022\/11\/SETOFFfamilia.jpg 886w, https:\/\/tucomarca.whitekongsoftware.com\/wp-content\/uploads\/2022\/11\/SETOFFfamilia-300x200.jpg 300w, https:\/\/tucomarca.whitekongsoftware.com\/wp-content\/uploads\/2022\/11\/SETOFFfamilia-768x512.jpg 768w\" sizes=\"auto, (max-width: 886px) 100vw, 886px\" \/><\/figure>\n<\/figure>\n","protected":false},"excerpt":{"rendered":"<div class=\"mh-excerpt\">Es tracta d&#8217;un projecte desenvolupat dins del programa en el qual Benaguasil participa com a soci juntament amb delegacions de Gr\u00e8cia, Maced\u00f2nia del Nord i B\u00e8lgica. L&#8217;alcalde de Benaguasil ha rebut hui a l&#8217;ajuntament als <a class=\"mh-excerpt-more\" href=\"https:\/\/tucomarca.whitekongsoftware.com\/ca\/benaguasil-acull-una-jornada-de-treball-en-lambit-del-projecte-europeu-setoff\/\" title=\"Benaguasil acull una jornada de treball en l&#8217;\u00e0mbit del projecte europeu Setoff\">[+] <\/a><\/div>\n","protected":false},"author":12,"featured_media":172612,"comment_status":"open","ping_status":"open","sticky":false,"template":"","format":"standard","meta":{"footnotes":""},"categories":[10952,10892,10898,10948,10894,10947,10896],"tags":[11136,10899,18340,18341,13969],"class_list":["post-172616","post","type-post","status-publish","format-standard","has-post-thumbnail","category-benaguasil-ca","category-camp-de-turia-ca","category-ventana-ca","category-infraestructuras-ca","category-la-comarca-ca","category-politica","category-seccion-ca","tag-benaguasil-ca","tag-camp-de-turia-ca","tag-proyectos-europeos-ca","tag-setoff-ca","tag-stephane-soriano-ca"],"_links":{"self":[{"href":"https:\/\/tucomarca.whitekongsoftware.com\/ca\/wp-json\/wp\/v2\/posts\/172616","targetHints":{"allow":["GET"]}}],"collection":[{"href":"https:\/\/tucomarca.whitekongsoftware.com\/ca\/wp-json\/wp\/v2\/posts"}],"about":[{"href":"https:\/\/tucomarca.whitekongsoftware.com\/ca\/wp-json\/wp\/v2\/types\/post"}],"author":[{"embeddable":true,"href":"https:\/\/tucomarca.whitekongsoftware.com\/ca\/wp-json\/wp\/v2\/users\/12"}],"replies":[{"embeddable":true,"href":"https:\/\/tucomarca.whitekongsoftware.com\/ca\/wp-json\/wp\/v2\/comments?post=172616"}],"version-history":[{"count":0,"href":"https:\/\/tucomarca.whitekongsoftware.com\/ca\/wp-json\/wp\/v2\/posts\/172616\/revisions"}],"wp:featuredmedia":[{"embeddable":true,"href":"https:\/\/tucomarca.whitekongsoftware.com\/ca\/wp-json\/wp\/v2\/media\/172612"}],"wp:attachment":[{"href":"https:\/\/tucomarca.whitekongsoftware.com\/ca\/wp-json\/wp\/v2\/media?parent=172616"}],"wp:term":[{"taxonomy":"category","embeddable":true,"href":"https:\/\/tucomarca.whitekongsoftware.com\/ca\/wp-json\/wp\/v2\/categories?post=172616"},{"taxonomy":"post_tag","embeddable":true,"href":"https:\/\/tucomarca.whitekongsoftware.com\/ca\/wp-json\/wp\/v2\/tags?post=172616"}],"curies":[{"name":"wp","href":"https:\/\/api.w.org\/{rel}","templated":true}]}}