{"id":172586,"date":"2022-11-21T12:00:00","date_gmt":"2022-11-21T10:00:00","guid":{"rendered":"https:\/\/www.tucomarca.com\/wordpress\/segunda\/?p=172586"},"modified":"2022-11-21T12:46:20","modified_gmt":"2022-11-21T10:46:20","slug":"colectiva27-organitza-en-el-llogaret-de-venta-gaeta-al-costat-de-lajuntament-de-cortes-de-pallars-el-projecte-cami_n_art","status":"publish","type":"post","link":"https:\/\/tucomarca.whitekongsoftware.com\/ca\/colectiva27-organitza-en-el-llogaret-de-venta-gaeta-al-costat-de-lajuntament-de-cortes-de-pallars-el-projecte-cami_n_art\/","title":{"rendered":"Colectiva27 organitza en el llogaret de Venta Gaeta al costat de l&#8217;Ajuntament de Cortes de Pallars el projecte CAMI_N_ART"},"content":{"rendered":"\n<p class=\"wp-block-paragraph\">Diumenge que ve 27 de novembre en la Rambla dels Gallecs, situada en Venta de Gaeta, llogaret de Cortes de Pallars, l&#8217;associaci\u00f3 Col\u00b7lectiva 27 d&#8217;aquest municipi, en col\u00b7laboraci\u00f3 amb el seu Ajuntament, proposa reaccionar davant l&#8217;agressi\u00f3 mediambiental que presenta el seu entorn natural, mitjan\u00e7ant CAMI_N_ART, un projecte transformador art\u00edstic en el medi rural.<br>Aquesta acci\u00f3 buscar\u00e0 conscienciar, a trav\u00e9s de l&#8217;art, en la necessitat de cuidar el nostre entorn.<br>L&#8217;acci\u00f3, consistir\u00e0 en la creaci\u00f3 col\u00b7lectiva d&#8217;una Ruta d&#8217;Escultures entre els participants.<br>Recorrent la ruta, es recolliran els residus xicotets i, amb els inerts m\u00e9s grans, es faran una s\u00e8rie de peces in situ, denunciant amb aix\u00f2, les deixalles que alguns inc\u00edvics deixen en les sendes i camins. Pret\u00e9n ser una forma de den\u00fancia, conscienciaci\u00f3 i reflexi\u00f3.<br>A m\u00e9s de les artistes de C27: Inma Peir\u00f3, Tania Ansio, Kita Pardo, Mayte Navarro Golf, Rosa Mar\u00edn, Ana Tom\u00e1s i Hope Campos, est\u00e0 confirmada la intervenci\u00f3 de 20 artistes convidats: Ana Veintimilla, Ana Arjona, Uday1973, Daniela Chinchilla, Carlos Llavata, Nacho Ballester, Isabel Folgado, Pepa Del Rosari, Ros\u00e1ngela Aguilar, Carla Masanet, Eva Mar\u00edn, Illa Climent, Azu Aziaga, Nuria Beneyto, Jes\u00fas Joaqu\u00edn, Sabina Alcaraz, Aitana Cerd\u00e1n, Carla Camale\u00f3nica, Rebeka Catal\u00e1 i Concha Daud.<br>Ser\u00e0 una jornada en la qual Colectiva27, l&#8217;Ajuntament i les artistes convidades, compartiran gestos com caminar, netejar, recollir, reutilitzar, crear. Accions que porten impl\u00edcites, dins d&#8217;aquest context, la filosofia creativa art\u00edstica que comparteixen: la sostenibilitat, el paisatge, la cura, la sensibilitat, la instal\u00b7laci\u00f3, la transformaci\u00f3. En definitiva, la cultura de la naturalesa i la intervenci\u00f3 de l&#8217;espai com a discurs vivencial i art\u00edstic.<br>Encara que l&#8217;Ajuntament, procedeix regularment a la neteja dels paratges, al poc temps es tornen a omplir. Amb aquesta Ruta d&#8217;Escultures amb materials abandonats, es pret\u00e9n donar visibilitat a aquest problema ciutad\u00e0, que paratges tan necessaris com La Rambla dels Gallecs pateixen habitualment. Aquesta intervenci\u00f3 pret\u00e9n servir de crit d&#8217;atenci\u00f3 i reflexi\u00f3 davant aquesta mena d&#8217;actuacions.<br>Est\u00e0 prevista una posterior exposici\u00f3 amb els registres fotogr\u00e0fics de la jornada, aix\u00ed com el trasllat d&#8217;algunes de les peces i la neteja de les restes en la Rambla.<br>Esperem que aquesta acci\u00f3 servisca per a visibilitzar i reivindicar un entorn natural que mereix ser preservat i que, des de la comunitat art\u00edstica rural, pretenem mantindre.<\/p>\n\n\n\n<p class=\"wp-block-paragraph\"><\/p>\n","protected":false},"excerpt":{"rendered":"<div class=\"mh-excerpt\">Diumenge que ve 27 de novembre en la Rambla dels Gallecs, situada en Venta de Gaeta, llogaret de Cortes de Pallars, l&#8217;associaci\u00f3 Col\u00b7lectiva 27 d&#8217;aquest municipi, en col\u00b7laboraci\u00f3 amb el seu Ajuntament, proposa reaccionar davant <a class=\"mh-excerpt-more\" href=\"https:\/\/tucomarca.whitekongsoftware.com\/ca\/colectiva27-organitza-en-el-llogaret-de-venta-gaeta-al-costat-de-lajuntament-de-cortes-de-pallars-el-projecte-cami_n_art\/\" title=\"Colectiva27 organitza en el llogaret de Venta Gaeta al costat de l&#8217;Ajuntament de Cortes de Pallars el projecte CAMI_N_ART\">[+] <\/a><\/div>\n","protected":false},"author":12,"featured_media":172585,"comment_status":"open","ping_status":"open","sticky":false,"template":"","format":"standard","meta":{"footnotes":""},"categories":[11019,10951,10953,10894,10903,11007,10896],"tags":[11216,18335,11230,11952,18336],"class_list":["post-172586","post","type-post","status-publish","format-standard","has-post-thumbnail","category-agenda-ca","category-ayora-cofrentes-ca","category-cortes-de-pallas-ca","category-la-comarca-ca","category-medio-ambiente-la-comarca-ca","category-ocio-y-cultura-ca","category-seccion-ca","tag-ayora-cofrentes-ca","tag-colectiva27-ca","tag-cortes-de-pallas-ca","tag-covid2019-ca","tag-venta-gaeta-ca"],"_links":{"self":[{"href":"https:\/\/tucomarca.whitekongsoftware.com\/ca\/wp-json\/wp\/v2\/posts\/172586","targetHints":{"allow":["GET"]}}],"collection":[{"href":"https:\/\/tucomarca.whitekongsoftware.com\/ca\/wp-json\/wp\/v2\/posts"}],"about":[{"href":"https:\/\/tucomarca.whitekongsoftware.com\/ca\/wp-json\/wp\/v2\/types\/post"}],"author":[{"embeddable":true,"href":"https:\/\/tucomarca.whitekongsoftware.com\/ca\/wp-json\/wp\/v2\/users\/12"}],"replies":[{"embeddable":true,"href":"https:\/\/tucomarca.whitekongsoftware.com\/ca\/wp-json\/wp\/v2\/comments?post=172586"}],"version-history":[{"count":0,"href":"https:\/\/tucomarca.whitekongsoftware.com\/ca\/wp-json\/wp\/v2\/posts\/172586\/revisions"}],"wp:featuredmedia":[{"embeddable":true,"href":"https:\/\/tucomarca.whitekongsoftware.com\/ca\/wp-json\/wp\/v2\/media\/172585"}],"wp:attachment":[{"href":"https:\/\/tucomarca.whitekongsoftware.com\/ca\/wp-json\/wp\/v2\/media?parent=172586"}],"wp:term":[{"taxonomy":"category","embeddable":true,"href":"https:\/\/tucomarca.whitekongsoftware.com\/ca\/wp-json\/wp\/v2\/categories?post=172586"},{"taxonomy":"post_tag","embeddable":true,"href":"https:\/\/tucomarca.whitekongsoftware.com\/ca\/wp-json\/wp\/v2\/tags?post=172586"}],"curies":[{"name":"wp","href":"https:\/\/api.w.org\/{rel}","templated":true}]}}