{"id":172532,"date":"2022-11-19T09:05:00","date_gmt":"2022-11-19T07:05:00","guid":{"rendered":"https:\/\/www.tucomarca.com\/wordpress\/segunda\/?p=172532"},"modified":"2022-11-19T21:44:15","modified_gmt":"2022-11-19T19:44:15","slug":"riba-roja-aprova-la-seua-candidatura-a-la-concessio-de-la-distincio-ciutat-de-la-ciencia-i-la-innovacio-de-2022-i-la-seua-adhesio-a-la-xarxa-de-ciutats-de-la-ciencia-i-la-innovacio","status":"publish","type":"post","link":"https:\/\/tucomarca.whitekongsoftware.com\/ca\/riba-roja-aprova-la-seua-candidatura-a-la-concessio-de-la-distincio-ciutat-de-la-ciencia-i-la-innovacio-de-2022-i-la-seua-adhesio-a-la-xarxa-de-ciutats-de-la-ciencia-i-la-innovacio\/","title":{"rendered":"Riba-roja aprova la seua candidatura a la concessi\u00f3 de la distinci\u00f3 \u201cCiutat de la Ci\u00e8ncia i la Innovaci\u00f3\u201d de 2022 i la seua adhesi\u00f3 a la Xarxa de Ciutats de la Ci\u00e8ncia i la Innovaci\u00f3\u00a0"},"content":{"rendered":"\n<h4 class=\"wp-block-heading\">El ple de l&#8217;ajuntament ratifica amb el suport de tots els partits pol\u00edtics, excepte Vox que s&#8217;abst\u00e9, la seua voluntat d&#8217;optar a la distinci\u00f3 que es concedeix mitjan\u00e7ant concurr\u00e8ncia competitiva&nbsp;<\/h4>\n\n\n\n<p class=\"wp-block-paragraph\">El ple de l&#8217;Ajuntament de Riba-roja de T\u00faria ha aprovat una proposta de l&#8217;equip de govern del PSPV en la qual es demana al Ministeri de Ci\u00e8ncia i Innovaci\u00f3 la concessi\u00f3 de la distinci\u00f3 de \u201cCiutat de la Ci\u00e8ncia i la Innovaci\u00f3\u201d per a la localitat corresponent a l&#8217;any 2022 convocada per la Secretaria General d&#8217;Innovaci\u00f3. La proposta del ple ratifica l&#8217;aprovaci\u00f3 pr\u00e8via a trav\u00e9s de la Junta de Govern Local.&nbsp;<\/p>\n\n\n\n<p class=\"wp-block-paragraph\">La iniciativa municipal ha sigut ratificada en el ple pel PSPV com a formaci\u00f3 ponent i impulsora de l&#8217;acord, a m\u00e9s del suport del Partit Popular, Comprom\u00eds, Ciutadans, Podem Riba-roja Pot i l\u2019Esquerra, mentre que Vox ha optat per l&#8217;abstenci\u00f3. Al costat de la presentaci\u00f3 de la candidatura de l&#8217;Ajuntament de Riba-roja de T\u00faria a la concessi\u00f3 de la distinci\u00f3 s&#8217;ha aprovat, tamb\u00e9 l&#8217;adhesi\u00f3 a la Xarxa de Ciutats de la Ci\u00e8ncia i la Innovaci\u00f3 (Xarxa Innpulso).<\/p>\n\n\n\n<p class=\"wp-block-paragraph\">La concessi\u00f3 de la distinci\u00f3 \u201cCiutat de la Ci\u00e8ncia i la Innovaci\u00f3\u201d que convoca el Ministeri de Ci\u00e8ncia i Innovaci\u00f3 es realitza a trav\u00e9s del r\u00e8gim de concurr\u00e8ncia competitiva que suposa entrar en compet\u00e8ncia amb altres candidatures d&#8217;altres ciutats d&#8217;acord amb els principis de publicitat, transpar\u00e8ncia, igualtat i no discriminaci\u00f3 i el principi fonamental de la qual passa per afavorir la innovaci\u00f3 en l&#8217;\u00e0mbit local amb la posada en marxa d&#8217;aquesta convocat\u00f2ria.&nbsp;<\/p>\n\n\n\n<p class=\"wp-block-paragraph\">L&#8217;acord recorda que Riba-roja de T\u00faria \u201cha demostrat en els \u00faltims anys, a trav\u00e9s de diferents projectes i iniciatives, sota una visi\u00f3 estrat\u00e8gica, que situa la innovaci\u00f3, la tecnologia la resili\u00e8ncia i la sostenibilitat com a elements centrals de les seues actuacions i del seu posicionament de ciutat a trav\u00e9s del foment d&#8217;aliances i co-governan\u00e7a\u201d i subratlla que la ciutat es troba compromesa amb l&#8217;objectiu de \u201cconvertir el municipi en un node productor de sinergies i intercanvi en l&#8217;\u00e0mbit del coneixement que permeta el desenvolupament econ\u00f2mic i millora de la qualitat de vida de la ciutadania\u201d.<\/p>\n\n\n\n<p class=\"wp-block-paragraph\">La proposta confirmada pel ple municipal constata que en els \u00faltims anys \u201cels ajuntaments han anat assumint un paper cada vegada m\u00e9s actiu en el desenvolupament de pol\u00edtiques i actuacions per a afavorir la innovaci\u00f3 en l&#8217;\u00e0mbit local i s&#8217;han convertit en tractors de la innovaci\u00f3 dels seus territoris. La distinci\u00f3 reconeix l&#8217;important paper de les entitats locals en la promoci\u00f3 dels seus territoris com a element crucial que determina el desenvolupament econ\u00f2mic i social.&nbsp;<\/p>\n\n\n\n<p class=\"wp-block-paragraph\">La Xarxa Innpulso \u00e9s un f\u00f2rum de trobada i de definici\u00f3 de pol\u00edtiques locals innovadores on es comparteixen experi\u00e8ncies i projectes, amb una potenciaci\u00f3 de la col\u00b7laboraci\u00f3 entre ajuntaments i amb la compartici\u00f3 de bones pr\u00e0ctiques en la gesti\u00f3 i iniciatives de comunicaci\u00f3 d&#8217;aquests projectes als ciutadans. Cada vegada desenvolupa una promoci\u00f3 de pol\u00edtiques noves, com la compra p\u00fablica d&#8217;innovaci\u00f3, el suport a les pimes i als emprenedors, la definici\u00f3 de criteris d&#8217;innovaci\u00f3 i la promoci\u00f3 i suport a la participaci\u00f3 en projectes d&#8217;\u00e0mbit europeu.&nbsp;<\/p>\n\n\n\n<p class=\"wp-block-paragraph\">La convocat\u00f2ria atorga el reconeixement al potencial innovador dels ajuntaments, de manera que valora especialment les iniciatives innovadores de prestaci\u00f3 dels serveis p\u00fablics, el govern electr\u00f2nic, el lliure acc\u00e9s a la informaci\u00f3, les actuacions de compra p\u00fablica d&#8217;innovaci\u00f3 com a eina de la Investigaci\u00f3 i el Desenvolupament i aquelles actuacions que tendisquen a posicionar a les entitats locals alineades amb els objectius de l&#8217;estrat\u00e8gia Horitz\u00f3 Europa.&nbsp;<\/p>\n\n\n\n<p class=\"wp-block-paragraph\">L&#8217;alcalde de Riba-roja de T\u00faria, Robert Raga, ha afirmat que la possible concessi\u00f3 d&#8217;aquesta distinci\u00f3 \u201csuposaria el recolzament a les pol\u00edtiques en mat\u00e8ria d&#8217;innovaci\u00f3, tecnologia i mesures de sostenibilitat que hem dut a terme en els \u00faltims, amb una potenciaci\u00f3 notable dels programes que serveixen per al desenvolupament de les pol\u00edtiques basades en un suport als sectors productius que m\u00e9s el necessiten, com les pimes o els emprenedors\u201d.<\/p>\n\n\n\n<p class=\"wp-block-paragraph\"><\/p>\n","protected":false},"excerpt":{"rendered":"<div class=\"mh-excerpt\">El ple de l&#8217;ajuntament ratifica amb el suport de tots els partits pol\u00edtics, excepte Vox que s&#8217;abst\u00e9, la seua voluntat d&#8217;optar a la distinci\u00f3 que es concedeix mitjan\u00e7ant concurr\u00e8ncia competitiva&nbsp; El ple de l&#8217;Ajuntament de <a class=\"mh-excerpt-more\" href=\"https:\/\/tucomarca.whitekongsoftware.com\/ca\/riba-roja-aprova-la-seua-candidatura-a-la-concessio-de-la-distincio-ciutat-de-la-ciencia-i-la-innovacio-de-2022-i-la-seua-adhesio-a-la-xarxa-de-ciutats-de-la-ciencia-i-la-innovacio\/\" title=\"Riba-roja aprova la seua candidatura a la concessi\u00f3 de la distinci\u00f3 \u201cCiutat de la Ci\u00e8ncia i la Innovaci\u00f3\u201d de 2022 i la seua adhesi\u00f3 a la Xarxa de Ciutats de la Ci\u00e8ncia i la Innovaci\u00f3\u00a0\">[+] <\/a><\/div>\n","protected":false},"author":12,"featured_media":126424,"comment_status":"open","ping_status":"open","sticky":false,"template":"","format":"standard","meta":{"footnotes":""},"categories":[10892,10948,10894,10947,10906,10896],"tags":[10899,15024],"class_list":["post-172532","post","type-post","status-publish","format-standard","has-post-thumbnail","category-camp-de-turia-ca","category-infraestructuras-ca","category-la-comarca-ca","category-politica","category-riba-roja-ca","category-seccion-ca","tag-camp-de-turia-ca","tag-riba-roja-de-turia-ca"],"_links":{"self":[{"href":"https:\/\/tucomarca.whitekongsoftware.com\/ca\/wp-json\/wp\/v2\/posts\/172532","targetHints":{"allow":["GET"]}}],"collection":[{"href":"https:\/\/tucomarca.whitekongsoftware.com\/ca\/wp-json\/wp\/v2\/posts"}],"about":[{"href":"https:\/\/tucomarca.whitekongsoftware.com\/ca\/wp-json\/wp\/v2\/types\/post"}],"author":[{"embeddable":true,"href":"https:\/\/tucomarca.whitekongsoftware.com\/ca\/wp-json\/wp\/v2\/users\/12"}],"replies":[{"embeddable":true,"href":"https:\/\/tucomarca.whitekongsoftware.com\/ca\/wp-json\/wp\/v2\/comments?post=172532"}],"version-history":[{"count":0,"href":"https:\/\/tucomarca.whitekongsoftware.com\/ca\/wp-json\/wp\/v2\/posts\/172532\/revisions"}],"wp:featuredmedia":[{"embeddable":true,"href":"https:\/\/tucomarca.whitekongsoftware.com\/ca\/wp-json\/wp\/v2\/media\/126424"}],"wp:attachment":[{"href":"https:\/\/tucomarca.whitekongsoftware.com\/ca\/wp-json\/wp\/v2\/media?parent=172532"}],"wp:term":[{"taxonomy":"category","embeddable":true,"href":"https:\/\/tucomarca.whitekongsoftware.com\/ca\/wp-json\/wp\/v2\/categories?post=172532"},{"taxonomy":"post_tag","embeddable":true,"href":"https:\/\/tucomarca.whitekongsoftware.com\/ca\/wp-json\/wp\/v2\/tags?post=172532"}],"curies":[{"name":"wp","href":"https:\/\/api.w.org\/{rel}","templated":true}]}}