{"id":172506,"date":"2022-11-18T09:05:00","date_gmt":"2022-11-18T07:05:00","guid":{"rendered":"https:\/\/www.tucomarca.com\/wordpress\/segunda\/?p=172506"},"modified":"2022-11-18T10:39:16","modified_gmt":"2022-11-18T08:39:16","slug":"un-grup-de-xiquets-i-xiquetes-del-collegi-cervantes-visiten-i-coneixen-la-policia-local-de-bunyol","status":"publish","type":"post","link":"https:\/\/tucomarca.whitekongsoftware.com\/ca\/un-grup-de-xiquets-i-xiquetes-del-collegi-cervantes-visiten-i-coneixen-la-policia-local-de-bunyol\/","title":{"rendered":"Un grup de xiquets i xiquetes del Col\u00b7legi Cervantes visiten i coneixen la Policia Local de Bunyol"},"content":{"rendered":"\n<p class=\"wp-block-paragraph\">Un grup de xiquetes i xiquets del CEIP Cervantes, pertanyents a la classe d&#8217;Infantil 5 anys, han visitat la Policia Local de Bunyol per a con\u00e9ixer la important labor que realitzen en el seu dia a dia garantint la seguretat de tota la ciutadania del municipi.<br>L&#8217;eixida est\u00e0 emmarcada en el projecte anomenat \u201cProtagonistes de la Classe\u201d que permet als xicotets con\u00e9ixer algun servei p\u00fablic que ofereix l&#8217;Ajuntament de Bunyol. En aquest cas, la regidoria d&#8217;Interior, que dirigeix Mar\u00eda Vall\u00e9s, al costat del cap de policia Antonio Mu\u00f1oz han facilitat aquesta visita a les instal\u00b7lacions de la Policia Local en la qual els seus agents han interactuat i ensenyat a l&#8217;alumnat les funcions que exerceixen en el seu dia a dia.<br>Aquests alumnes han rebut un diploma i carnet acreditatiu com a policia local infantil de Bunyol.<\/p>\n","protected":false},"excerpt":{"rendered":"<div class=\"mh-excerpt\">Un grup de xiquetes i xiquets del CEIP Cervantes, pertanyents a la classe d&#8217;Infantil 5 anys, han visitat la Policia Local de Bunyol per a con\u00e9ixer la important labor que realitzen en el seu dia <a class=\"mh-excerpt-more\" href=\"https:\/\/tucomarca.whitekongsoftware.com\/ca\/un-grup-de-xiquets-i-xiquetes-del-collegi-cervantes-visiten-i-coneixen-la-policia-local-de-bunyol\/\" title=\"Un grup de xiquets i xiquetes del Col\u00b7legi Cervantes visiten i coneixen la Policia Local de Bunyol\">[+] <\/a><\/div>\n","protected":false},"author":12,"featured_media":172505,"comment_status":"open","ping_status":"open","sticky":false,"template":"","format":"standard","meta":{"footnotes":""},"categories":[10911,10948,10894,10912,10896],"tags":[10913,11975,10914],"class_list":["post-172506","post","type-post","status-publish","format-standard","has-post-thumbnail","category-bunol-ca","category-infraestructuras-ca","category-la-comarca-ca","category-la-hoya-ca","category-seccion-ca","tag-bunol-ca","tag-ceip-cervantes-ca","tag-la-hoya-de-bunol-chiva-ca"],"_links":{"self":[{"href":"https:\/\/tucomarca.whitekongsoftware.com\/ca\/wp-json\/wp\/v2\/posts\/172506","targetHints":{"allow":["GET"]}}],"collection":[{"href":"https:\/\/tucomarca.whitekongsoftware.com\/ca\/wp-json\/wp\/v2\/posts"}],"about":[{"href":"https:\/\/tucomarca.whitekongsoftware.com\/ca\/wp-json\/wp\/v2\/types\/post"}],"author":[{"embeddable":true,"href":"https:\/\/tucomarca.whitekongsoftware.com\/ca\/wp-json\/wp\/v2\/users\/12"}],"replies":[{"embeddable":true,"href":"https:\/\/tucomarca.whitekongsoftware.com\/ca\/wp-json\/wp\/v2\/comments?post=172506"}],"version-history":[{"count":0,"href":"https:\/\/tucomarca.whitekongsoftware.com\/ca\/wp-json\/wp\/v2\/posts\/172506\/revisions"}],"wp:featuredmedia":[{"embeddable":true,"href":"https:\/\/tucomarca.whitekongsoftware.com\/ca\/wp-json\/wp\/v2\/media\/172505"}],"wp:attachment":[{"href":"https:\/\/tucomarca.whitekongsoftware.com\/ca\/wp-json\/wp\/v2\/media?parent=172506"}],"wp:term":[{"taxonomy":"category","embeddable":true,"href":"https:\/\/tucomarca.whitekongsoftware.com\/ca\/wp-json\/wp\/v2\/categories?post=172506"},{"taxonomy":"post_tag","embeddable":true,"href":"https:\/\/tucomarca.whitekongsoftware.com\/ca\/wp-json\/wp\/v2\/tags?post=172506"}],"curies":[{"name":"wp","href":"https:\/\/api.w.org\/{rel}","templated":true}]}}