{"id":172215,"date":"2022-11-15T09:55:00","date_gmt":"2022-11-15T07:55:00","guid":{"rendered":"https:\/\/www.tucomarca.com\/wordpress\/segunda\/?p=172215"},"modified":"2022-11-15T20:17:24","modified_gmt":"2022-11-15T18:17:24","slug":"la-pobla-de-vallbona-allega-contra-la-linia-de-molt-alta-tensio-pel-seu-impacte-sobre-la-biodiversitat-el-model-territorial-i-els-habitats-autoctons-de-la-localitat","status":"publish","type":"post","link":"https:\/\/tucomarca.whitekongsoftware.com\/ca\/la-pobla-de-vallbona-allega-contra-la-linia-de-molt-alta-tensio-pel-seu-impacte-sobre-la-biodiversitat-el-model-territorial-i-els-habitats-autoctons-de-la-localitat\/","title":{"rendered":"La Pobla de Vallbona al\u00b7lega contra la l\u00ednia de Molt Alta Tensi\u00f3 pel seu impacte sobre la biodiversitat, el model territorial i els h\u00e0bitats aut\u00f2ctons de la localitat&nbsp;"},"content":{"rendered":"\n<h4 class=\"wp-block-heading\">L&#8217;ajuntament presenta diverses al\u00b7legacions al projecte d&#8217;una empresa&nbsp;<\/h4>\n\n\n\n<p class=\"wp-block-paragraph\">El PSPV-PSOE de la Pobla de Vallbona ha expressat la seua oposici\u00f3 al pas de la l\u00ednia de Molt Alta Tensi\u00f3 (MAT) que travessar\u00e0 el terme municipal per la seua part nord com a part del recorregut que s&#8217;inicia a Terol i conclou en la ve\u00efna localitat de l&#8217;Eliana. El projecte, impulsat per una empresa privada, que traslladar\u00e0 l&#8217;energia produ\u00eft pels parcs fotovoltaics fins a l&#8217;estaci\u00f3 el\u00e8ctrica de l&#8217;Eliana.&nbsp;<\/p>\n\n\n\n<p class=\"wp-block-paragraph\">L&#8217;agrupaci\u00f3 socialista de la Pobla de Vallbona s&#8217;alinea, d&#8217;aquesta manera, amb la posici\u00f3 adoptada per l&#8217;ajuntament local \u2013del qual forma part del govern de coalici\u00f3- que ha elaborat una bateria d&#8217;al\u00b7legacions en considerar que aquest projecte alterar\u00e0 la biodiversitat de la zona, els h\u00e0bitats aut\u00f2ctons i el model territorial que s&#8217;inclou en el pla general i que va ser aprovat per la Generalitat Valenciana.&nbsp;<\/p>\n\n\n\n<p class=\"wp-block-paragraph\">El projecte inicial preveu la instal\u00b7laci\u00f3 de fins a quatre torres de suport per a la l\u00ednia de molt alta tensi\u00f3 en la zona nord del terme municipal de la Pobla de Vallbona, dos d&#8217;ells estan previstos sobre s\u00f2l no urbanitzable protegit per l&#8217;exist\u00e8ncia de masses arb\u00f2ries de naturalesa forestal i altres dos suports envaeixen una Infraestructura Verda d&#8217;\u00e0mbit auton\u00f2mic de tipus fluvial l&#8217;ampl\u00e0ria del qual abasta en l&#8217;\u00e0mbit d&#8217;aquest municipi un total de 900 metres. Els dos suports estan previstos dins del corredor.&nbsp;<\/p>\n\n\n\n<p class=\"wp-block-paragraph\">Les al\u00b7legacions presentades consideren que el projecte afecta directament a la infraestructura verda i, per tant, a l&#8217;ordenaci\u00f3 estructural de la Pobla de Vallbona i altera la vertebraci\u00f3 dels espais de major valor. Per aix\u00f2, el govern local reclama una modificaci\u00f3 del tra\u00e7at inicial previst en aconseguir \u00e0rees protegides i, per tant, s&#8217;evite una degradaci\u00f3 de la zona.&nbsp;<\/p>\n\n\n\n<p class=\"wp-block-paragraph\">El PSPV subratlla, tamb\u00e9, l&#8217;afectaci\u00f3 que suposar\u00e0 el projecte sobre els recursos naturals, la flora i la fauna, aix\u00ed com el paisatge de la Pobla de Vallbona, entre els quals destaquen els matolls termo-mediterranis i pre-est\u00e9picos, els prats calcaris c\u00e0rstics o bas\u00f2fils del alysso-sedion albi i els cerrillares, entre altres aspectes existents sobre la zona per la qual est\u00e0 previst el pas de la l\u00ednia de molt alta tensi\u00f3.&nbsp;<\/p>\n\n\n\n<p class=\"wp-block-paragraph\">De fet, el PSPV de la Pobla de Vallbona adverteix que per la zona triada en el tra\u00e7at inicial es troba una gran diversitat d&#8217;avifauna en una zona considerada priorit\u00e0ria protegida, precisament, per aquestes esp\u00e8cies. Per tant, la instal\u00b7laci\u00f3 del cable en l&#8217;interior del qual s&#8217;arriben a transportar fins a 400 quilowatts pot suposar un risc per electrocuci\u00f3 i col\u00b7lisi\u00f3 per a l&#8217;avifauna existent.&nbsp;<\/p>\n\n\n\n<p class=\"wp-block-paragraph\">L&#8217;impacte visual i paisatg\u00edstic \u00e9s un altre dels aspectes que s&#8217;han tingut en compte a l&#8217;hora d&#8217;elaborar les al\u00b7legacions municipals ja que en el projecte no s&#8217;ha arribat a realitzar el preceptiu estudi d&#8217;integraci\u00f3 paisatg\u00edstica. Cal recordar que l&#8217;\u00e0rea afectada pel pas de la l\u00ednia de molt alta tensi\u00f3 permet als habitants observar el paratge natural municipal de la Manguilla i la Serra Calderona sense cap obstacle, alguna cosa que es trencaria amb la instal\u00b7laci\u00f3 dels pals projectats. Quatre dels sis pals estan previstos en zones de m\u00e0xima exposici\u00f3 visual.&nbsp;<\/p>\n\n\n\n<p class=\"wp-block-paragraph\">Per aix\u00f2, des del PSPV de la Pobla de Vallbona es dona suport a la necessitat d&#8217;elaborar el citat estudi d&#8217;integraci\u00f3 paisatg\u00edstica per a adoptar les preceptives mesurades de gesti\u00f3, millora i salvaguarda de la qualitat, tant dels paisatges naturals i rurals com els urbans i els periurbans, a m\u00e9s d&#8217;un foment de la participaci\u00f3 p\u00fablica i de la coordinaci\u00f3 de les diferents administracions competents.&nbsp;<\/p>\n\n\n\n<p class=\"wp-block-paragraph\">La candidata socialista a l&#8217;alcaldia de la Pobla de Vallbona, Noem\u00ed Morales, ha reclamat \u201cuna modificaci\u00f3 del tra\u00e7at inicial previst en el projecte perqu\u00e8 es recullen i incloguen totes les al\u00b7legacions aportades per l&#8217;ajuntament i que suposen una protecci\u00f3 notable sobre les \u00e0rees afectades on la diversitat de flora, fauna i h\u00e0bitats naturals s\u00f3n un fet constatat, a m\u00e9s de l&#8217;impacte visual que s&#8217;exercir\u00e0 sobre la zona nord i la seua mirada a la Serra Calderona i la Manguilla, dues de les joies ambientals m\u00e9s estimades pels nostres ve\u00efns\u201d.<\/p>\n\n\n\n<p class=\"wp-block-paragraph\"><\/p>\n","protected":false},"excerpt":{"rendered":"<div class=\"mh-excerpt\">L&#8217;ajuntament presenta diverses al\u00b7legacions al projecte d&#8217;una empresa&nbsp; El PSPV-PSOE de la Pobla de Vallbona ha expressat la seua oposici\u00f3 al pas de la l\u00ednia de Molt Alta Tensi\u00f3 (MAT) que travessar\u00e0 el terme municipal <a class=\"mh-excerpt-more\" href=\"https:\/\/tucomarca.whitekongsoftware.com\/ca\/la-pobla-de-vallbona-allega-contra-la-linia-de-molt-alta-tensio-pel-seu-impacte-sobre-la-biodiversitat-el-model-territorial-i-els-habitats-autoctons-de-la-localitat\/\" title=\"La Pobla de Vallbona al\u00b7lega contra la l\u00ednia de Molt Alta Tensi\u00f3 pel seu impacte sobre la biodiversitat, el model territorial i els h\u00e0bitats aut\u00f2ctons de la localitat&nbsp;\">[+] <\/a><\/div>\n","protected":false},"author":12,"featured_media":172214,"comment_status":"open","ping_status":"open","sticky":false,"template":"","format":"standard","meta":{"footnotes":""},"categories":[10892,10894,10915,10903,10947,10896],"tags":[10899,10916,11319],"class_list":["post-172215","post","type-post","status-publish","format-standard","has-post-thumbnail","category-camp-de-turia-ca","category-la-comarca-ca","category-la-pobla-ca","category-medio-ambiente-la-comarca-ca","category-politica","category-seccion-ca","tag-camp-de-turia-ca","tag-la-pobla-de-vallbona-ca","tag-pspv-psoe-ca"],"_links":{"self":[{"href":"https:\/\/tucomarca.whitekongsoftware.com\/ca\/wp-json\/wp\/v2\/posts\/172215","targetHints":{"allow":["GET"]}}],"collection":[{"href":"https:\/\/tucomarca.whitekongsoftware.com\/ca\/wp-json\/wp\/v2\/posts"}],"about":[{"href":"https:\/\/tucomarca.whitekongsoftware.com\/ca\/wp-json\/wp\/v2\/types\/post"}],"author":[{"embeddable":true,"href":"https:\/\/tucomarca.whitekongsoftware.com\/ca\/wp-json\/wp\/v2\/users\/12"}],"replies":[{"embeddable":true,"href":"https:\/\/tucomarca.whitekongsoftware.com\/ca\/wp-json\/wp\/v2\/comments?post=172215"}],"version-history":[{"count":0,"href":"https:\/\/tucomarca.whitekongsoftware.com\/ca\/wp-json\/wp\/v2\/posts\/172215\/revisions"}],"wp:featuredmedia":[{"embeddable":true,"href":"https:\/\/tucomarca.whitekongsoftware.com\/ca\/wp-json\/wp\/v2\/media\/172214"}],"wp:attachment":[{"href":"https:\/\/tucomarca.whitekongsoftware.com\/ca\/wp-json\/wp\/v2\/media?parent=172215"}],"wp:term":[{"taxonomy":"category","embeddable":true,"href":"https:\/\/tucomarca.whitekongsoftware.com\/ca\/wp-json\/wp\/v2\/categories?post=172215"},{"taxonomy":"post_tag","embeddable":true,"href":"https:\/\/tucomarca.whitekongsoftware.com\/ca\/wp-json\/wp\/v2\/tags?post=172215"}],"curies":[{"name":"wp","href":"https:\/\/api.w.org\/{rel}","templated":true}]}}