{"id":172089,"date":"2022-11-14T10:00:00","date_gmt":"2022-11-14T08:00:00","guid":{"rendered":"https:\/\/www.tucomarca.com\/wordpress\/segunda\/?p=172089"},"modified":"2022-11-15T00:10:50","modified_gmt":"2022-11-14T22:10:50","slug":"youth-climate-save-valencia-realitza-una-neteja-de-muntanya-a-xiva","status":"publish","type":"post","link":"https:\/\/tucomarca.whitekongsoftware.com\/ca\/youth-climate-save-valencia-realitza-una-neteja-de-muntanya-a-xiva\/","title":{"rendered":"Youth Climate Save Val\u00e8ncia realitza una neteja de muntanya a Xiva"},"content":{"rendered":"\n<p class=\"wp-block-paragraph\">Youth Climate Save Val\u00e8ncia porta dos anys realitzant esdeveniments en diferents localitats, com la de Xiva, on s&#8217;han realitzat comptant aquesta, 5 neteges de muntanyes.&nbsp;<\/p>\n\n\n\n<p class=\"wp-block-paragraph\">Membres d&#8217;aquesta organitzaci\u00f3 han realitzat l&#8217;\u00faltima recollida a Xiva aquest passat diumenge, 13 de novembre, en la qual han retirat de la muntanya un total de: 21 bosses de 100 litres, 2 cadires, 1 pneum\u00e0tic, canonades, metalls, medicaments i material sanitari com a xeringues, pl\u00e0stics, 1 matalasset, 2 ulleres, restes de amaca, material de piscina, fins i tot un animal mort embolicat en una bossa de roba.<\/p>\n\n\n\n<p class=\"wp-block-paragraph\">Despr\u00e9s de finalitzar la recollida les assistents van gaudir d&#8217;un p\u00edcnic 100% vegetal, concorde a la filosofia de la cura del planeta.<\/p>\n\n\n\n<p class=\"wp-block-paragraph\">A m\u00e9s, dijous que ve es realitzar\u00e0 un cinef\u00f3rum, on emetr\u00e0 un documental anomenat &#8220;Menjant el nostre cam\u00ed a l&#8217;extinci\u00f3&#8221; sobre l&#8217;impacte ambiental que t\u00e9 el agronegocio i l&#8217;agricultura animal en el planeta. L&#8217;acte es realitzar\u00e0 en Sala \u00c1gora de Xiva situada al carrer Ex\u00e8rcit Espanyol. Tots dos esdeveniments estan organitzats per Emi Navarro i Juan Mart\u00ednez.<\/p>\n\n\n\n<p class=\"wp-block-paragraph\">La conscienciaci\u00f3 del col\u00b7lectiu es fa principalment mitjan\u00e7ant l&#8217;Instagram &#8220;Youth climate save Val\u00e8ncia&#8221;.<\/p>\n\n\n\n<p class=\"wp-block-paragraph\"><\/p>\n","protected":false},"excerpt":{"rendered":"<div class=\"mh-excerpt\">Youth Climate Save Val\u00e8ncia porta dos anys realitzant esdeveniments en diferents localitats, com la de Xiva, on s&#8217;han realitzat comptant aquesta, 5 neteges de muntanyes.&nbsp; Membres d&#8217;aquesta organitzaci\u00f3 han realitzat l&#8217;\u00faltima recollida a Xiva aquest <a class=\"mh-excerpt-more\" href=\"https:\/\/tucomarca.whitekongsoftware.com\/ca\/youth-climate-save-valencia-realitza-una-neteja-de-muntanya-a-xiva\/\" title=\"Youth Climate Save Val\u00e8ncia realitza una neteja de muntanya a Xiva\">[+] <\/a><\/div>\n","protected":false},"author":12,"featured_media":172086,"comment_status":"open","ping_status":"open","sticky":false,"template":"","format":"standard","meta":{"footnotes":""},"categories":[10894,10912,10903,10896,10975],"tags":[11195,10914,18279],"class_list":["post-172089","post","type-post","status-publish","format-standard","has-post-thumbnail","category-la-comarca-ca","category-la-hoya-ca","category-medio-ambiente-la-comarca-ca","category-seccion-ca","category-chiva-ca","tag-chiva-ca","tag-la-hoya-de-bunol-chiva-ca","tag-youth-climate-save-valencia-ca"],"_links":{"self":[{"href":"https:\/\/tucomarca.whitekongsoftware.com\/ca\/wp-json\/wp\/v2\/posts\/172089","targetHints":{"allow":["GET"]}}],"collection":[{"href":"https:\/\/tucomarca.whitekongsoftware.com\/ca\/wp-json\/wp\/v2\/posts"}],"about":[{"href":"https:\/\/tucomarca.whitekongsoftware.com\/ca\/wp-json\/wp\/v2\/types\/post"}],"author":[{"embeddable":true,"href":"https:\/\/tucomarca.whitekongsoftware.com\/ca\/wp-json\/wp\/v2\/users\/12"}],"replies":[{"embeddable":true,"href":"https:\/\/tucomarca.whitekongsoftware.com\/ca\/wp-json\/wp\/v2\/comments?post=172089"}],"version-history":[{"count":0,"href":"https:\/\/tucomarca.whitekongsoftware.com\/ca\/wp-json\/wp\/v2\/posts\/172089\/revisions"}],"wp:featuredmedia":[{"embeddable":true,"href":"https:\/\/tucomarca.whitekongsoftware.com\/ca\/wp-json\/wp\/v2\/media\/172086"}],"wp:attachment":[{"href":"https:\/\/tucomarca.whitekongsoftware.com\/ca\/wp-json\/wp\/v2\/media?parent=172089"}],"wp:term":[{"taxonomy":"category","embeddable":true,"href":"https:\/\/tucomarca.whitekongsoftware.com\/ca\/wp-json\/wp\/v2\/categories?post=172089"},{"taxonomy":"post_tag","embeddable":true,"href":"https:\/\/tucomarca.whitekongsoftware.com\/ca\/wp-json\/wp\/v2\/tags?post=172089"}],"curies":[{"name":"wp","href":"https:\/\/api.w.org\/{rel}","templated":true}]}}