{"id":171876,"date":"2022-11-11T13:10:00","date_gmt":"2022-11-11T11:10:00","guid":{"rendered":"https:\/\/www.tucomarca.com\/wordpress\/segunda\/?p=171876"},"modified":"2022-11-11T23:10:11","modified_gmt":"2022-11-11T21:10:11","slug":"la-regidoria-de-cultura-de-lajuntament-de-bunyol-organitza-li-festival-coral-vila-de-bunyol-aquest-diumenge-en-el-palau-de-la-musica","status":"publish","type":"post","link":"https:\/\/tucomarca.whitekongsoftware.com\/ca\/la-regidoria-de-cultura-de-lajuntament-de-bunyol-organitza-li-festival-coral-vila-de-bunyol-aquest-diumenge-en-el-palau-de-la-musica\/","title":{"rendered":"La regidoria de Cultura de l&#8217;Ajuntament de Bunyol organitza l&#8217;I Festival Coral Vila de Bunyol aquest diumenge en el Palau de la M\u00fasica"},"content":{"rendered":"\n<h4 class=\"wp-block-heading\">Tindr\u00e0 lloc a les 18h aquest diumenge 13 de novembre i comptar\u00e0 amb l&#8217;actuaci\u00f3 dels tres cors del municipi: Cor Conservatori Professional de M\u00fasica Sant Rafael de Bunyol, Cor Orfeos de la SM L&#8217;Art\u00edstica de Bunyol i la Coral Polif\u00f2nica del CIM L&#8217;Harm\u00f2nica de Bunyol. Actuaran com a cors convidats l&#8217;Assemble Musical Contemporani de la UPV, l&#8217;Associaci\u00f3 Cultural Veus Forn d\u2019Alcedo de Val\u00e8ncia i la Coral Veus del T\u00faria de Riba-Roja del T\u00faria.<\/h4>\n\n\n\n<p class=\"wp-block-paragraph\">Mireia Parla, regidora de Cultura de l&#8217;Ajuntament de Bunyol convida a tota la poblaci\u00f3 a assistir a un espectacle \u00fanic que tindr\u00e0 lloc aquest diumenge 13 de novembre en el Palau de la M\u00fasica de la localitat a partir de les 18h. Per primera vegada es posaran en escena els tres cors que hi ha en el municipi, \u201cque tenen una fren\u00e8tica activitat, molt nombrosos i amb una excel\u00b7lent qualitat musical i vocal, com s\u00f3n els cors del Conservatori de M\u00fasica Professional Sant Rafael, de la Societat Musical L&#8217;Art\u00edstica i del Centre Instructiu Musical L&#8217;Harm\u00f2nica\u201d.<br>Amb entrada gratu\u00efta es posaran en escena: el cor del Conservatori Professional de M\u00fasica Sant Rafael de Bunyol, juntament amb el cor convidat del Ensamble Musical Contemporani de la UPV; el Cor Orfeos de la SM L&#8217;Art\u00edstica de Bunyol, juntament amb el cor convidat de l&#8217;Associaci\u00f3 Cultural Veus Forn d\u2019Alcedo de Val\u00e8ncia; i la coral polif\u00f2nica del CIM L&#8217;Harm\u00f2nica de Bunyol, juntament amb el cor convidat de la Coral Veus del T\u00faria de Riba \u2013 Roja del T\u00faria.&nbsp;<br>Tots ells comptaran amb uns 20 minutos d&#8217;actuaci\u00f3 amb can\u00e7ons que faran les del\u00edcies del p\u00fablic present, \u201cque estem segurs que acaben tancant-les amb clau p\u00fablic i cors\u201d, confirma l&#8217;edil de Cultura. Qui confirma que en \u00faltim lloc actuar\u00e0 el cor del Conservatori, finalitzant amb l&#8217;Himne a Bunyol perqu\u00e8 tots puguen cantar-lo.&nbsp;<br>Mireia Parla agraeix la implicaci\u00f3 i el treball que des que va arrancar aquesta idea han mostrat els tres directors dels cors locals, \u201cper aix\u00f2 agra\u00efsc enormement el f\u00e0cil que ho han fet tot els tres directors: Enrique Hern\u00e1ndez (cor conservatori); Jos\u00e9 Ram\u00f3n Peinado (cor Orfeos de L&#8217;Art\u00edstica) i Jos\u00e9 Carrascosa (Coral polif\u00f2nica de L&#8217;Harm\u00f2nica). Ha sigut un plaer treballar amb ells. \u00c9s un regal comptar amb aquests cors i per aix\u00f2 i la seua activitat fren\u00e8tica cr\u00e9iem que hav\u00edem de fer algun acte conjunt per al gaudi de tot el poble i com a premi a aquesta gran labor que fan di\u00e0riament en la localitat\u201d, va finalitzar l&#8217;edil bu\u00f1olense.&nbsp;<br>A m\u00e9s, aquest concert est\u00e0 perfectament emmarcat en uns dies en qu\u00e8 ja gran part de societats musicals de la comarca i de la Comunitat Valenciana celebren actes en honor a Santa Cecilia, patrona de la m\u00fasica. Aquest gran espectacle musical podr\u00e0 veure&#8217;s en el Palau de la M\u00fasica a partir de les 18h.<\/p>\n\n\n\n<p class=\"wp-block-paragraph\"><\/p>\n","protected":false},"excerpt":{"rendered":"<div class=\"mh-excerpt\">Tindr\u00e0 lloc a les 18h aquest diumenge 13 de novembre i comptar\u00e0 amb l&#8217;actuaci\u00f3 dels tres cors del municipi: Cor Conservatori Professional de M\u00fasica Sant Rafael de Bunyol, Cor Orfeos de la SM L&#8217;Art\u00edstica de <a class=\"mh-excerpt-more\" href=\"https:\/\/tucomarca.whitekongsoftware.com\/ca\/la-regidoria-de-cultura-de-lajuntament-de-bunyol-organitza-li-festival-coral-vila-de-bunyol-aquest-diumenge-en-el-palau-de-la-musica\/\" title=\"La regidoria de Cultura de l&#8217;Ajuntament de Bunyol organitza l&#8217;I Festival Coral Vila de Bunyol aquest diumenge en el Palau de la M\u00fasica\">[+] <\/a><\/div>\n","protected":false},"author":12,"featured_media":171875,"comment_status":"open","ping_status":"open","sticky":false,"template":"","format":"standard","meta":{"footnotes":""},"categories":[11019,10911,10892,11005,10894,10912,11007,10906,10896],"tags":[10913,18262,10914,12827],"class_list":["post-171876","post","type-post","status-publish","format-standard","has-post-thumbnail","category-agenda-ca","category-bunol-ca","category-camp-de-turia-ca","category-canal-musica","category-la-comarca-ca","category-la-hoya-ca","category-ocio-y-cultura-ca","category-riba-roja-ca","category-seccion-ca","tag-bunol-ca","tag-la-concejalia-de-cultura-del-ayuntamiento-de-bunol-organiza-el-i-festival-coral-villa-de-bunol-este-domingo-en-el-palacio-de-la-musica-ca","tag-la-hoya-de-bunol-chiva-ca","tag-palacio-de-la-musica-ca"],"_links":{"self":[{"href":"https:\/\/tucomarca.whitekongsoftware.com\/ca\/wp-json\/wp\/v2\/posts\/171876","targetHints":{"allow":["GET"]}}],"collection":[{"href":"https:\/\/tucomarca.whitekongsoftware.com\/ca\/wp-json\/wp\/v2\/posts"}],"about":[{"href":"https:\/\/tucomarca.whitekongsoftware.com\/ca\/wp-json\/wp\/v2\/types\/post"}],"author":[{"embeddable":true,"href":"https:\/\/tucomarca.whitekongsoftware.com\/ca\/wp-json\/wp\/v2\/users\/12"}],"replies":[{"embeddable":true,"href":"https:\/\/tucomarca.whitekongsoftware.com\/ca\/wp-json\/wp\/v2\/comments?post=171876"}],"version-history":[{"count":0,"href":"https:\/\/tucomarca.whitekongsoftware.com\/ca\/wp-json\/wp\/v2\/posts\/171876\/revisions"}],"wp:featuredmedia":[{"embeddable":true,"href":"https:\/\/tucomarca.whitekongsoftware.com\/ca\/wp-json\/wp\/v2\/media\/171875"}],"wp:attachment":[{"href":"https:\/\/tucomarca.whitekongsoftware.com\/ca\/wp-json\/wp\/v2\/media?parent=171876"}],"wp:term":[{"taxonomy":"category","embeddable":true,"href":"https:\/\/tucomarca.whitekongsoftware.com\/ca\/wp-json\/wp\/v2\/categories?post=171876"},{"taxonomy":"post_tag","embeddable":true,"href":"https:\/\/tucomarca.whitekongsoftware.com\/ca\/wp-json\/wp\/v2\/tags?post=171876"}],"curies":[{"name":"wp","href":"https:\/\/api.w.org\/{rel}","templated":true}]}}