{"id":171846,"date":"2022-10-27T20:00:00","date_gmt":"2022-10-27T18:00:00","guid":{"rendered":"https:\/\/www.tucomarca.com\/wordpress\/segunda\/?p=171846"},"modified":"2022-11-11T14:37:10","modified_gmt":"2022-11-11T12:37:10","slug":"benaixeve-prepara-el-cami-a-la-primer-comunitat-energetica-del-municipi","status":"publish","type":"post","link":"https:\/\/tucomarca.whitekongsoftware.com\/ca\/benaixeve-prepara-el-cami-a-la-primer-comunitat-energetica-del-municipi\/","title":{"rendered":"Benaixeve prepara el cam\u00ed a la primer comunitat energ\u00e8tica del municipi"},"content":{"rendered":"\n<h3 class=\"wp-block-heading\"><strong>Amb aquest projecte est\u00e0 previst que es produ\u00efsca un estalvi en la factura de la llum d&#8217;entre el 20 i el 30%.<\/strong><\/h3>\n\n\n\n<p class=\"wp-block-paragraph\">L&#8217;Ajuntament de Benaixeve prepara el cam\u00ed a la transici\u00f3 energ\u00e8tica del municipi, amb l&#8217;impuls a la creaci\u00f3 d&#8217;una comunitat energ\u00e8tica en la localitat. Per a posar en marxa aquest projecte l&#8217;Ajuntament compta amb el suport i assessorament de Sapiens Energia.<br>L&#8217;Ajuntament cedeix la coberta d&#8217;una nau municipal situada darrere de la piscina, en la qual est\u00e0 previst muntar una instal\u00b7laci\u00f3 d&#8217;una pot\u00e8ncia de 25,55 kW nominals. Aquesta instal\u00b7laci\u00f3 subministrar\u00e0 energia tant a les persones que s&#8217;adherisquen al projecte i formen part de la comunitat energ\u00e8tica com a edificis municipals.<br>L&#8217;impacte de la creaci\u00f3 i posada en marxa d&#8217;una comunitat energ\u00e8tica no sols ser\u00e0 mediambiental, ja que usa energia neta, que redueix la petjada de carboni per ser de quil\u00f2metre zero, m\u00e9s eficient i sostenible. Ser\u00e0 tamb\u00e9 un impacte econ\u00f2mic, ja que es produeix un estalvi en la factura de la llum d&#8217;entre el 20 i el 30% anual.<br>Per a explicar en qu\u00e8 consisteix una comunitat energ\u00e8tica i activar la participaci\u00f3 ciutadana l&#8217;equip de dinamitzadors\/as de Sapiens Energia realitzar\u00e0 dues jornades informatives:\u00a0<br>Jornada de presentaci\u00f3: divendres, 28 d&#8217;octubre, a les 18.00 hores, en la Sala d&#8217;actes de l&#8217;Ajuntament. En aquesta sessi\u00f3 s&#8217;explicar\u00e0 qu\u00e8 \u00e9s una comunitat energ\u00e8tica, com funciona, per qu\u00e8 l&#8217;autoconsum abarateix la factura de la llum&#8230; i es resoldran tots els dubtes de les persones assistents.<br>Jornada de creaci\u00f3 i formaci\u00f3: divendres, 11 de novembre, a les 18.00 hores, en la Sala d&#8217;actes de l&#8217;Ajuntament. Es parlar\u00e0 de les caracter\u00edstiques de les comunitats energ\u00e8tiques, alternatives per a la seua constituci\u00f3, organitzaci\u00f3, diferents formes de participaci\u00f3&#8230; En aquesta jornada es plantejar\u00e0 el model de gesti\u00f3 m\u00e9s adequat a Benaixeve i es podran presentar les candidatures per a formar part de l&#8217;\u00f2rgan de representaci\u00f3 de la comunitat energ\u00e8tica.<br>Rafael *Darijo, alcalde de Benaixeve, convida a la ciutadania \u201ca participar en aquesta iniciativa, que tindr\u00e0 un gran impacte en el municipi, per l&#8217;estalvi econ\u00f2mic i tamb\u00e9 pel benefici mediambiental que suposa apostar per les energies renovables, m\u00e9s eficients i sostenibles. Aquest projecte se suma a altres iniciatives de l&#8217;Ajuntament per a reduir el consum energ\u00e8tic, com el canvi de la xarxa d&#8217;enllumenat p\u00fablic i la il\u00b7luminaci\u00f3 dels edificis municipals a led, el vehicle el\u00e8ctric municipal i el punt de rec\u00e0rrega, la transformaci\u00f3 de la calefacci\u00f3 a biomassa i els contenidors intel\u00b7ligents\u201d.<br>Sapiens Energia, empresa de refer\u00e8ncia en la creaci\u00f3 de comunitats energ\u00e8tiques, acompanyar\u00e0 i assessorar\u00e0 al llarg de tot el proc\u00e9s tant a l&#8217;Ajuntament com a la ciutadania perqu\u00e8 el projecte siga una realitat en els pr\u00f2xims mesos.<\/p>\n","protected":false},"excerpt":{"rendered":"<div class=\"mh-excerpt\">Amb aquest projecte est\u00e0 previst que es produ\u00efsca un estalvi en la factura de la llum d&#8217;entre el 20 i el 30%. L&#8217;Ajuntament de Benaixeve prepara el cam\u00ed a la transici\u00f3 energ\u00e8tica del municipi, amb <a class=\"mh-excerpt-more\" href=\"https:\/\/tucomarca.whitekongsoftware.com\/ca\/benaixeve-prepara-el-cami-a-la-primer-comunitat-energetica-del-municipi\/\" title=\"Benaixeve prepara el cam\u00ed a la primer comunitat energ\u00e8tica del municipi\">[+] <\/a><\/div>\n","protected":false},"author":1,"featured_media":130006,"comment_status":"open","ping_status":"open","sticky":false,"template":"","format":"standard","meta":{"footnotes":""},"categories":[11041,11046,10948,10894,10947,10896],"tags":[11198,11928,11080],"class_list":["post-171846","post","type-post","status-publish","format-standard","has-post-thumbnail","category-benageber-ca","category-los-serranos-ca","category-infraestructuras-ca","category-la-comarca-ca","category-politica","category-seccion-ca","tag-benageber-ca","tag-la-serrania-ca","tag-los-serranos-ca"],"_links":{"self":[{"href":"https:\/\/tucomarca.whitekongsoftware.com\/ca\/wp-json\/wp\/v2\/posts\/171846","targetHints":{"allow":["GET"]}}],"collection":[{"href":"https:\/\/tucomarca.whitekongsoftware.com\/ca\/wp-json\/wp\/v2\/posts"}],"about":[{"href":"https:\/\/tucomarca.whitekongsoftware.com\/ca\/wp-json\/wp\/v2\/types\/post"}],"author":[{"embeddable":true,"href":"https:\/\/tucomarca.whitekongsoftware.com\/ca\/wp-json\/wp\/v2\/users\/1"}],"replies":[{"embeddable":true,"href":"https:\/\/tucomarca.whitekongsoftware.com\/ca\/wp-json\/wp\/v2\/comments?post=171846"}],"version-history":[{"count":0,"href":"https:\/\/tucomarca.whitekongsoftware.com\/ca\/wp-json\/wp\/v2\/posts\/171846\/revisions"}],"wp:featuredmedia":[{"embeddable":true,"href":"https:\/\/tucomarca.whitekongsoftware.com\/ca\/wp-json\/wp\/v2\/media\/130006"}],"wp:attachment":[{"href":"https:\/\/tucomarca.whitekongsoftware.com\/ca\/wp-json\/wp\/v2\/media?parent=171846"}],"wp:term":[{"taxonomy":"category","embeddable":true,"href":"https:\/\/tucomarca.whitekongsoftware.com\/ca\/wp-json\/wp\/v2\/categories?post=171846"},{"taxonomy":"post_tag","embeddable":true,"href":"https:\/\/tucomarca.whitekongsoftware.com\/ca\/wp-json\/wp\/v2\/tags?post=171846"}],"curies":[{"name":"wp","href":"https:\/\/api.w.org\/{rel}","templated":true}]}}