{"id":171811,"date":"2022-11-10T17:00:00","date_gmt":"2022-11-10T15:00:00","guid":{"rendered":"https:\/\/www.tucomarca.com\/wordpress\/segunda\/?p=171811"},"modified":"2022-11-10T23:31:34","modified_gmt":"2022-11-10T21:31:34","slug":"la-diputacio-aporta-les-seues-politiques-de-desenvolupament-rural-en-un-congres-sobre-el-paper-del-medi-forestal-davant-el-canvi-climatic","status":"publish","type":"post","link":"https:\/\/tucomarca.whitekongsoftware.com\/ca\/la-diputacio-aporta-les-seues-politiques-de-desenvolupament-rural-en-un-congres-sobre-el-paper-del-medi-forestal-davant-el-canvi-climatic\/","title":{"rendered":"La Diputaci\u00f3 aporta les seues pol\u00edtiques de desenvolupament rural en un congr\u00e9s sobre el paper del medi forestal davant el canvi clim\u00e0tic"},"content":{"rendered":"\n<h4 class=\"wp-block-heading\">La corporaci\u00f3 provincial participa en l&#8217;organitzaci\u00f3 del quart Congr\u00e9s Forestal de la Comunitat, que se celebra a Requena, al costat de la Plataforma Forestal Valenciana, Amufor i la Generalitat<\/h4>\n\n\n\n<h4 class=\"wp-block-heading\">El diputat Ramiro Rivera participa en la taula sobre el paper de les diputacions enfront de la despoblaci\u00f3, en un encontr\u00e9 obert per la responsable de les escoles agr\u00edcoles de la corporaci\u00f3, Eli Garc\u00eda<\/h4>\n\n\n\n<p class=\"wp-block-paragraph\">La Diputaci\u00f3 de Val\u00e8ncia participa, junt amb la Plataforma Forestal Valenciana, Amufor i la Generalitat, en l&#8217;organitzaci\u00f3 del quart Congr\u00e9s Forestal de la Comunitat, que se celebra este dijous i el divendres a Requena, amb el focus posat en el paper del medi forestal com a corrector de desequilibris territorials en un context de canvi clim\u00e0tic.<\/p>\n\n\n\n<p class=\"wp-block-paragraph\">La corporaci\u00f3 provincial aporta les accions i projectes executats des de la delegaci\u00f3 de Desenvolupament Rural i Pol\u00edtiques contra la Despoblaci\u00f3 per a combatre el fantasma de l&#8217;aband\u00f3 i la marginalitat de determinades zones rurals de l&#8217;interior de la prov\u00edncia, amb el corresponent efecte en la cura de les zones forestals i les conseq\u00fc\u00e8ncies associades al canvi clim\u00e0tic.<\/p>\n\n\n\n<p class=\"wp-block-paragraph\">En este sentit, el diputat Ramiro Rivera participar\u00e0 divendres en la taula sobre el paper de les diputacions enfront de la despoblaci\u00f3, al costat del responsable del Repte Demogr\u00e0fic a Alacant, Francisco Javier Sendra, i la diputada de Medi Natural de Castell\u00f3, Mar\u00eda Jim\u00e9nez. Rivera exposar\u00e0 les pol\u00edtiques posades en marxa per la Diputaci\u00f3 de Val\u00e8ncia per a dinamitzar el medi rural, cas de l&#8217;observatori de la dona rural, les ajudes als emprenedors i la digitalitzaci\u00f3 de les empreses dels pobles d\u2019interior, les subvencions a les escoles rurals i la col\u00b7laboraci\u00f3 en projectes com Emprendeaventura i Mentoring Rural, entre altres.<\/p>\n\n\n\n<p class=\"wp-block-paragraph\"><strong>Recursos agroforestals enfront de la crisi<\/strong><\/p>\n\n\n\n<p class=\"wp-block-paragraph\">El Teatre Principal de Requena acull esta trobada en la qual participen la Diputaci\u00f3 i la seua Escola de Viticultura, i que despr\u00e9s de dos jornades de debat i intercanvi de propostes conclour\u00e0 amb la visita a la finca de pr\u00e0ctiques i experi\u00e8ncies forestals situada en el llogaret requenense del Rebollar.<\/p>\n\n\n\n<p class=\"wp-block-paragraph\">El diputat Rivera no \u00e9s l&#8217;\u00fanic representant provincial en el congr\u00e9s, en l&#8217;obertura del qual ha intervingut la diputada Eli Garc\u00eda, responsable dels centres de formaci\u00f3 agr\u00edcola i forestal que la Diputaci\u00f3 t\u00e9 a Catarroja i Requena. Acompanyada per l&#8217;alcalde, Mario S\u00e1nchez, i la secret\u00e0ria auton\u00f2mica de Cohesi\u00f3 Territorial, Elena Cebri\u00e1n, Eli Garc\u00eda ha posat en valor \u201cla import\u00e0ncia dels recursos agroforestals com a base per a la viabilitat ambiental, social i econ\u00f2mica del territori\u201d.<\/p>\n\n\n\n<p class=\"wp-block-paragraph\">La gesti\u00f3 sostenible de les muntanyes emergix com una oportunitat per a fer front al problema de l&#8217;extinci\u00f3 dels grans incendis, i eixa gesti\u00f3 \u00e9s l&#8217;eix central del quart Congr\u00e9s Forestal de la Comunitat, que aborda temes com el sistema de finan\u00e7ament dels municipis d&#8217;\u00e0mbit rural, l&#8217;ordenaci\u00f3 i gesti\u00f3 territorial en els municipis rurals i la comunicaci\u00f3 en el sector forestal com a aliada enfront de la despoblaci\u00f3, que tamb\u00e9 ser\u00e0 tractada des de la perspectiva de la Comissi\u00f3 Europea.<\/p>\n\n\n\n<p class=\"wp-block-paragraph\"><\/p>\n","protected":false},"excerpt":{"rendered":"<div class=\"mh-excerpt\">La corporaci\u00f3 provincial participa en l&#8217;organitzaci\u00f3 del quart Congr\u00e9s Forestal de la Comunitat, que se celebra a Requena, al costat de la Plataforma Forestal Valenciana, Amufor i la Generalitat El diputat Ramiro Rivera participa en <a class=\"mh-excerpt-more\" href=\"https:\/\/tucomarca.whitekongsoftware.com\/ca\/la-diputacio-aporta-les-seues-politiques-de-desenvolupament-rural-en-un-congres-sobre-el-paper-del-medi-forestal-davant-el-canvi-climatic\/\" title=\"La Diputaci\u00f3 aporta les seues pol\u00edtiques de desenvolupament rural en un congr\u00e9s sobre el paper del medi forestal davant el canvi clim\u00e0tic\">[+] <\/a><\/div>\n","protected":false},"author":12,"featured_media":171810,"comment_status":"open","ping_status":"open","sticky":false,"template":"","format":"standard","meta":{"footnotes":""},"categories":[10898,10948,10894,10904,10903,10947,10908,10909,10896],"tags":[12545,11246,10910],"class_list":["post-171811","post","type-post","status-publish","format-standard","has-post-thumbnail","category-ventana-ca","category-infraestructuras-ca","category-la-comarca-ca","category-sin-categorizar-ca","category-medio-ambiente-la-comarca-ca","category-politica","category-requena-ca","category-requena-utiel-ca","category-seccion-ca","tag-cambio-climatico-ca","tag-diputacio-de-valencia-ca","tag-requena-utiel-ca"],"_links":{"self":[{"href":"https:\/\/tucomarca.whitekongsoftware.com\/ca\/wp-json\/wp\/v2\/posts\/171811","targetHints":{"allow":["GET"]}}],"collection":[{"href":"https:\/\/tucomarca.whitekongsoftware.com\/ca\/wp-json\/wp\/v2\/posts"}],"about":[{"href":"https:\/\/tucomarca.whitekongsoftware.com\/ca\/wp-json\/wp\/v2\/types\/post"}],"author":[{"embeddable":true,"href":"https:\/\/tucomarca.whitekongsoftware.com\/ca\/wp-json\/wp\/v2\/users\/12"}],"replies":[{"embeddable":true,"href":"https:\/\/tucomarca.whitekongsoftware.com\/ca\/wp-json\/wp\/v2\/comments?post=171811"}],"version-history":[{"count":0,"href":"https:\/\/tucomarca.whitekongsoftware.com\/ca\/wp-json\/wp\/v2\/posts\/171811\/revisions"}],"wp:featuredmedia":[{"embeddable":true,"href":"https:\/\/tucomarca.whitekongsoftware.com\/ca\/wp-json\/wp\/v2\/media\/171810"}],"wp:attachment":[{"href":"https:\/\/tucomarca.whitekongsoftware.com\/ca\/wp-json\/wp\/v2\/media?parent=171811"}],"wp:term":[{"taxonomy":"category","embeddable":true,"href":"https:\/\/tucomarca.whitekongsoftware.com\/ca\/wp-json\/wp\/v2\/categories?post=171811"},{"taxonomy":"post_tag","embeddable":true,"href":"https:\/\/tucomarca.whitekongsoftware.com\/ca\/wp-json\/wp\/v2\/tags?post=171811"}],"curies":[{"name":"wp","href":"https:\/\/api.w.org\/{rel}","templated":true}]}}