{"id":171788,"date":"2022-11-10T12:00:00","date_gmt":"2022-11-10T10:00:00","guid":{"rendered":"https:\/\/www.tucomarca.com\/wordpress\/segunda\/?p=171788"},"modified":"2022-11-10T22:32:03","modified_gmt":"2022-11-10T20:32:03","slug":"la-regidoria-de-comerc-de-xest-posa-en-marxa-una-accio-comercial-per-a-incentivar-les-compres-locals-durant-el-black-friday","status":"publish","type":"post","link":"https:\/\/tucomarca.whitekongsoftware.com\/ca\/la-regidoria-de-comerc-de-xest-posa-en-marxa-una-accio-comercial-per-a-incentivar-les-compres-locals-durant-el-black-friday\/","title":{"rendered":"La regidoria de Comer\u00e7 de Xest posa en marxa una acci\u00f3 comercial per a incentivar les compres locals durant el \u201cBlack Friday\u201d"},"content":{"rendered":"\n<p class=\"wp-block-paragraph\">Se sortejaran 10 xecs de 100 euros entre les persones que realitzen compres en comer\u00e7os locals els dies 25 i 26 de novembre, dates en les quals se celebrar\u00e0 una nova edici\u00f3 del \u201cBlack Friday\u201d<\/p>\n\n\n\n<p class=\"wp-block-paragraph\">L&#8217;Ajuntament de Xest, a trav\u00e9s de la regidoria de Comer\u00e7, ha posat en marxa una acci\u00f3 per a promoure les compres en establiments de la localitat. Per a aix\u00f2 ha organitzat una nova edici\u00f3 del \u201cBlack Friday\u201d, que se celebrar\u00e0 els pr\u00f2xims 25 i 26 de novembre, en la qual es realitzar\u00e0 un sorteig de 10 xecs de 100 euros entre les persones que realitzen les seues compres en els comer\u00e7os de la localitat adherits a la iniciativa.<\/p>\n\n\n\n<p class=\"wp-block-paragraph\">Segons ha explicat la regidora de Comer\u00e7, Brenda Jim\u00e9nez, des del govern municipal s&#8217;ha posat en marxa aquesta acci\u00f3 per a continuar fent costat als comer\u00e7os locals, en la l\u00ednia d&#8217;altres propostes que han tingut \u00e8xit, com la campanya \u201cTornada al col\u00b7le\u201d.<\/p>\n\n\n\n<p class=\"wp-block-paragraph\">\u201cPer a Xest \u00e9s fonamental promoure el comer\u00e7 local, el comer\u00e7 de proximitat i, per aix\u00f2, realitzem accions d&#8217;aquest tipus que beneficien a consumidors i a comerciants\u201d, apunta l&#8217;alcalde, Jos\u00e9 Morell. \u201cA m\u00e9s, aquesta campanya animar\u00e0 als ve\u00efns i ve\u00efnes a realitzar compres abans de Nadal i els afortunats que aconseguisquen els bons de 100 euros podran beneficiar-se d&#8217;ells de forma quasi immediata\u201d.<\/p>\n\n\n\n<p class=\"wp-block-paragraph\">Per part seua, la regidora de Comer\u00e7, Brenda Jim\u00e9nez, ha subratllat la important ajuda que suposa per als comer\u00e7os que els ve\u00efns i ve\u00efnes rec\u00f3rreguen a obtindre els productes que necessiten en botigues i negocis de Xest. \u201cDes de l&#8217;Ajuntament animem a totes les persones al fet que realitzen les seues compres al nostre poble, ja que aix\u00ed estaran col\u00b7laborant amb els comer\u00e7os locals, que tan durs moments van passar durant la pand\u00e8mia i amb la situaci\u00f3 econ\u00f2mica actual\u201d, ha apuntat Jim\u00e9nez. \u201cLa inversi\u00f3 de l&#8217;Ajuntament en aquesta acci\u00f3 \u00e9s de m\u00e9s de 1.000 euros, que repercuteixen positivament en l&#8217;economia local del municipi\u201d.<\/p>\n\n\n\n<p class=\"wp-block-paragraph\"><\/p>\n","protected":false},"excerpt":{"rendered":"<div class=\"mh-excerpt\">Se sortejaran 10 xecs de 100 euros entre les persones que realitzen compres en comer\u00e7os locals els dies 25 i 26 de novembre, dates en les quals se celebrar\u00e0 una nova edici\u00f3 del \u201cBlack Friday\u201d <a class=\"mh-excerpt-more\" href=\"https:\/\/tucomarca.whitekongsoftware.com\/ca\/la-regidoria-de-comerc-de-xest-posa-en-marxa-una-accio-comercial-per-a-incentivar-les-compres-locals-durant-el-black-friday\/\" title=\"La regidoria de Comer\u00e7 de Xest posa en marxa una acci\u00f3 comercial per a incentivar les compres locals durant el \u201cBlack Friday\u201d\">[+] <\/a><\/div>\n","protected":false},"author":12,"featured_media":171787,"comment_status":"open","ping_status":"open","sticky":false,"template":"","format":"standard","meta":{"footnotes":""},"categories":[11019,10948,10894,10912,10947,10896,10974],"tags":[18250,11071,12314,10914],"class_list":["post-171788","post","type-post","status-publish","format-standard","has-post-thumbnail","category-agenda-ca","category-infraestructuras-ca","category-la-comarca-ca","category-la-hoya-ca","category-politica","category-seccion-ca","category-cheste-ca","tag-black-friday-ca","tag-cheste","tag-comercio-local-ca","tag-la-hoya-de-bunol-chiva-ca"],"_links":{"self":[{"href":"https:\/\/tucomarca.whitekongsoftware.com\/ca\/wp-json\/wp\/v2\/posts\/171788","targetHints":{"allow":["GET"]}}],"collection":[{"href":"https:\/\/tucomarca.whitekongsoftware.com\/ca\/wp-json\/wp\/v2\/posts"}],"about":[{"href":"https:\/\/tucomarca.whitekongsoftware.com\/ca\/wp-json\/wp\/v2\/types\/post"}],"author":[{"embeddable":true,"href":"https:\/\/tucomarca.whitekongsoftware.com\/ca\/wp-json\/wp\/v2\/users\/12"}],"replies":[{"embeddable":true,"href":"https:\/\/tucomarca.whitekongsoftware.com\/ca\/wp-json\/wp\/v2\/comments?post=171788"}],"version-history":[{"count":0,"href":"https:\/\/tucomarca.whitekongsoftware.com\/ca\/wp-json\/wp\/v2\/posts\/171788\/revisions"}],"wp:featuredmedia":[{"embeddable":true,"href":"https:\/\/tucomarca.whitekongsoftware.com\/ca\/wp-json\/wp\/v2\/media\/171787"}],"wp:attachment":[{"href":"https:\/\/tucomarca.whitekongsoftware.com\/ca\/wp-json\/wp\/v2\/media?parent=171788"}],"wp:term":[{"taxonomy":"category","embeddable":true,"href":"https:\/\/tucomarca.whitekongsoftware.com\/ca\/wp-json\/wp\/v2\/categories?post=171788"},{"taxonomy":"post_tag","embeddable":true,"href":"https:\/\/tucomarca.whitekongsoftware.com\/ca\/wp-json\/wp\/v2\/tags?post=171788"}],"curies":[{"name":"wp","href":"https:\/\/api.w.org\/{rel}","templated":true}]}}