{"id":171771,"date":"2022-11-10T13:00:00","date_gmt":"2022-11-10T11:00:00","guid":{"rendered":"https:\/\/www.tucomarca.com\/wordpress\/segunda\/?p=171771"},"modified":"2022-11-10T22:44:23","modified_gmt":"2022-11-10T20:44:23","slug":"lajuntament-de-turis-organitza-una-xarrada-per-a-informar-sobre-les-comunitats-energetiques-locals","status":"publish","type":"post","link":"https:\/\/tucomarca.whitekongsoftware.com\/ca\/lajuntament-de-turis-organitza-una-xarrada-per-a-informar-sobre-les-comunitats-energetiques-locals\/","title":{"rendered":"L\u2019Ajuntament de Tur\u00eds organitza una xarrada per a informar sobre les Comunitats Energ\u00e8tiques Locals"},"content":{"rendered":"\n<p class=\"wp-block-paragraph\">El Sal\u00f3 de Plens de consistori ha acollit una concorreguda xarrada oberta a tot el ve\u00efnat, on tamb\u00e9 han estat presents representants d\u2019entitats, associacions i comunitats de regants davant l\u2019inter\u00e9s per estos organismes.<\/p>\n\n\n\n<p class=\"wp-block-paragraph\">La cita s\u2019ha pogut celebrar gr\u00e0cies a les gestions realitzades davant la Conselleria de Territori, i ha marcat les pautes i les condicions per tal de crear estes comunitats, la finalitat de les quals \u00e9s l\u2019estalvi d\u2019energia i l\u2019aprofitament de recursos.<\/p>\n\n\n\n<p class=\"wp-block-paragraph\"><\/p>\n","protected":false},"excerpt":{"rendered":"<div class=\"mh-excerpt\">El Sal\u00f3 de Plens de consistori ha acollit una concorreguda xarrada oberta a tot el ve\u00efnat, on tamb\u00e9 han estat presents representants d\u2019entitats, associacions i comunitats de regants davant l\u2019inter\u00e9s per estos organismes. La cita <a class=\"mh-excerpt-more\" href=\"https:\/\/tucomarca.whitekongsoftware.com\/ca\/lajuntament-de-turis-organitza-una-xarrada-per-a-informar-sobre-les-comunitats-energetiques-locals\/\" title=\"L\u2019Ajuntament de Tur\u00eds organitza una xarrada per a informar sobre les Comunitats Energ\u00e8tiques Locals\">[+] <\/a><\/div>\n","protected":false},"author":12,"featured_media":171770,"comment_status":"open","ping_status":"open","sticky":false,"template":"","format":"standard","meta":{"footnotes":""},"categories":[10948,10894,10902,10903,10947,10896,11047],"tags":[18249,11356,11093],"class_list":["post-171771","post","type-post","status-publish","format-standard","has-post-thumbnail","category-infraestructuras-ca","category-la-comarca-ca","category-la-ribera-ca","category-medio-ambiente-la-comarca-ca","category-politica","category-seccion-ca","category-turis-ca","tag-comunidades-energeticas-locales-ca","tag-ribera-alta-ca","tag-turis-ca"],"_links":{"self":[{"href":"https:\/\/tucomarca.whitekongsoftware.com\/ca\/wp-json\/wp\/v2\/posts\/171771","targetHints":{"allow":["GET"]}}],"collection":[{"href":"https:\/\/tucomarca.whitekongsoftware.com\/ca\/wp-json\/wp\/v2\/posts"}],"about":[{"href":"https:\/\/tucomarca.whitekongsoftware.com\/ca\/wp-json\/wp\/v2\/types\/post"}],"author":[{"embeddable":true,"href":"https:\/\/tucomarca.whitekongsoftware.com\/ca\/wp-json\/wp\/v2\/users\/12"}],"replies":[{"embeddable":true,"href":"https:\/\/tucomarca.whitekongsoftware.com\/ca\/wp-json\/wp\/v2\/comments?post=171771"}],"version-history":[{"count":0,"href":"https:\/\/tucomarca.whitekongsoftware.com\/ca\/wp-json\/wp\/v2\/posts\/171771\/revisions"}],"wp:featuredmedia":[{"embeddable":true,"href":"https:\/\/tucomarca.whitekongsoftware.com\/ca\/wp-json\/wp\/v2\/media\/171770"}],"wp:attachment":[{"href":"https:\/\/tucomarca.whitekongsoftware.com\/ca\/wp-json\/wp\/v2\/media?parent=171771"}],"wp:term":[{"taxonomy":"category","embeddable":true,"href":"https:\/\/tucomarca.whitekongsoftware.com\/ca\/wp-json\/wp\/v2\/categories?post=171771"},{"taxonomy":"post_tag","embeddable":true,"href":"https:\/\/tucomarca.whitekongsoftware.com\/ca\/wp-json\/wp\/v2\/tags?post=171771"}],"curies":[{"name":"wp","href":"https:\/\/api.w.org\/{rel}","templated":true}]}}