{"id":171757,"date":"2022-11-10T07:55:00","date_gmt":"2022-11-10T05:55:00","guid":{"rendered":"https:\/\/www.tucomarca.com\/wordpress\/segunda\/?p=171757"},"modified":"2022-11-10T22:28:10","modified_gmt":"2022-11-10T20:28:10","slug":"els-ajuntaments-de-turis-i-godelleta-signen-un-conveni-per-a-dur-a-terme-el-programa-daula-compartida-en-lies-toris","status":"publish","type":"post","link":"https:\/\/tucomarca.whitekongsoftware.com\/ca\/els-ajuntaments-de-turis-i-godelleta-signen-un-conveni-per-a-dur-a-terme-el-programa-daula-compartida-en-lies-toris\/","title":{"rendered":"Els Ajuntaments de Tur\u00eds i Godelleta signen un conveni per a dur a terme el programa d&#8217;Aula Compartida en l&#8217;IES Tor\u00eds"},"content":{"rendered":"\n<p class=\"wp-block-paragraph\">Els Ajuntaments de Godelleta i Tur\u00eds han signat un conveni que permet la provisi\u00f3 de recursos per a dur a terme un Programa d&#8217;Aula Compartida en l&#8217;IES Tor\u00eds.<\/p>\n\n\n\n<p class=\"wp-block-paragraph\">Aquest \u00e9s un programa d&#8217;atenci\u00f3 a la diversitat i d&#8217;inclusi\u00f3 educativa dirigit a l&#8217;alumnat amb risc social, dificultats d&#8217;adaptaci\u00f3 al mitj\u00e0 escolar, tend\u00e8ncia a l&#8217;absentisme i a l&#8217;aband\u00f3 escolar.<\/p>\n\n\n\n<p class=\"wp-block-paragraph\">Entre els seus objectius haur\u00e0 de reduir l&#8217;absentisme i l&#8217;aband\u00f3 escolar, enfortir compet\u00e8ncies, realitzar tallers i en \u00faltima inst\u00e0ncia contribuir al desenvolupament integral de les persones assistents. Per a aix\u00f2 es comptar\u00e0 amb un personal de formaci\u00f3 especialitzat que energitzar\u00e0 les activitats di\u00e0ries a l&#8217;aula.<\/p>\n\n\n\n<p class=\"wp-block-paragraph\"><\/p>\n","protected":false},"excerpt":{"rendered":"<div class=\"mh-excerpt\">Els Ajuntaments de Godelleta i Tur\u00eds han signat un conveni que permet la provisi\u00f3 de recursos per a dur a terme un Programa d&#8217;Aula Compartida en l&#8217;IES Tor\u00eds. Aquest \u00e9s un programa d&#8217;atenci\u00f3 a la <a class=\"mh-excerpt-more\" href=\"https:\/\/tucomarca.whitekongsoftware.com\/ca\/els-ajuntaments-de-turis-i-godelleta-signen-un-conveni-per-a-dur-a-terme-el-programa-daula-compartida-en-lies-toris\/\" title=\"Els Ajuntaments de Tur\u00eds i Godelleta signen un conveni per a dur a terme el programa d&#8217;Aula Compartida en l&#8217;IES Tor\u00eds\">[+] <\/a><\/div>\n","protected":false},"author":12,"featured_media":171756,"comment_status":"open","ping_status":"open","sticky":false,"template":"","format":"standard","meta":{"footnotes":""},"categories":[10977,10948,10894,10912,10902,10947,10896,11047],"tags":[11087,18246,10914,11356,11093],"class_list":["post-171757","post","type-post","status-publish","format-standard","has-post-thumbnail","category-godelleta-ca","category-infraestructuras-ca","category-la-comarca-ca","category-la-hoya-ca","category-la-ribera-ca","category-politica","category-seccion-ca","category-turis-ca","tag-godelleta-ca","tag-ies-toris-ca","tag-la-hoya-de-bunol-chiva-ca","tag-ribera-alta-ca","tag-turis-ca"],"_links":{"self":[{"href":"https:\/\/tucomarca.whitekongsoftware.com\/ca\/wp-json\/wp\/v2\/posts\/171757","targetHints":{"allow":["GET"]}}],"collection":[{"href":"https:\/\/tucomarca.whitekongsoftware.com\/ca\/wp-json\/wp\/v2\/posts"}],"about":[{"href":"https:\/\/tucomarca.whitekongsoftware.com\/ca\/wp-json\/wp\/v2\/types\/post"}],"author":[{"embeddable":true,"href":"https:\/\/tucomarca.whitekongsoftware.com\/ca\/wp-json\/wp\/v2\/users\/12"}],"replies":[{"embeddable":true,"href":"https:\/\/tucomarca.whitekongsoftware.com\/ca\/wp-json\/wp\/v2\/comments?post=171757"}],"version-history":[{"count":0,"href":"https:\/\/tucomarca.whitekongsoftware.com\/ca\/wp-json\/wp\/v2\/posts\/171757\/revisions"}],"wp:featuredmedia":[{"embeddable":true,"href":"https:\/\/tucomarca.whitekongsoftware.com\/ca\/wp-json\/wp\/v2\/media\/171756"}],"wp:attachment":[{"href":"https:\/\/tucomarca.whitekongsoftware.com\/ca\/wp-json\/wp\/v2\/media?parent=171757"}],"wp:term":[{"taxonomy":"category","embeddable":true,"href":"https:\/\/tucomarca.whitekongsoftware.com\/ca\/wp-json\/wp\/v2\/categories?post=171757"},{"taxonomy":"post_tag","embeddable":true,"href":"https:\/\/tucomarca.whitekongsoftware.com\/ca\/wp-json\/wp\/v2\/tags?post=171757"}],"curies":[{"name":"wp","href":"https:\/\/api.w.org\/{rel}","templated":true}]}}