{"id":171625,"date":"2022-11-08T09:00:00","date_gmt":"2022-11-08T07:00:00","guid":{"rendered":"https:\/\/www.tucomarca.com\/wordpress\/segunda\/?p=171625"},"modified":"2022-11-08T10:54:44","modified_gmt":"2022-11-08T08:54:44","slug":"la-guardia-civil-dete-als-responsables-duna-desena-de-robatoris-a-benifaio","status":"publish","type":"post","link":"https:\/\/tucomarca.whitekongsoftware.com\/ca\/la-guardia-civil-dete-als-responsables-duna-desena-de-robatoris-a-benifaio\/","title":{"rendered":"La Gu\u00e0rdia Civil det\u00e9 als responsables d&#8217;una desena de robatoris a Benifai\u00f3"},"content":{"rendered":"\n<h3 class=\"wp-block-heading\"><strong><strong>Els autors van ser detinguts in fraganti quan es disposaven a efectuar un altre delicte de robatori amb for\u00e7a<\/strong><\/strong><\/h3>\n\n\n\n<h3 class=\"wp-block-heading\"><strong><strong>Per a la comissi\u00f3 d&#8217;aquests robatoris triaven establiments de jardineria i decoraci\u00f3 exterior i naus de producci\u00f3 t\u00e8xtil que es trobaven en zones a\u00efllades<\/strong><\/strong><\/h3>\n\n\n\n<p class=\"wp-block-paragraph\">La Gu\u00e0rdia Civil de Val\u00e8ncia det\u00e9 in fraganti als responsables d&#8217;una desena de delictes quan es disposaven a efectuar el seu \u00faltim robatori. Els establiments de jardineria i decoraci\u00f3 exterior, i naus de producci\u00f3 t\u00e8xtil triats estaven situats en zones a\u00efllades.<br>L&#8217;operaci\u00f3 \u2018ROKUKA\u2019 va comen\u00e7ar el mes de febrer passat quan per part dels agents es van recepcionar diverses den\u00fancies de robatoris comesos en establiments de jardineria i decoraci\u00f3 exterior, i naus de producci\u00f3 t\u00e8xtil, situats en la localitat de Benifai\u00f3 (Val\u00e8ncia), tenint un notable incremente la primera quinzena d&#8217;agost.\u00a0<br>Va ser llavors quan els agents de la Gu\u00e0rdia Civil de Val\u00e8ncia van donar principi a les investigacions tendents a aclarir la identitat dels autors dels robatoris, tasca que es va veure dificultada per la zona en la qual es trobaven els establiments objecte dels robatoris: zones a\u00efllades, rurals i amb extenses parcel\u00b7les, la qual cosa permetia als autors penetrar en el seu interior per diferents accessos sense ser descoberts.\u00a0<br>Finalment, durant el transcurs d&#8217;un servei de vigil\u00e0ncia per la zona, els agents van aconseguir identificar, in fraganti, a 2 persones que es disposaven a cometre un nou delicte de la mateixa \u00edndole. A l&#8217;interior de la furgoneta utilitzada pels autors es van aprehendre diverses eines de tall utilitzades per a violentar la tanca perimetral de l&#8217;establiment. Tamb\u00e9 ha sigut recuperats alguns dels objectes que havien sigut robats en anteriors delictes.\u00a0<br>Per tot aix\u00f2, al comen\u00e7ament del mes de setembre, es va procedir a Almussafes a la detenci\u00f3 dels autors: un home de 19 anys i una dona de 38, tots dos de nacionalitat espanyola.\u00a0<br>Als autors se&#8217;ls imputen 10 delictes de robatori amb for\u00e7a en les coses.<br>En la investigaci\u00f3 de la citada investigaci\u00f3 han participat agents de la Gu\u00e0rdia Civil d&#8217;Almussafes (Val\u00e8ncia).\u00a0Les dilig\u00e8ncies han sigut entregades en el Jutjat de Primera Inst\u00e0ncia i Instrucci\u00f3 N\u00famero 4 de Carlet.<\/p>\n\n\n\n<p class=\"wp-block-paragraph\"><\/p>\n\n\n\n<p class=\"wp-block-paragraph\"><\/p>\n\n\n\n<p class=\"wp-block-paragraph\"><\/p>\n","protected":false},"excerpt":{"rendered":"<div class=\"mh-excerpt\">Els autors van ser detinguts in fraganti quan es disposaven a efectuar un altre delicte de robatori amb for\u00e7a Per a la comissi\u00f3 d&#8217;aquests robatoris triaven establiments de jardineria i decoraci\u00f3 exterior i naus de <a class=\"mh-excerpt-more\" href=\"https:\/\/tucomarca.whitekongsoftware.com\/ca\/la-guardia-civil-dete-als-responsables-duna-desena-de-robatoris-a-benifaio\/\" title=\"La Gu\u00e0rdia Civil det\u00e9 als responsables d&#8217;una desena de robatoris a Benifai\u00f3\">[+] <\/a><\/div>\n","protected":false},"author":1,"featured_media":171623,"comment_status":"open","ping_status":"open","sticky":false,"template":"","format":"standard","meta":{"footnotes":""},"categories":[10987,10898,10948,10894,10902,10896,10897],"tags":[],"class_list":["post-171625","post","type-post","status-publish","format-standard","has-post-thumbnail","category-benifaio-ca","category-ventana-ca","category-infraestructuras-ca","category-la-comarca-ca","category-la-ribera-ca","category-seccion-ca","category-sucesos-la-comarca-ca"],"_links":{"self":[{"href":"https:\/\/tucomarca.whitekongsoftware.com\/ca\/wp-json\/wp\/v2\/posts\/171625","targetHints":{"allow":["GET"]}}],"collection":[{"href":"https:\/\/tucomarca.whitekongsoftware.com\/ca\/wp-json\/wp\/v2\/posts"}],"about":[{"href":"https:\/\/tucomarca.whitekongsoftware.com\/ca\/wp-json\/wp\/v2\/types\/post"}],"author":[{"embeddable":true,"href":"https:\/\/tucomarca.whitekongsoftware.com\/ca\/wp-json\/wp\/v2\/users\/1"}],"replies":[{"embeddable":true,"href":"https:\/\/tucomarca.whitekongsoftware.com\/ca\/wp-json\/wp\/v2\/comments?post=171625"}],"version-history":[{"count":0,"href":"https:\/\/tucomarca.whitekongsoftware.com\/ca\/wp-json\/wp\/v2\/posts\/171625\/revisions"}],"wp:featuredmedia":[{"embeddable":true,"href":"https:\/\/tucomarca.whitekongsoftware.com\/ca\/wp-json\/wp\/v2\/media\/171623"}],"wp:attachment":[{"href":"https:\/\/tucomarca.whitekongsoftware.com\/ca\/wp-json\/wp\/v2\/media?parent=171625"}],"wp:term":[{"taxonomy":"category","embeddable":true,"href":"https:\/\/tucomarca.whitekongsoftware.com\/ca\/wp-json\/wp\/v2\/categories?post=171625"},{"taxonomy":"post_tag","embeddable":true,"href":"https:\/\/tucomarca.whitekongsoftware.com\/ca\/wp-json\/wp\/v2\/tags?post=171625"}],"curies":[{"name":"wp","href":"https:\/\/api.w.org\/{rel}","templated":true}]}}