{"id":171616,"date":"2022-11-07T12:55:00","date_gmt":"2022-11-07T10:55:00","guid":{"rendered":"https:\/\/www.tucomarca.com\/wordpress\/segunda\/?p=171616"},"modified":"2022-11-08T00:07:22","modified_gmt":"2022-11-07T22:07:22","slug":"bunquer-de-farandula-teatre-semporta-lovacio-del-public-en-lobertura-de-la-xxv-mostra-de-teatre-no-professional-de-xest","status":"publish","type":"post","link":"https:\/\/tucomarca.whitekongsoftware.com\/ca\/bunquer-de-farandula-teatre-semporta-lovacio-del-public-en-lobertura-de-la-xxv-mostra-de-teatre-no-professional-de-xest\/","title":{"rendered":"B\u00fanquer, de Far\u00e0ndula Teatre, s&#8217;emporta l&#8217;ovaci\u00f3 del p\u00fablic en l&#8217;obertura de la XXV Mostra de teatre no professional de Xest"},"content":{"rendered":"\n<p class=\"wp-block-paragraph\">Ahir, diumenge 6 de novembre, va arrancar una edici\u00f3 especial de la Mostra de teatre no professional de Xest, que enguany compleix 25 anys. L&#8217;acte es va obrir a les 19.00 en el Teatre Liceu amb l&#8217;estrena de l&#8217;obra de teatre B\u00fanquer, a c\u00e0rrec de l&#8217;Associaci\u00f3 Cultural Far\u00e0ndula Teatre. Despr\u00e9s de la representaci\u00f3 es va obrir una exposici\u00f3 commemorativa de la traject\u00f2ria dels grups de teatre locals durant els 25 anys de Mostra a Xest.<\/p>\n\n\n\n<figure class=\"wp-block-gallery has-nested-images columns-2 is-cropped wp-block-gallery-1 is-layout-flex wp-block-gallery-is-layout-flex\">\n<figure class=\"wp-block-image size-large\"><img loading=\"lazy\" decoding=\"async\" width=\"886\" height=\"591\" data-id=\"171599\" src=\"http:\/\/www.tucomarca.com\/wordpress\/segunda\/wp-content\/uploads\/2022\/11\/Cheste_AperturaMuestra_1.jpg\" alt=\"\" class=\"wp-image-171599\" srcset=\"https:\/\/tucomarca.whitekongsoftware.com\/wp-content\/uploads\/2022\/11\/Cheste_AperturaMuestra_1.jpg 886w, https:\/\/tucomarca.whitekongsoftware.com\/wp-content\/uploads\/2022\/11\/Cheste_AperturaMuestra_1-300x200.jpg 300w, https:\/\/tucomarca.whitekongsoftware.com\/wp-content\/uploads\/2022\/11\/Cheste_AperturaMuestra_1-768x512.jpg 768w\" sizes=\"auto, (max-width: 886px) 100vw, 886px\" \/><\/figure>\n\n\n\n<figure class=\"wp-block-image size-large\"><img loading=\"lazy\" decoding=\"async\" width=\"886\" height=\"596\" data-id=\"171605\" src=\"http:\/\/www.tucomarca.com\/wordpress\/segunda\/wp-content\/uploads\/2022\/11\/Cheste_AperturaMuestra_4.jpg\" alt=\"\" class=\"wp-image-171605\" srcset=\"https:\/\/tucomarca.whitekongsoftware.com\/wp-content\/uploads\/2022\/11\/Cheste_AperturaMuestra_4.jpg 886w, https:\/\/tucomarca.whitekongsoftware.com\/wp-content\/uploads\/2022\/11\/Cheste_AperturaMuestra_4-300x202.jpg 300w, https:\/\/tucomarca.whitekongsoftware.com\/wp-content\/uploads\/2022\/11\/Cheste_AperturaMuestra_4-768x517.jpg 768w\" sizes=\"auto, (max-width: 886px) 100vw, 886px\" \/><\/figure>\n\n\n\n<figure class=\"wp-block-image size-large\"><img loading=\"lazy\" decoding=\"async\" width=\"886\" height=\"588\" data-id=\"171603\" src=\"http:\/\/www.tucomarca.com\/wordpress\/segunda\/wp-content\/uploads\/2022\/11\/Cheste_AperturaMuestra_3.jpg\" alt=\"\" class=\"wp-image-171603\" srcset=\"https:\/\/tucomarca.whitekongsoftware.com\/wp-content\/uploads\/2022\/11\/Cheste_AperturaMuestra_3.jpg 886w, https:\/\/tucomarca.whitekongsoftware.com\/wp-content\/uploads\/2022\/11\/Cheste_AperturaMuestra_3-300x199.jpg 300w, https:\/\/tucomarca.whitekongsoftware.com\/wp-content\/uploads\/2022\/11\/Cheste_AperturaMuestra_3-768x510.jpg 768w\" sizes=\"auto, (max-width: 886px) 100vw, 886px\" \/><\/figure>\n\n\n\n<figure class=\"wp-block-image size-large\"><img loading=\"lazy\" decoding=\"async\" width=\"886\" height=\"555\" data-id=\"171607\" src=\"http:\/\/www.tucomarca.com\/wordpress\/segunda\/wp-content\/uploads\/2022\/11\/Cheste_AperturaMuestra_5.jpg\" alt=\"\" class=\"wp-image-171607\" srcset=\"https:\/\/tucomarca.whitekongsoftware.com\/wp-content\/uploads\/2022\/11\/Cheste_AperturaMuestra_5.jpg 886w, https:\/\/tucomarca.whitekongsoftware.com\/wp-content\/uploads\/2022\/11\/Cheste_AperturaMuestra_5-300x188.jpg 300w, https:\/\/tucomarca.whitekongsoftware.com\/wp-content\/uploads\/2022\/11\/Cheste_AperturaMuestra_5-768x481.jpg 768w\" sizes=\"auto, (max-width: 886px) 100vw, 886px\" \/><\/figure>\n\n\n\n<figure class=\"wp-block-image size-large\"><img loading=\"lazy\" decoding=\"async\" width=\"886\" height=\"1177\" data-id=\"171609\" src=\"http:\/\/www.tucomarca.com\/wordpress\/segunda\/wp-content\/uploads\/2022\/11\/Cheste_AperturaMuestra_6.jpg\" alt=\"\" class=\"wp-image-171609\" srcset=\"https:\/\/tucomarca.whitekongsoftware.com\/wp-content\/uploads\/2022\/11\/Cheste_AperturaMuestra_6.jpg 886w, https:\/\/tucomarca.whitekongsoftware.com\/wp-content\/uploads\/2022\/11\/Cheste_AperturaMuestra_6-226x300.jpg 226w, https:\/\/tucomarca.whitekongsoftware.com\/wp-content\/uploads\/2022\/11\/Cheste_AperturaMuestra_6-771x1024.jpg 771w, https:\/\/tucomarca.whitekongsoftware.com\/wp-content\/uploads\/2022\/11\/Cheste_AperturaMuestra_6-768x1020.jpg 768w\" sizes=\"auto, (max-width: 886px) 100vw, 886px\" \/><\/figure>\n\n\n\n<figure class=\"wp-block-image size-large\"><img loading=\"lazy\" decoding=\"async\" width=\"886\" height=\"1575\" data-id=\"171611\" src=\"http:\/\/www.tucomarca.com\/wordpress\/segunda\/wp-content\/uploads\/2022\/11\/Cheste_AperturaMuestra_7.jpg\" alt=\"\" class=\"wp-image-171611\" srcset=\"https:\/\/tucomarca.whitekongsoftware.com\/wp-content\/uploads\/2022\/11\/Cheste_AperturaMuestra_7.jpg 886w, https:\/\/tucomarca.whitekongsoftware.com\/wp-content\/uploads\/2022\/11\/Cheste_AperturaMuestra_7-169x300.jpg 169w, https:\/\/tucomarca.whitekongsoftware.com\/wp-content\/uploads\/2022\/11\/Cheste_AperturaMuestra_7-576x1024.jpg 576w, https:\/\/tucomarca.whitekongsoftware.com\/wp-content\/uploads\/2022\/11\/Cheste_AperturaMuestra_7-768x1365.jpg 768w, https:\/\/tucomarca.whitekongsoftware.com\/wp-content\/uploads\/2022\/11\/Cheste_AperturaMuestra_7-864x1536.jpg 864w\" sizes=\"auto, (max-width: 886px) 100vw, 886px\" \/><\/figure>\n\n\n\n<figure class=\"wp-block-image size-large\"><img loading=\"lazy\" decoding=\"async\" width=\"886\" height=\"589\" data-id=\"171613\" src=\"http:\/\/www.tucomarca.com\/wordpress\/segunda\/wp-content\/uploads\/2022\/11\/Cheste_AperturaMuestra_8.jpg\" alt=\"\" class=\"wp-image-171613\" srcset=\"https:\/\/tucomarca.whitekongsoftware.com\/wp-content\/uploads\/2022\/11\/Cheste_AperturaMuestra_8.jpg 886w, https:\/\/tucomarca.whitekongsoftware.com\/wp-content\/uploads\/2022\/11\/Cheste_AperturaMuestra_8-300x199.jpg 300w, https:\/\/tucomarca.whitekongsoftware.com\/wp-content\/uploads\/2022\/11\/Cheste_AperturaMuestra_8-768x511.jpg 768w\" sizes=\"auto, (max-width: 886px) 100vw, 886px\" \/><\/figure>\n<\/figure>\n\n\n\n<p class=\"wp-block-paragraph\">\u201c\u00c9s un plaer veure aquest teatre ple per a celebrar el XXV aniversari de la Mostra de Teatre No Professional de Xest. Al llarg d&#8217;aquests 25 anys, aquest esdeveniment s&#8217;ha consolidat en el calendari cultural de la poblaci\u00f3 convertint-se en referent a la Comunitat Valenciana i en tota Espanya. Des de la regidoria de Cultura hem preparat aquesta edici\u00f3 amb molt d&#8217;afecte, amb l&#8217;ajuda imprescindible de les companyies de teatre local Far\u00e0ndula, Berkana, Plateatro i Al Comp\u00e0s\u201d, declarava la regidora, M\u00aa \u00c1ngeles Llorente, demanant un aplaudiment per a les persones que integren les associacions teatrals del municipi.<\/p>\n\n\n\n<p class=\"wp-block-paragraph\">Segons va explicar Llorente, aquesta edici\u00f3 comptar\u00e0 amb un programa especial en la qual es representaran sis obres de teatre a c\u00e0rrec de companyies guanyadores en edicions anteriors de la Mostra de Xest, a m\u00e9s de l&#8217;actuaci\u00f3 de dues dels grups de teatre local: Far\u00e0ndula Teatre i Al Comp\u00e0s Musicals. La Mostra finalitzar\u00e0 l&#8217;11 de desembre amb la projecci\u00f3 del documental Xest, terra de teatre en una gala de celebraci\u00f3 del 25\u00e9 Aniversari que estar\u00e0 condu\u00efda per la companyia Cashalada.&nbsp;<\/p>\n\n\n\n<p class=\"wp-block-paragraph\">Paral\u00b7lelament a la celebraci\u00f3 d&#8217;aquest esdeveniment cultural, el teatre Liceu acull l&#8217;exposici\u00f3 \u201c25 anys de Mostra\u201d, a c\u00e0rrec de les associacions teatrals chestanas Far\u00e0ndula, Berkana, Plateatro i Al Comp\u00e0s. Aquesta exposici\u00f3 es va obrir al p\u00fablic ahir en l&#8217;hall del Teatre Liceu i es podr\u00e0 visitar tots els dies en qu\u00e8 hi haja representaci\u00f3 de Mostra. La regidora va dedicar unes paraules d&#8217;agra\u00efment a tots els grups locals pel treball que han realitzat muntant l&#8217;exposici\u00f3. \u201cTamb\u00e9 gr\u00e0cies a Gala Rosa, encarregada del vestuari de tota l&#8217;exposici\u00f3\u201d, apuntava Llorente.<\/p>\n\n\n\n<p class=\"wp-block-paragraph\">D&#8217;altra banda, el 19 de novembre se celebrar\u00e0 una Trobada de Teatre Juvenil en el Centre de Formaci\u00f3 de Persones Adultes. Aquesta activitat, organitzada per la Federaci\u00f3 Valenciana de Teatre Amateur en col\u00b7laboraci\u00f3 amb la regidoria de Cutlura, congregar\u00e0 a grups de teatre de tota la Comunitat Valenciana. \u201cGr\u00e0cies a la Federaci\u00f3 pel suport que ens ha prestat tots aquests anys i per celebrar amb nosaltres els 25 anys de Mostra realitzant la Trobada de Teatre Jove a Xest\u201d, manifestava la regidora.<\/p>\n\n\n\n<p class=\"wp-block-paragraph\"><strong>Estrena de B\u00fanquer<\/strong><br>Far\u00e0ndula Teatre, sota la direcci\u00f3 del chestano Aar\u00f3n S\u00e1nchez Ma\u00f1ez, va oferir el muntatge esc\u00e8nic B\u00fanquer, una obra de creaci\u00f3 pr\u00f2pia que \u00e9s el resultat del laboratori d&#8217;investigaci\u00f3 sobre el concepte de \u2018conflicte\u2019 iniciat per l&#8217;Associaci\u00f3 Cultural Far\u00e0ndula Teatre al setembre de 2020. \u201cGerminar una pe\u00e7a teatral a partir d&#8217;un laboratori suposa un repte per a tot l&#8217;equip. En primer lloc perqu\u00e8 es parteix del m\u00e9s absolut buit, en segon lloc perqu\u00e8 existeix un espai segur de creaci\u00f3, en tercer lloc perqu\u00e8 l&#8217;int\u00e8rpret \u00e9s creador i, finalment, perqu\u00e8 l&#8217;error no existeix\u201d, explicava la regidora.&nbsp;<\/p>\n\n\n\n<p class=\"wp-block-paragraph\">Al juliol de 2021 va concloure el laboratori esc\u00e8nic i va sorgir la dramat\u00fargia de B\u00fanquer -a c\u00e0rrec de Aar\u00f3n S\u00e1nchez M\u00e1\u00f1ez-, que \u00e9s la pe\u00e7a que es va estrenar ahir, 6 de novembre. \u201cB\u00fanquer parla sobre els conflictes personals utilitzant un llenguatge esc\u00e8nic contemporani, combinant diferents modalitats teatrals i creant un espai d&#8217;alliberament\u201d, explicava Llorente abans que donara principi l&#8217;actuaci\u00f3.<\/p>\n\n\n\n<p class=\"wp-block-paragraph\">La representaci\u00f3 va posar a tot el pati de butaques en peus, amb una emotiva ovaci\u00f3 del p\u00fablic per als i les int\u00e8rprets locals.<\/p>\n\n\n\n<p class=\"wp-block-paragraph\">L&#8217;acte es va tancar amb una \u00e0gape per a totes les persones assistents, oferit per la Fundaci\u00f3 cajacheste, entitat a la qual Llorente va agrair la seua implicaci\u00f3 amb la programaci\u00f3 cultural municipal.<\/p>\n\n\n\n<p class=\"wp-block-paragraph\">Pr\u00f2ximes representacions \u00b7 XXV Mostra de Teatre<br><strong>Diumenge, 13 de novembre:<\/strong><br>Romeo i Julieta, de la companyia Aula de Teatre Cl\u00e0ssic de la Universitat d&#8217;Alacant<br><strong>Dissabte, 19 de novembre:<\/strong><br>Tornar a veure&#8217;t, de la companyia Paraskenia Teatre&nbsp;<br><strong>Diumenge, 27 de novembre:<\/strong><br>Mil Albes, de l&#8217;Associaci\u00f3 Cultural El Barrac\u00f3<br><strong>Dissabte i diumenge, 3 i 4 de desembre:<\/strong><br>Hui no em puc al\u00e7ar, de la companyia Al Comp\u00e0s<br><strong>Dissabte, 10 de desembre:<\/strong><br>Shala Kabula, de l&#8217;Associaci\u00f3 Cultural Musicals 3C<br><strong>Diumenge, 11 de desembre \u00b7 Acte de clausura:<\/strong><br>Projecci\u00f3 de Xest, terra de teatre<\/p>\n\n\n\n<p class=\"wp-block-paragraph\">Totes les actuacions seran a les 19.00 en el teatre Liceu. La venda anticipada d&#8217;entrades estar\u00e0 disponible en els quioscos de la localitat i en la web agendacheste.com.<\/p>\n","protected":false},"excerpt":{"rendered":"<div class=\"mh-excerpt\">Ahir, diumenge 6 de novembre, va arrancar una edici\u00f3 especial de la Mostra de teatre no professional de Xest, que enguany compleix 25 anys. L&#8217;acte es va obrir a les 19.00 en el Teatre Liceu <a class=\"mh-excerpt-more\" href=\"https:\/\/tucomarca.whitekongsoftware.com\/ca\/bunquer-de-farandula-teatre-semporta-lovacio-del-public-en-lobertura-de-la-xxv-mostra-de-teatre-no-professional-de-xest\/\" title=\"B\u00fanquer, de Far\u00e0ndula Teatre, s&#8217;emporta l&#8217;ovaci\u00f3 del p\u00fablic en l&#8217;obertura de la XXV Mostra de teatre no professional de Xest\">[+] <\/a><\/div>\n","protected":false},"author":12,"featured_media":171602,"comment_status":"open","ping_status":"open","sticky":false,"template":"","format":"gallery","meta":{"footnotes":""},"categories":[11019,10894,10912,11007,10896,10974],"tags":[11071,11618,10914,12771],"class_list":["post-171616","post","type-post","status-publish","format-gallery","has-post-thumbnail","category-agenda-ca","category-la-comarca-ca","category-la-hoya-ca","category-ocio-y-cultura-ca","category-seccion-ca","category-cheste-ca","tag-cheste","tag-farandula-teatro-cheste-ca","tag-la-hoya-de-bunol-chiva-ca","tag-muestra-de-teatro-no-profesional-ca","post_format-post-format-gallery"],"_links":{"self":[{"href":"https:\/\/tucomarca.whitekongsoftware.com\/ca\/wp-json\/wp\/v2\/posts\/171616","targetHints":{"allow":["GET"]}}],"collection":[{"href":"https:\/\/tucomarca.whitekongsoftware.com\/ca\/wp-json\/wp\/v2\/posts"}],"about":[{"href":"https:\/\/tucomarca.whitekongsoftware.com\/ca\/wp-json\/wp\/v2\/types\/post"}],"author":[{"embeddable":true,"href":"https:\/\/tucomarca.whitekongsoftware.com\/ca\/wp-json\/wp\/v2\/users\/12"}],"replies":[{"embeddable":true,"href":"https:\/\/tucomarca.whitekongsoftware.com\/ca\/wp-json\/wp\/v2\/comments?post=171616"}],"version-history":[{"count":0,"href":"https:\/\/tucomarca.whitekongsoftware.com\/ca\/wp-json\/wp\/v2\/posts\/171616\/revisions"}],"wp:featuredmedia":[{"embeddable":true,"href":"https:\/\/tucomarca.whitekongsoftware.com\/ca\/wp-json\/wp\/v2\/media\/171602"}],"wp:attachment":[{"href":"https:\/\/tucomarca.whitekongsoftware.com\/ca\/wp-json\/wp\/v2\/media?parent=171616"}],"wp:term":[{"taxonomy":"category","embeddable":true,"href":"https:\/\/tucomarca.whitekongsoftware.com\/ca\/wp-json\/wp\/v2\/categories?post=171616"},{"taxonomy":"post_tag","embeddable":true,"href":"https:\/\/tucomarca.whitekongsoftware.com\/ca\/wp-json\/wp\/v2\/tags?post=171616"}],"curies":[{"name":"wp","href":"https:\/\/api.w.org\/{rel}","templated":true}]}}