{"id":171531,"date":"2022-11-07T09:01:00","date_gmt":"2022-11-07T07:01:00","guid":{"rendered":"https:\/\/www.tucomarca.com\/wordpress\/segunda\/?p=171531"},"modified":"2022-11-07T23:46:38","modified_gmt":"2022-11-07T21:46:38","slug":"la-diputacio-porta-les-propostes-turistiques-de-la-provincia-a-la-world-travel-market-de-londres","status":"publish","type":"post","link":"https:\/\/tucomarca.whitekongsoftware.com\/ca\/la-diputacio-porta-les-propostes-turistiques-de-la-provincia-a-la-world-travel-market-de-londres\/","title":{"rendered":"La Diputaci\u00f3 porta les propostes tur\u00edstiques de la prov\u00edncia a la World Travel Market de Londres"},"content":{"rendered":"\n<h4 class=\"wp-block-heading\">El certamen, un dels m\u00e9s importants del m\u00f3n en el sector tur\u00edstic, se celebra del 7 al 9 de novembre&nbsp;<\/h4>\n\n\n\n<figure class=\"wp-block-image size-large\"><img loading=\"lazy\" decoding=\"async\" width=\"1024\" height=\"683\" src=\"http:\/\/www.tucomarca.com\/wordpress\/segunda\/wp-content\/uploads\/2022\/11\/WorldTravelMarketLondres-1024x683.jpeg\" alt=\"\" class=\"wp-image-171528\" srcset=\"https:\/\/tucomarca.whitekongsoftware.com\/wp-content\/uploads\/2022\/11\/WorldTravelMarketLondres-1024x683.jpeg 1024w, https:\/\/tucomarca.whitekongsoftware.com\/wp-content\/uploads\/2022\/11\/WorldTravelMarketLondres-300x200.jpeg 300w, https:\/\/tucomarca.whitekongsoftware.com\/wp-content\/uploads\/2022\/11\/WorldTravelMarketLondres-768x512.jpeg 768w, https:\/\/tucomarca.whitekongsoftware.com\/wp-content\/uploads\/2022\/11\/WorldTravelMarketLondres-1536x1024.jpeg 1536w, https:\/\/tucomarca.whitekongsoftware.com\/wp-content\/uploads\/2022\/11\/WorldTravelMarketLondres.jpeg 1600w\" sizes=\"auto, (max-width: 1024px) 100vw, 1024px\" \/><\/figure>\n\n\n\n<p class=\"wp-block-paragraph\">La Diputaci\u00f3 de Val\u00e8ncia, amb la seua marca Val\u00e8ncia Turisme, participa des de hui i fins dimecres que ve en la nova edici\u00f3 de la fira internacional de turisme World Travel Market (WTM) de Londres, on representa l&#8217;oferta tur\u00edstica i les propostes dels principals destins de la prov\u00edncia.<\/p>\n\n\n\n<p class=\"wp-block-paragraph\">La WTM de Londres \u00e9s una de les fires de turisme m\u00e9s importants del m\u00f3n, juntament amb la ITB de Berl\u00edn i FITUR de Madrid. Val\u00e8ncia Turisme participa en la WTM com a expositor dins de l&#8217;espai del dest\u00ed Comunitat Valenciana, juntament amb la resta de marques tur\u00edstiques de la CV (Costa Blanca, Castell\u00f3 Mediterrani, Visit Val\u00e8ncia, Benidorm i Alacant City &amp; Beach).<\/p>\n\n\n\n<p class=\"wp-block-paragraph\">A m\u00e9s, com a part del dest\u00ed de la prov\u00edncia de Val\u00e8ncia tamb\u00e9 participen Oliva, la Mancomunitat de la Vall d&#8217;Albaida, Ruta del Vino Utiel Requena, Paterna, Gandia i Cullera (estes dos \u00faltims com coexpositores).<\/p>\n\n\n\n<p class=\"wp-block-paragraph\">La prov\u00edncia acudix al certamen londinenc amb informaci\u00f3 detallada dels productes tur\u00edstics de les empreses i els destins oferits actualment, com els relacionats amb el <em>birdwatching<\/em>, el cicloturisme, els viatges amb tren i el turisme MICE. Tamb\u00e9 donar\u00e0 a con\u00e9ixer la plataforma Film Val\u00e8ncia, que promou rodatges de la ind\u00fastria audiovisual en el territori valenci\u00e0.<\/p>\n\n\n\n<p class=\"wp-block-paragraph\">A m\u00e9s, Val\u00e8ncia Turisme ha concertat diverses reunions professionals durant els tres dies de duraci\u00f3 del certamen amb agents tur\u00edstics internacionals, amb la finalitat de con\u00e9ixer les seues demandes, opinions i plans d&#8217;acci\u00f3, aix\u00ed com per a informar-los sobre el dest\u00ed, els enlla\u00e7os aeris, els productes tur\u00edstics i l&#8217;activitat tur\u00edstica empresarial de la prov\u00edncia de Val\u00e8ncia, i impulsar sinergies entre els participants.<\/p>\n\n\n\n<p class=\"wp-block-paragraph\">L&#8217;espai expositiu de Val\u00e8ncia Turisme compte durant estos dies amb la pres\u00e8ncia, com a representants dels destins de la prov\u00edncia, del diputat de Turisme de la Diputaci\u00f3 de Val\u00e8ncia, Jordi Mayor; l&#8217;alcalde de Paterna, Juan Antonio Sagredo; els regidors de Turisme de Gandia, Cullera i Oliva, Vicent Mascarell, D\u00e9bora Mar\u00edn i Kino Kalafat, respectivament; i el director del servei de Turisme, Xavi Pascual.<\/p>\n\n\n\n<p class=\"wp-block-paragraph\">El diputat de Turisme ha mostrat la seua \u201csatisfacci\u00f3 en el primer dia de la fira per l&#8217;inter\u00e9s suscitat entre els professionals que visiten el certamen per l&#8217;oferta de la prov\u00edncia\u201d, a m\u00e9s de destacar la \u201caposta de Val\u00e8ncia Turisme per continuar treballant el mercat brit\u00e0nic, que t\u00e9 una pres\u00e8ncia important en molts destins de la nostra prov\u00edncia\u201d.<\/p>\n\n\n\n<p class=\"wp-block-paragraph\">A m\u00e9s, este mat\u00ed han visitat l&#8217;estand el president de la Generalitat Valenciana, Ximo Puig; el secretari auton\u00f2mic de Turisme, Francesc Colomer; la vicealcaldessa de Val\u00e8ncia, Sandra G\u00f3mez; i el regidor de Turisme de l&#8217;Ajuntament de Val\u00e8ncia, Emiliano Garc\u00eda, entre altres.<\/p>\n","protected":false},"excerpt":{"rendered":"<div class=\"mh-excerpt\">El certamen, un dels m\u00e9s importants del m\u00f3n en el sector tur\u00edstic, se celebra del 7 al 9 de novembre&nbsp; La Diputaci\u00f3 de Val\u00e8ncia, amb la seua marca Val\u00e8ncia Turisme, participa des de hui i <a class=\"mh-excerpt-more\" href=\"https:\/\/tucomarca.whitekongsoftware.com\/ca\/la-diputacio-porta-les-propostes-turistiques-de-la-provincia-a-la-world-travel-market-de-londres\/\" title=\"La Diputaci\u00f3 porta les propostes tur\u00edstiques de la prov\u00edncia a la World Travel Market de Londres\">[+] <\/a><\/div>\n","protected":false},"author":12,"featured_media":171527,"comment_status":"open","ping_status":"open","sticky":false,"template":"","format":"standard","meta":{"footnotes":""},"categories":[10898,10948,10894,10904,11007,10947,10896],"tags":[11246,11404,18223],"class_list":["post-171531","post","type-post","status-publish","format-standard","has-post-thumbnail","category-ventana-ca","category-infraestructuras-ca","category-la-comarca-ca","category-sin-categorizar-ca","category-ocio-y-cultura-ca","category-politica","category-seccion-ca","tag-diputacio-de-valencia-ca","tag-valencia-turisme-ca","tag-word-travel-market-ca"],"_links":{"self":[{"href":"https:\/\/tucomarca.whitekongsoftware.com\/ca\/wp-json\/wp\/v2\/posts\/171531","targetHints":{"allow":["GET"]}}],"collection":[{"href":"https:\/\/tucomarca.whitekongsoftware.com\/ca\/wp-json\/wp\/v2\/posts"}],"about":[{"href":"https:\/\/tucomarca.whitekongsoftware.com\/ca\/wp-json\/wp\/v2\/types\/post"}],"author":[{"embeddable":true,"href":"https:\/\/tucomarca.whitekongsoftware.com\/ca\/wp-json\/wp\/v2\/users\/12"}],"replies":[{"embeddable":true,"href":"https:\/\/tucomarca.whitekongsoftware.com\/ca\/wp-json\/wp\/v2\/comments?post=171531"}],"version-history":[{"count":0,"href":"https:\/\/tucomarca.whitekongsoftware.com\/ca\/wp-json\/wp\/v2\/posts\/171531\/revisions"}],"wp:featuredmedia":[{"embeddable":true,"href":"https:\/\/tucomarca.whitekongsoftware.com\/ca\/wp-json\/wp\/v2\/media\/171527"}],"wp:attachment":[{"href":"https:\/\/tucomarca.whitekongsoftware.com\/ca\/wp-json\/wp\/v2\/media?parent=171531"}],"wp:term":[{"taxonomy":"category","embeddable":true,"href":"https:\/\/tucomarca.whitekongsoftware.com\/ca\/wp-json\/wp\/v2\/categories?post=171531"},{"taxonomy":"post_tag","embeddable":true,"href":"https:\/\/tucomarca.whitekongsoftware.com\/ca\/wp-json\/wp\/v2\/tags?post=171531"}],"curies":[{"name":"wp","href":"https:\/\/api.w.org\/{rel}","templated":true}]}}