{"id":171511,"date":"2022-11-07T11:45:00","date_gmt":"2022-11-07T09:45:00","guid":{"rendered":"https:\/\/www.tucomarca.com\/wordpress\/segunda\/?p=171511"},"modified":"2022-11-07T20:35:14","modified_gmt":"2022-11-07T18:35:14","slug":"fotogaleria-lassociacio-de-veins-del-barri-sant-rafael-entrega-els-premis-del-seu-5e-concurs-de-fotografia","status":"publish","type":"post","link":"https:\/\/tucomarca.whitekongsoftware.com\/ca\/fotogaleria-lassociacio-de-veins-del-barri-sant-rafael-entrega-els-premis-del-seu-5e-concurs-de-fotografia\/","title":{"rendered":"Fotogaler\u00eda: L&#8217;Associaci\u00f3 de Ve\u00efns del Barri Sant Rafael entrega els premis del seu 5\u00e9 Concurs de Fotografia"},"content":{"rendered":"\n<h4 class=\"wp-block-heading\">L&#8217;Associaci\u00f3 de Ve\u00efns del Barri Sant Rafael de Bunyol va entregar ahir a la Sala El Mercat, amb gran \u00e8xit de participaci\u00f3 i p\u00fablic, els premis als guanyadors del seu 5\u00e9 concurs de fotografia, que ha comptat amb el suport de la Regidoria de Cultura de l&#8217;Ajuntament de Bunyol.&nbsp;<\/h4>\n\n\n\n<p class=\"wp-block-paragraph\">Amb un gran nombre d&#8217;assistents ahir diumenge la Sala El Mercat de Bunyol va albergar el lliurament de premis del Concurs de Fotografia del Barri Sant Rafael de Bunyol. Tamb\u00e9 eren presents totes les fotografies premiades, els galadornados i els seus familiars, aix\u00ed com ve\u00efns d&#8217;aquest barri, acompanyats per l&#8217;Alcaldessa de la localitat, Jonquera Carrascosa, i la regidora de Cultura, Mireia Parla.&nbsp;<\/p>\n\n\n\n<p class=\"wp-block-paragraph\">Els premiats van rebre la seua placa commemorativa i tots els assistents van poder gaudir d&#8217;una estupenda \u00e0gape, organitzat per aquesta associaci\u00f3 ve\u00efnal. S&#8217;ha comptat amb la col\u00b7laboraci\u00f3 de la Regidoria de Cultura de l&#8217;Ajuntament de Bunyol. La resta de fotografies presentades al concurs continuen estant en l&#8217;hall de la Biblioteca Municipal \u201cCronista Fernando Galarza\u201d per al gaudi de tots els usuaris d&#8217;aquestes instal\u00b7lacions.&nbsp;<\/p>\n\n\n\n<p class=\"wp-block-paragraph\">Els premiats van ser: Primer Premi per a Carolina Puche; Segon per a Magdalena Almajanu i, Tercer per a Jos\u00e9 Vicente Puch\u00e9. El quart premi, que \u00e9s el premi del p\u00fablic, va anar per a Vicente Esteve.<\/p>\n\n\n\n<p class=\"wp-block-paragraph\">Mireia Parla agraeix enormement el treball incessant dels ve\u00efns d&#8217;aquest barri, que es mereixen tots els \u00e8xits: \u201cA m\u00e9s tamb\u00e9 va ser tot un \u00e8xit de participaci\u00f3 i organitzaci\u00f3 la Festa d&#8217;Halloween del passat 31 d&#8217;octubre en el seu barri, en la qual centenars de xiquets i pares van acudir disfressats per a gaudir d&#8217;una festa que ja forma part de l&#8217;agenda festiu de la localitat, i en la qual tamb\u00e9 van col\u00b7laborar al costat d&#8217;aquesta associaci\u00f3 de ve\u00efns les regidories de Joventut i de Cultura Popular d&#8217;aquest consistori\u201d, va finalitzar l&#8217;edil bu\u00f1olense.&nbsp;<\/p>\n\n\n\n<figure class=\"wp-block-gallery has-nested-images columns-2 is-cropped wp-block-gallery-1 is-layout-flex wp-block-gallery-is-layout-flex\">\n<figure class=\"wp-block-image size-large\"><img loading=\"lazy\" decoding=\"async\" width=\"886\" height=\"665\" data-id=\"171476\" src=\"http:\/\/www.tucomarca.com\/wordpress\/segunda\/wp-content\/uploads\/2022\/11\/ConcursoFotoSanRafael22_01.jpg\" alt=\"\" class=\"wp-image-171476\" srcset=\"https:\/\/tucomarca.whitekongsoftware.com\/wp-content\/uploads\/2022\/11\/ConcursoFotoSanRafael22_01.jpg 886w, https:\/\/tucomarca.whitekongsoftware.com\/wp-content\/uploads\/2022\/11\/ConcursoFotoSanRafael22_01-300x225.jpg 300w, https:\/\/tucomarca.whitekongsoftware.com\/wp-content\/uploads\/2022\/11\/ConcursoFotoSanRafael22_01-768x576.jpg 768w, https:\/\/tucomarca.whitekongsoftware.com\/wp-content\/uploads\/2022\/11\/ConcursoFotoSanRafael22_01-678x509.jpg 678w, https:\/\/tucomarca.whitekongsoftware.com\/wp-content\/uploads\/2022\/11\/ConcursoFotoSanRafael22_01-326x245.jpg 326w, https:\/\/tucomarca.whitekongsoftware.com\/wp-content\/uploads\/2022\/11\/ConcursoFotoSanRafael22_01-80x60.jpg 80w\" sizes=\"auto, (max-width: 886px) 100vw, 886px\" \/><\/figure>\n\n\n\n<figure class=\"wp-block-image size-large\"><img loading=\"lazy\" decoding=\"async\" width=\"886\" height=\"665\" data-id=\"171478\" src=\"http:\/\/www.tucomarca.com\/wordpress\/segunda\/wp-content\/uploads\/2022\/11\/ConcursoFotoSanRafael22_02.jpg\" alt=\"\" class=\"wp-image-171478\" srcset=\"https:\/\/tucomarca.whitekongsoftware.com\/wp-content\/uploads\/2022\/11\/ConcursoFotoSanRafael22_02.jpg 886w, https:\/\/tucomarca.whitekongsoftware.com\/wp-content\/uploads\/2022\/11\/ConcursoFotoSanRafael22_02-300x225.jpg 300w, https:\/\/tucomarca.whitekongsoftware.com\/wp-content\/uploads\/2022\/11\/ConcursoFotoSanRafael22_02-768x576.jpg 768w, https:\/\/tucomarca.whitekongsoftware.com\/wp-content\/uploads\/2022\/11\/ConcursoFotoSanRafael22_02-678x509.jpg 678w, https:\/\/tucomarca.whitekongsoftware.com\/wp-content\/uploads\/2022\/11\/ConcursoFotoSanRafael22_02-326x245.jpg 326w, https:\/\/tucomarca.whitekongsoftware.com\/wp-content\/uploads\/2022\/11\/ConcursoFotoSanRafael22_02-80x60.jpg 80w\" sizes=\"auto, (max-width: 886px) 100vw, 886px\" \/><\/figure>\n\n\n\n<figure class=\"wp-block-image size-large\"><img loading=\"lazy\" decoding=\"async\" width=\"886\" height=\"665\" data-id=\"171480\" src=\"http:\/\/www.tucomarca.com\/wordpress\/segunda\/wp-content\/uploads\/2022\/11\/ConcursoFotoSanRafael22_03.jpg\" alt=\"\" class=\"wp-image-171480\" srcset=\"https:\/\/tucomarca.whitekongsoftware.com\/wp-content\/uploads\/2022\/11\/ConcursoFotoSanRafael22_03.jpg 886w, https:\/\/tucomarca.whitekongsoftware.com\/wp-content\/uploads\/2022\/11\/ConcursoFotoSanRafael22_03-300x225.jpg 300w, https:\/\/tucomarca.whitekongsoftware.com\/wp-content\/uploads\/2022\/11\/ConcursoFotoSanRafael22_03-768x576.jpg 768w, https:\/\/tucomarca.whitekongsoftware.com\/wp-content\/uploads\/2022\/11\/ConcursoFotoSanRafael22_03-678x509.jpg 678w, https:\/\/tucomarca.whitekongsoftware.com\/wp-content\/uploads\/2022\/11\/ConcursoFotoSanRafael22_03-326x245.jpg 326w, https:\/\/tucomarca.whitekongsoftware.com\/wp-content\/uploads\/2022\/11\/ConcursoFotoSanRafael22_03-80x60.jpg 80w\" sizes=\"auto, (max-width: 886px) 100vw, 886px\" \/><\/figure>\n\n\n\n<figure class=\"wp-block-image size-large\"><img loading=\"lazy\" decoding=\"async\" width=\"886\" height=\"665\" data-id=\"171482\" src=\"http:\/\/www.tucomarca.com\/wordpress\/segunda\/wp-content\/uploads\/2022\/11\/ConcursoFotoSanRafael22_04.jpg\" alt=\"\" class=\"wp-image-171482\" srcset=\"https:\/\/tucomarca.whitekongsoftware.com\/wp-content\/uploads\/2022\/11\/ConcursoFotoSanRafael22_04.jpg 886w, https:\/\/tucomarca.whitekongsoftware.com\/wp-content\/uploads\/2022\/11\/ConcursoFotoSanRafael22_04-300x225.jpg 300w, https:\/\/tucomarca.whitekongsoftware.com\/wp-content\/uploads\/2022\/11\/ConcursoFotoSanRafael22_04-768x576.jpg 768w, https:\/\/tucomarca.whitekongsoftware.com\/wp-content\/uploads\/2022\/11\/ConcursoFotoSanRafael22_04-678x509.jpg 678w, https:\/\/tucomarca.whitekongsoftware.com\/wp-content\/uploads\/2022\/11\/ConcursoFotoSanRafael22_04-326x245.jpg 326w, https:\/\/tucomarca.whitekongsoftware.com\/wp-content\/uploads\/2022\/11\/ConcursoFotoSanRafael22_04-80x60.jpg 80w\" sizes=\"auto, (max-width: 886px) 100vw, 886px\" \/><\/figure>\n\n\n\n<figure class=\"wp-block-image size-large\"><img loading=\"lazy\" decoding=\"async\" width=\"886\" height=\"1184\" data-id=\"171484\" src=\"http:\/\/www.tucomarca.com\/wordpress\/segunda\/wp-content\/uploads\/2022\/11\/ConcursoFotoSanRafael22_05.jpg\" alt=\"\" class=\"wp-image-171484\" srcset=\"https:\/\/tucomarca.whitekongsoftware.com\/wp-content\/uploads\/2022\/11\/ConcursoFotoSanRafael22_05.jpg 886w, https:\/\/tucomarca.whitekongsoftware.com\/wp-content\/uploads\/2022\/11\/ConcursoFotoSanRafael22_05-224x300.jpg 224w, https:\/\/tucomarca.whitekongsoftware.com\/wp-content\/uploads\/2022\/11\/ConcursoFotoSanRafael22_05-766x1024.jpg 766w, https:\/\/tucomarca.whitekongsoftware.com\/wp-content\/uploads\/2022\/11\/ConcursoFotoSanRafael22_05-768x1026.jpg 768w\" sizes=\"auto, (max-width: 886px) 100vw, 886px\" \/><\/figure>\n\n\n\n<figure class=\"wp-block-image size-large\"><img loading=\"lazy\" decoding=\"async\" width=\"886\" height=\"554\" data-id=\"171486\" src=\"http:\/\/www.tucomarca.com\/wordpress\/segunda\/wp-content\/uploads\/2022\/11\/ConcursoFotoSanRafael22_06.jpg\" alt=\"\" class=\"wp-image-171486\" srcset=\"https:\/\/tucomarca.whitekongsoftware.com\/wp-content\/uploads\/2022\/11\/ConcursoFotoSanRafael22_06.jpg 886w, https:\/\/tucomarca.whitekongsoftware.com\/wp-content\/uploads\/2022\/11\/ConcursoFotoSanRafael22_06-300x188.jpg 300w, https:\/\/tucomarca.whitekongsoftware.com\/wp-content\/uploads\/2022\/11\/ConcursoFotoSanRafael22_06-768x480.jpg 768w\" sizes=\"auto, (max-width: 886px) 100vw, 886px\" \/><\/figure>\n\n\n\n<figure class=\"wp-block-image size-large\"><img loading=\"lazy\" decoding=\"async\" width=\"886\" height=\"1152\" data-id=\"171488\" src=\"http:\/\/www.tucomarca.com\/wordpress\/segunda\/wp-content\/uploads\/2022\/11\/ConcursoFotoSanRafael22_07.jpg\" alt=\"\" class=\"wp-image-171488\" srcset=\"https:\/\/tucomarca.whitekongsoftware.com\/wp-content\/uploads\/2022\/11\/ConcursoFotoSanRafael22_07.jpg 886w, https:\/\/tucomarca.whitekongsoftware.com\/wp-content\/uploads\/2022\/11\/ConcursoFotoSanRafael22_07-231x300.jpg 231w, https:\/\/tucomarca.whitekongsoftware.com\/wp-content\/uploads\/2022\/11\/ConcursoFotoSanRafael22_07-788x1024.jpg 788w, https:\/\/tucomarca.whitekongsoftware.com\/wp-content\/uploads\/2022\/11\/ConcursoFotoSanRafael22_07-768x999.jpg 768w\" sizes=\"auto, (max-width: 886px) 100vw, 886px\" \/><\/figure>\n\n\n\n<figure class=\"wp-block-image size-large\"><img loading=\"lazy\" decoding=\"async\" width=\"886\" height=\"1184\" data-id=\"171496\" src=\"http:\/\/www.tucomarca.com\/wordpress\/segunda\/wp-content\/uploads\/2022\/11\/ConcursoFotoSanRafael22_11.jpg\" alt=\"\" class=\"wp-image-171496\" srcset=\"https:\/\/tucomarca.whitekongsoftware.com\/wp-content\/uploads\/2022\/11\/ConcursoFotoSanRafael22_11.jpg 886w, https:\/\/tucomarca.whitekongsoftware.com\/wp-content\/uploads\/2022\/11\/ConcursoFotoSanRafael22_11-224x300.jpg 224w, https:\/\/tucomarca.whitekongsoftware.com\/wp-content\/uploads\/2022\/11\/ConcursoFotoSanRafael22_11-766x1024.jpg 766w, https:\/\/tucomarca.whitekongsoftware.com\/wp-content\/uploads\/2022\/11\/ConcursoFotoSanRafael22_11-768x1026.jpg 768w\" sizes=\"auto, (max-width: 886px) 100vw, 886px\" \/><\/figure>\n\n\n\n<figure class=\"wp-block-image size-large\"><img loading=\"lazy\" decoding=\"async\" width=\"886\" height=\"1184\" data-id=\"171494\" src=\"http:\/\/www.tucomarca.com\/wordpress\/segunda\/wp-content\/uploads\/2022\/11\/ConcursoFotoSanRafael22_10.jpg\" alt=\"\" class=\"wp-image-171494\" srcset=\"https:\/\/tucomarca.whitekongsoftware.com\/wp-content\/uploads\/2022\/11\/ConcursoFotoSanRafael22_10.jpg 886w, https:\/\/tucomarca.whitekongsoftware.com\/wp-content\/uploads\/2022\/11\/ConcursoFotoSanRafael22_10-224x300.jpg 224w, https:\/\/tucomarca.whitekongsoftware.com\/wp-content\/uploads\/2022\/11\/ConcursoFotoSanRafael22_10-766x1024.jpg 766w, https:\/\/tucomarca.whitekongsoftware.com\/wp-content\/uploads\/2022\/11\/ConcursoFotoSanRafael22_10-768x1026.jpg 768w\" sizes=\"auto, (max-width: 886px) 100vw, 886px\" \/><\/figure>\n\n\n\n<figure class=\"wp-block-image size-large\"><img loading=\"lazy\" decoding=\"async\" width=\"886\" height=\"663\" data-id=\"171506\" src=\"http:\/\/www.tucomarca.com\/wordpress\/segunda\/wp-content\/uploads\/2022\/11\/ConcursoFotoSanRafael22_16.jpg\" alt=\"\" class=\"wp-image-171506\" srcset=\"https:\/\/tucomarca.whitekongsoftware.com\/wp-content\/uploads\/2022\/11\/ConcursoFotoSanRafael22_16.jpg 886w, https:\/\/tucomarca.whitekongsoftware.com\/wp-content\/uploads\/2022\/11\/ConcursoFotoSanRafael22_16-300x224.jpg 300w, https:\/\/tucomarca.whitekongsoftware.com\/wp-content\/uploads\/2022\/11\/ConcursoFotoSanRafael22_16-768x575.jpg 768w, https:\/\/tucomarca.whitekongsoftware.com\/wp-content\/uploads\/2022\/11\/ConcursoFotoSanRafael22_16-326x245.jpg 326w, https:\/\/tucomarca.whitekongsoftware.com\/wp-content\/uploads\/2022\/11\/ConcursoFotoSanRafael22_16-80x60.jpg 80w\" sizes=\"auto, (max-width: 886px) 100vw, 886px\" \/><\/figure>\n\n\n\n<figure class=\"wp-block-image size-large\"><img loading=\"lazy\" decoding=\"async\" width=\"886\" height=\"1184\" data-id=\"171498\" src=\"http:\/\/www.tucomarca.com\/wordpress\/segunda\/wp-content\/uploads\/2022\/11\/ConcursoFotoSanRafael22_12.jpg\" alt=\"\" class=\"wp-image-171498\" srcset=\"https:\/\/tucomarca.whitekongsoftware.com\/wp-content\/uploads\/2022\/11\/ConcursoFotoSanRafael22_12.jpg 886w, https:\/\/tucomarca.whitekongsoftware.com\/wp-content\/uploads\/2022\/11\/ConcursoFotoSanRafael22_12-224x300.jpg 224w, https:\/\/tucomarca.whitekongsoftware.com\/wp-content\/uploads\/2022\/11\/ConcursoFotoSanRafael22_12-766x1024.jpg 766w, https:\/\/tucomarca.whitekongsoftware.com\/wp-content\/uploads\/2022\/11\/ConcursoFotoSanRafael22_12-768x1026.jpg 768w\" sizes=\"auto, (max-width: 886px) 100vw, 886px\" \/><\/figure>\n\n\n\n<figure class=\"wp-block-image size-large\"><img loading=\"lazy\" decoding=\"async\" width=\"886\" height=\"665\" data-id=\"171500\" src=\"http:\/\/www.tucomarca.com\/wordpress\/segunda\/wp-content\/uploads\/2022\/11\/ConcursoFotoSanRafael22_13.jpg\" alt=\"\" class=\"wp-image-171500\" srcset=\"https:\/\/tucomarca.whitekongsoftware.com\/wp-content\/uploads\/2022\/11\/ConcursoFotoSanRafael22_13.jpg 886w, https:\/\/tucomarca.whitekongsoftware.com\/wp-content\/uploads\/2022\/11\/ConcursoFotoSanRafael22_13-300x225.jpg 300w, https:\/\/tucomarca.whitekongsoftware.com\/wp-content\/uploads\/2022\/11\/ConcursoFotoSanRafael22_13-768x576.jpg 768w, https:\/\/tucomarca.whitekongsoftware.com\/wp-content\/uploads\/2022\/11\/ConcursoFotoSanRafael22_13-678x509.jpg 678w, https:\/\/tucomarca.whitekongsoftware.com\/wp-content\/uploads\/2022\/11\/ConcursoFotoSanRafael22_13-326x245.jpg 326w, https:\/\/tucomarca.whitekongsoftware.com\/wp-content\/uploads\/2022\/11\/ConcursoFotoSanRafael22_13-80x60.jpg 80w\" sizes=\"auto, (max-width: 886px) 100vw, 886px\" \/><\/figure>\n\n\n\n<figure class=\"wp-block-image size-large\"><img loading=\"lazy\" decoding=\"async\" width=\"886\" height=\"665\" data-id=\"171502\" src=\"http:\/\/www.tucomarca.com\/wordpress\/segunda\/wp-content\/uploads\/2022\/11\/ConcursoFotoSanRafael22_14.jpg\" alt=\"\" class=\"wp-image-171502\" srcset=\"https:\/\/tucomarca.whitekongsoftware.com\/wp-content\/uploads\/2022\/11\/ConcursoFotoSanRafael22_14.jpg 886w, https:\/\/tucomarca.whitekongsoftware.com\/wp-content\/uploads\/2022\/11\/ConcursoFotoSanRafael22_14-300x225.jpg 300w, https:\/\/tucomarca.whitekongsoftware.com\/wp-content\/uploads\/2022\/11\/ConcursoFotoSanRafael22_14-768x576.jpg 768w, https:\/\/tucomarca.whitekongsoftware.com\/wp-content\/uploads\/2022\/11\/ConcursoFotoSanRafael22_14-678x509.jpg 678w, https:\/\/tucomarca.whitekongsoftware.com\/wp-content\/uploads\/2022\/11\/ConcursoFotoSanRafael22_14-326x245.jpg 326w, https:\/\/tucomarca.whitekongsoftware.com\/wp-content\/uploads\/2022\/11\/ConcursoFotoSanRafael22_14-80x60.jpg 80w\" sizes=\"auto, (max-width: 886px) 100vw, 886px\" \/><\/figure>\n\n\n\n<figure class=\"wp-block-image size-large\"><img loading=\"lazy\" decoding=\"async\" width=\"886\" height=\"665\" data-id=\"171504\" src=\"http:\/\/www.tucomarca.com\/wordpress\/segunda\/wp-content\/uploads\/2022\/11\/ConcursoFotoSanRafael22_15.jpg\" alt=\"\" class=\"wp-image-171504\" srcset=\"https:\/\/tucomarca.whitekongsoftware.com\/wp-content\/uploads\/2022\/11\/ConcursoFotoSanRafael22_15.jpg 886w, https:\/\/tucomarca.whitekongsoftware.com\/wp-content\/uploads\/2022\/11\/ConcursoFotoSanRafael22_15-300x225.jpg 300w, https:\/\/tucomarca.whitekongsoftware.com\/wp-content\/uploads\/2022\/11\/ConcursoFotoSanRafael22_15-768x576.jpg 768w, https:\/\/tucomarca.whitekongsoftware.com\/wp-content\/uploads\/2022\/11\/ConcursoFotoSanRafael22_15-678x509.jpg 678w, https:\/\/tucomarca.whitekongsoftware.com\/wp-content\/uploads\/2022\/11\/ConcursoFotoSanRafael22_15-326x245.jpg 326w, https:\/\/tucomarca.whitekongsoftware.com\/wp-content\/uploads\/2022\/11\/ConcursoFotoSanRafael22_15-80x60.jpg 80w\" sizes=\"auto, (max-width: 886px) 100vw, 886px\" \/><\/figure>\n\n\n\n<figure class=\"wp-block-image size-large\"><img loading=\"lazy\" decoding=\"async\" width=\"886\" height=\"663\" data-id=\"171492\" src=\"http:\/\/www.tucomarca.com\/wordpress\/segunda\/wp-content\/uploads\/2022\/11\/ConcursoFotoSanRafael22_09.jpg\" alt=\"\" class=\"wp-image-171492\" srcset=\"https:\/\/tucomarca.whitekongsoftware.com\/wp-content\/uploads\/2022\/11\/ConcursoFotoSanRafael22_09.jpg 886w, https:\/\/tucomarca.whitekongsoftware.com\/wp-content\/uploads\/2022\/11\/ConcursoFotoSanRafael22_09-300x224.jpg 300w, https:\/\/tucomarca.whitekongsoftware.com\/wp-content\/uploads\/2022\/11\/ConcursoFotoSanRafael22_09-768x575.jpg 768w, https:\/\/tucomarca.whitekongsoftware.com\/wp-content\/uploads\/2022\/11\/ConcursoFotoSanRafael22_09-326x245.jpg 326w, https:\/\/tucomarca.whitekongsoftware.com\/wp-content\/uploads\/2022\/11\/ConcursoFotoSanRafael22_09-80x60.jpg 80w\" sizes=\"auto, (max-width: 886px) 100vw, 886px\" \/><\/figure>\n<\/figure>\n","protected":false},"excerpt":{"rendered":"<div class=\"mh-excerpt\">L&#8217;Associaci\u00f3 de Ve\u00efns del Barri Sant Rafael de Bunyol va entregar ahir a la Sala El Mercat, amb gran \u00e8xit de participaci\u00f3 i p\u00fablic, els premis als guanyadors del seu 5\u00e9 concurs de fotografia, que <a class=\"mh-excerpt-more\" href=\"https:\/\/tucomarca.whitekongsoftware.com\/ca\/fotogaleria-lassociacio-de-veins-del-barri-sant-rafael-entrega-els-premis-del-seu-5e-concurs-de-fotografia\/\" title=\"Fotogaler\u00eda: L&#8217;Associaci\u00f3 de Ve\u00efns del Barri Sant Rafael entrega els premis del seu 5\u00e9 Concurs de Fotografia\">[+] <\/a><\/div>\n","protected":false},"author":12,"featured_media":171491,"comment_status":"open","ping_status":"open","sticky":false,"template":"","format":"gallery","meta":{"footnotes":""},"categories":[10911,10894,10912,11007,10896],"tags":[18219,10913,10914],"class_list":["post-171511","post","type-post","status-publish","format-gallery","has-post-thumbnail","category-bunol-ca","category-la-comarca-ca","category-la-hoya-ca","category-ocio-y-cultura-ca","category-seccion-ca","tag-5o-concurso-de-fotografia-barrio-san-rafael-ca","tag-bunol-ca","tag-la-hoya-de-bunol-chiva-ca","post_format-post-format-gallery"],"_links":{"self":[{"href":"https:\/\/tucomarca.whitekongsoftware.com\/ca\/wp-json\/wp\/v2\/posts\/171511","targetHints":{"allow":["GET"]}}],"collection":[{"href":"https:\/\/tucomarca.whitekongsoftware.com\/ca\/wp-json\/wp\/v2\/posts"}],"about":[{"href":"https:\/\/tucomarca.whitekongsoftware.com\/ca\/wp-json\/wp\/v2\/types\/post"}],"author":[{"embeddable":true,"href":"https:\/\/tucomarca.whitekongsoftware.com\/ca\/wp-json\/wp\/v2\/users\/12"}],"replies":[{"embeddable":true,"href":"https:\/\/tucomarca.whitekongsoftware.com\/ca\/wp-json\/wp\/v2\/comments?post=171511"}],"version-history":[{"count":0,"href":"https:\/\/tucomarca.whitekongsoftware.com\/ca\/wp-json\/wp\/v2\/posts\/171511\/revisions"}],"wp:featuredmedia":[{"embeddable":true,"href":"https:\/\/tucomarca.whitekongsoftware.com\/ca\/wp-json\/wp\/v2\/media\/171491"}],"wp:attachment":[{"href":"https:\/\/tucomarca.whitekongsoftware.com\/ca\/wp-json\/wp\/v2\/media?parent=171511"}],"wp:term":[{"taxonomy":"category","embeddable":true,"href":"https:\/\/tucomarca.whitekongsoftware.com\/ca\/wp-json\/wp\/v2\/categories?post=171511"},{"taxonomy":"post_tag","embeddable":true,"href":"https:\/\/tucomarca.whitekongsoftware.com\/ca\/wp-json\/wp\/v2\/tags?post=171511"}],"curies":[{"name":"wp","href":"https:\/\/api.w.org\/{rel}","templated":true}]}}