{"id":171471,"date":"2022-11-07T11:30:00","date_gmt":"2022-11-07T09:30:00","guid":{"rendered":"https:\/\/www.tucomarca.com\/wordpress\/segunda\/?p=171471"},"modified":"2022-11-07T20:17:48","modified_gmt":"2022-11-07T18:17:48","slug":"la-bassa-de-laminacio-de-les-urbanitzacions-de-la-pobla-betera-i-sant-antoni-absorbira-36-500-metres-cubics-daigua-de-pluja-per-a-impedir-inundacions-a-les-cases","status":"publish","type":"post","link":"https:\/\/tucomarca.whitekongsoftware.com\/ca\/la-bassa-de-laminacio-de-les-urbanitzacions-de-la-pobla-betera-i-sant-antoni-absorbira-36-500-metres-cubics-daigua-de-pluja-per-a-impedir-inundacions-a-les-cases\/","title":{"rendered":"La bassa de laminaci\u00f3 de les urbanitzacions de la Pobla, B\u00e9tera i Sant Antoni absorbir\u00e0 36.500 metres c\u00fabics d&#8217;aigua de pluja per a impedir inundacions a les cases\u00a0"},"content":{"rendered":"\n<h4 class=\"wp-block-heading\">La Generalitat invertir\u00e0 1\u20199 milions d&#8217;euros entre els anys 2023 i 2025&nbsp;<\/h4>\n\n\n\n<p class=\"wp-block-paragraph\">El PSPV-PSOE de la Pobla de Vallbona ha anunciat que la futura bassa de laminaci\u00f3 que resoldr\u00e0 els problemes d&#8217;inundacions en episodis de fortes pluges a les urbanitzacions de l&#8217;est del terme municipal ser\u00e0 capa\u00e7 d&#8217;absorbir fins a 36.500 metres c\u00fabics d&#8217;aigua. La construcci\u00f3 d&#8217;aquesta bassa tindr\u00e0 un cost 1\u20199 milions d&#8217;euros que es finan\u00e7aran gr\u00e0cies a la Conselleria d&#8217;Agricultura, Desenvolupament Rural, Emerg\u00e8ncia Clim\u00e0tica i Transici\u00f3 Ecol\u00f2gica amb c\u00e0rrec als pressupostos auton\u00f2mics que es desenvoluparan entre els anys 2023 i 2025.&nbsp;<\/p>\n\n\n\n<p class=\"wp-block-paragraph\">El projecte t\u00e8cnic de la Pobla de Vallbona contempla la construcci\u00f3 d&#8217;una bassa de laminaci\u00f3 amb capacitat suficient per a absorbir el pic de les tempestes fortes que poden aconseguir els 36.500 metres c\u00fabics. Aquest sistema se sustenta en la construcci\u00f3 d&#8217;11 captadors situats en la xarxa vi\u00e0ria a base de reixes, amb una longitud de 90 mil\u00b7lilitres, 4 col\u00b7lectors d&#8217;entre 630 i 1.400 mil\u00b7lilitres de di\u00e0metre que s&#8217;encarreguen de conduir les aig\u00fces a la bassa de drenatge.&nbsp;<\/p>\n\n\n\n<p class=\"wp-block-paragraph\">La bassa de drenatge ocupa una superf\u00edcie de fins a 14.682 metres quadrats d&#8217;extensi\u00f3 amb una altura de l\u00e0mina d&#8217;aigua de 4 metres i una profunditat de 6 metres amb talussos de 1h\/2v de capacitat. A m\u00e9s, la bassa s&#8217;impermeabilitzar\u00e0 amb dues l\u00e0mines de geot\u00e8xtil, una estaci\u00f3 de bombament amb dues bombes de 12 quilowatts, en paral\u00b7lel, amb la funci\u00f3 principal de buidar la bassa en un termini m\u00e0xim de 48 hores una vegada haja concl\u00f2s la tempesta.&nbsp;<\/p>\n\n\n\n<p class=\"wp-block-paragraph\">Els problemes principals se centren en \u00e8poques de fortes pluges en algunes dels carrers situats a les urbanitzacions de Sant Mart\u00ed, Maravisa, els Penyes i Montesano, situades entre els termes municipals de la Pobla de Vallbona, Sant Antoni de Benaixeve i B\u00e9tera. L&#8217;\u00e0rea principal m\u00e9s afectada per les inundacions se situa entre els carrers Ferrero Belda \u2013l\u00edmit entre les localitats de la Pobla de Vallbona i Sant Antoni de Benaixeve- amb els carrers D\u00e9nia, Coloms i Avinguda Jaravilla.&nbsp;<br>El PSPV-PSOE de la Pobla de Vallbona ha lamentat els problemes que arrosseguen els ve\u00efns afectats per aquesta situaci\u00f3 provocada per una deficient planificaci\u00f3 que es va realitzar en el seu moment i que s&#8217;ha prolongat al llarg d&#8217;aquest temps i que, ara, amb la posada en marxa d&#8217;aquest projecte t\u00e8cnic es podr\u00e0 erradicar. El cabal d&#8217;aigua arriba a aconseguir fins als 16\u20194 metres c\u00fabics per segon en alguns dels casos estudiats durant els \u00faltims anys.&nbsp;<\/p>\n\n\n\n<p class=\"wp-block-paragraph\">Per aix\u00f2, amb l&#8217;objectiu de resoldre aquest projecte pendent, el pressupost del Bot\u00e0nic del pr\u00f2xim any 2023 preveu una partida de 10.000 euros per a iniciar ja les obres de construcci\u00f3 de la bassa de laminaci\u00f3 que es completar\u00e0 amb els exercicis de pr\u00f2xims anys amb 1 mili\u00f3 d&#8217;euros l&#8217;any 2024 i altres 937.000 euros durant l&#8217;any 2025, fins a aconseguir una inversi\u00f3 total d&#8217;1.947.000 euros.&nbsp;<\/p>\n\n\n\n<p class=\"wp-block-paragraph\">La candidata socialista a l&#8217;alcaldia de la Pobla de Vallbona, Noem\u00ed Morales, ha destacat \u201cl&#8217;esfor\u00e7 que s&#8217;ha realitzat des de l&#8217;ajuntament durant els \u00faltims anys per trobar de forma consensuada amb els ve\u00efns un projecte que acabe amb els problemes que pateixen en les situacions de fortes pluges i que ara es faran una realitat amb el pressupost comprom\u00e9s pel govern del Bot\u00e0nic\u201d.<\/p>\n\n\n\n<p class=\"wp-block-paragraph\"><\/p>\n","protected":false},"excerpt":{"rendered":"<div class=\"mh-excerpt\">La Generalitat invertir\u00e0 1\u20199 milions d&#8217;euros entre els anys 2023 i 2025&nbsp; El PSPV-PSOE de la Pobla de Vallbona ha anunciat que la futura bassa de laminaci\u00f3 que resoldr\u00e0 els problemes d&#8217;inundacions en episodis de <a class=\"mh-excerpt-more\" href=\"https:\/\/tucomarca.whitekongsoftware.com\/ca\/la-bassa-de-laminacio-de-les-urbanitzacions-de-la-pobla-betera-i-sant-antoni-absorbira-36-500-metres-cubics-daigua-de-pluja-per-a-impedir-inundacions-a-les-cases\/\" title=\"La bassa de laminaci\u00f3 de les urbanitzacions de la Pobla, B\u00e9tera i Sant Antoni absorbir\u00e0 36.500 metres c\u00fabics d&#8217;aigua de pluja per a impedir inundacions a les cases\u00a0\">[+] <\/a><\/div>\n","protected":false},"author":12,"featured_media":171469,"comment_status":"open","ping_status":"open","sticky":false,"template":"","format":"standard","meta":{"footnotes":""},"categories":[10937,10892,10948,10894,10915,10903,10947,10934,10896],"tags":[11202,10899,13649,16806,18217],"class_list":["post-171471","post","type-post","status-publish","format-standard","has-post-thumbnail","category-betera-ca","category-camp-de-turia-ca","category-infraestructuras-ca","category-la-comarca-ca","category-la-pobla-ca","category-medio-ambiente-la-comarca-ca","category-politica","category-san-antonio-de-benageber-ca","category-seccion-ca","tag-betera-ca","tag-camp-de-turia-ca","tag-pobla-de-vallbona-ca","tag-pspv-psoe-pobla-de-vallbona-ca","tag-san-antonio-de-benageber-3-ca"],"_links":{"self":[{"href":"https:\/\/tucomarca.whitekongsoftware.com\/ca\/wp-json\/wp\/v2\/posts\/171471","targetHints":{"allow":["GET"]}}],"collection":[{"href":"https:\/\/tucomarca.whitekongsoftware.com\/ca\/wp-json\/wp\/v2\/posts"}],"about":[{"href":"https:\/\/tucomarca.whitekongsoftware.com\/ca\/wp-json\/wp\/v2\/types\/post"}],"author":[{"embeddable":true,"href":"https:\/\/tucomarca.whitekongsoftware.com\/ca\/wp-json\/wp\/v2\/users\/12"}],"replies":[{"embeddable":true,"href":"https:\/\/tucomarca.whitekongsoftware.com\/ca\/wp-json\/wp\/v2\/comments?post=171471"}],"version-history":[{"count":0,"href":"https:\/\/tucomarca.whitekongsoftware.com\/ca\/wp-json\/wp\/v2\/posts\/171471\/revisions"}],"wp:featuredmedia":[{"embeddable":true,"href":"https:\/\/tucomarca.whitekongsoftware.com\/ca\/wp-json\/wp\/v2\/media\/171469"}],"wp:attachment":[{"href":"https:\/\/tucomarca.whitekongsoftware.com\/ca\/wp-json\/wp\/v2\/media?parent=171471"}],"wp:term":[{"taxonomy":"category","embeddable":true,"href":"https:\/\/tucomarca.whitekongsoftware.com\/ca\/wp-json\/wp\/v2\/categories?post=171471"},{"taxonomy":"post_tag","embeddable":true,"href":"https:\/\/tucomarca.whitekongsoftware.com\/ca\/wp-json\/wp\/v2\/tags?post=171471"}],"curies":[{"name":"wp","href":"https:\/\/api.w.org\/{rel}","templated":true}]}}