{"id":171427,"date":"2022-11-04T16:50:00","date_gmt":"2022-11-04T14:50:00","guid":{"rendered":"https:\/\/www.tucomarca.com\/wordpress\/segunda\/?p=171427"},"modified":"2022-11-04T22:53:51","modified_gmt":"2022-11-04T20:53:51","slug":"el-cd-bunyol-rep-al-recanvis-colon-catarroja-despres-de-situar-se-a-5-punts-del-lider-despres-de-les-seues-ultimes-victories","status":"publish","type":"post","link":"https:\/\/tucomarca.whitekongsoftware.com\/ca\/el-cd-bunyol-rep-al-recanvis-colon-catarroja-despres-de-situar-se-a-5-punts-del-lider-despres-de-les-seues-ultimes-victories\/","title":{"rendered":"El CD Bunyol rep al Recanvis Col\u00f3n Catarroja despr\u00e9s de situar-se a 5 punts del l\u00edder despr\u00e9s de les seues \u00faltimes vict\u00f2ries"},"content":{"rendered":"\n<p class=\"wp-block-paragraph\">El Club Esportiu Bunyol rep aquest dissabte en el Beltr\u00e1n B\u00e1guena a partir de les 16,30 hores al CF Recanvis Col\u00f3n Catarroja, conjunt amb qui es disputar\u00e0 acostar-se als llocs de cap de la taula del grup segon de la Regional Preferent valenciana que de moment encap\u00e7ala el CD Utiel amb 22 punts. <\/p>\n\n\n\n<p class=\"wp-block-paragraph\">Les \u00faltimes vict\u00f2ries del CD Bunyol en els seus despla\u00e7aments fora del Beltr\u00e1n B\u00e1guena enfront de la UD Quart de Poblet (0-3), amb gols de Espi, \u00c1ngel i Amador; i enfront del Vilamarxant CF (0-1), gr\u00e0cies a un gol d&#8217;Albert, li han perm\u00e9s sumar de tres, aconseguir 17 punts i ascendir fins al lloc sis\u00e9 de la taula; un per davall del Recanvis Col\u00f3n que tamb\u00e9 compta amb 17 punts en el seu caseller.\u00a0<\/p>\n\n\n\n<p class=\"wp-block-paragraph\">Duel per tant d&#8217;aspirants a entrar als llocs d&#8217;ascens a Tercera en una desena jornada de lliga amb el desig de poder superar al Manises CF (20 punts), al Paiporta CF (19 punts) i al Ribarroja CF (19 punts), situats en el segon, tercer i quart lloc de la taula del grup segon, respectivament.<\/p>\n\n\n\n<p class=\"wp-block-paragraph\"><strong>La Nostra Copa: SC Requena 2 &#8211; CD Bunyol 3<\/strong><\/p>\n\n\n\n<p class=\"wp-block-paragraph\">D&#8217;altra banda, el CD Bunyol ha iniciat amb vict\u00f2ria el seu cam\u00ed en La Nostra Copa, despr\u00e9s d&#8217;imposar-se per 2 gols a 3 al SC Requena, equip contra el qual s&#8217;ha enfrontat aquest passat dimarts en el Tom\u00e1s Berlanga en la primera eliminat\u00f2ria del campionat.<\/p>\n\n\n\n<figure class=\"wp-block-image size-large\"><img loading=\"lazy\" decoding=\"async\" width=\"1024\" height=\"928\" src=\"http:\/\/www.tucomarca.com\/wordpress\/segunda\/wp-content\/uploads\/2022\/11\/RequenaBunol-1024x928.jpg\" alt=\"\" class=\"wp-image-171421\" srcset=\"https:\/\/tucomarca.whitekongsoftware.com\/wp-content\/uploads\/2022\/11\/RequenaBunol-1024x928.jpg 1024w, https:\/\/tucomarca.whitekongsoftware.com\/wp-content\/uploads\/2022\/11\/RequenaBunol-300x272.jpg 300w, https:\/\/tucomarca.whitekongsoftware.com\/wp-content\/uploads\/2022\/11\/RequenaBunol-768x696.jpg 768w, https:\/\/tucomarca.whitekongsoftware.com\/wp-content\/uploads\/2022\/11\/RequenaBunol-1536x1392.jpg 1536w, https:\/\/tucomarca.whitekongsoftware.com\/wp-content\/uploads\/2022\/11\/RequenaBunol.jpg 1600w\" sizes=\"auto, (max-width: 1024px) 100vw, 1024px\" \/><\/figure>\n\n\n\n<p class=\"wp-block-paragraph\">  <\/p>\n","protected":false},"excerpt":{"rendered":"<div class=\"mh-excerpt\">El Club Esportiu Bunyol rep aquest dissabte en el Beltr\u00e1n B\u00e1guena a partir de les 16,30 hores al CF Recanvis Col\u00f3n Catarroja, conjunt amb qui es disputar\u00e0 acostar-se als llocs de cap de la taula <a class=\"mh-excerpt-more\" href=\"https:\/\/tucomarca.whitekongsoftware.com\/ca\/el-cd-bunyol-rep-al-recanvis-colon-catarroja-despres-de-situar-se-a-5-punts-del-lider-despres-de-les-seues-ultimes-victories\/\" title=\"El CD Bunyol rep al Recanvis Col\u00f3n Catarroja despr\u00e9s de situar-se a 5 punts del l\u00edder despr\u00e9s de les seues \u00faltimes vict\u00f2ries\">[+] <\/a><\/div>\n","protected":false},"author":1,"featured_media":171424,"comment_status":"open","ping_status":"open","sticky":false,"template":"","format":"standard","meta":{"footnotes":""},"categories":[11019,10911,11015,11003,10912,10896],"tags":[10913,11126,10914],"class_list":["post-171427","post","type-post","status-publish","format-standard","has-post-thumbnail","category-agenda-ca","category-bunol-ca","category-canal-futbol","category-sports","category-la-hoya-ca","category-seccion-ca","tag-bunol-ca","tag-cd-bunol-ca","tag-la-hoya-de-bunol-chiva-ca"],"_links":{"self":[{"href":"https:\/\/tucomarca.whitekongsoftware.com\/ca\/wp-json\/wp\/v2\/posts\/171427","targetHints":{"allow":["GET"]}}],"collection":[{"href":"https:\/\/tucomarca.whitekongsoftware.com\/ca\/wp-json\/wp\/v2\/posts"}],"about":[{"href":"https:\/\/tucomarca.whitekongsoftware.com\/ca\/wp-json\/wp\/v2\/types\/post"}],"author":[{"embeddable":true,"href":"https:\/\/tucomarca.whitekongsoftware.com\/ca\/wp-json\/wp\/v2\/users\/1"}],"replies":[{"embeddable":true,"href":"https:\/\/tucomarca.whitekongsoftware.com\/ca\/wp-json\/wp\/v2\/comments?post=171427"}],"version-history":[{"count":0,"href":"https:\/\/tucomarca.whitekongsoftware.com\/ca\/wp-json\/wp\/v2\/posts\/171427\/revisions"}],"wp:featuredmedia":[{"embeddable":true,"href":"https:\/\/tucomarca.whitekongsoftware.com\/ca\/wp-json\/wp\/v2\/media\/171424"}],"wp:attachment":[{"href":"https:\/\/tucomarca.whitekongsoftware.com\/ca\/wp-json\/wp\/v2\/media?parent=171427"}],"wp:term":[{"taxonomy":"category","embeddable":true,"href":"https:\/\/tucomarca.whitekongsoftware.com\/ca\/wp-json\/wp\/v2\/categories?post=171427"},{"taxonomy":"post_tag","embeddable":true,"href":"https:\/\/tucomarca.whitekongsoftware.com\/ca\/wp-json\/wp\/v2\/tags?post=171427"}],"curies":[{"name":"wp","href":"https:\/\/api.w.org\/{rel}","templated":true}]}}