{"id":171223,"date":"2022-11-02T10:00:00","date_gmt":"2022-11-02T08:00:00","guid":{"rendered":"https:\/\/www.tucomarca.com\/wordpress\/segunda\/?p=171223"},"modified":"2022-11-02T20:19:48","modified_gmt":"2022-11-02T18:19:48","slug":"benaguasil-proclama-a-les-seues-falleres-majors","status":"publish","type":"post","link":"https:\/\/tucomarca.whitekongsoftware.com\/ca\/benaguasil-proclama-a-les-seues-falleres-majors\/","title":{"rendered":"Benaguasil proclama a les seues Falleres Majors"},"content":{"rendered":"\n<h4 class=\"wp-block-heading\">Monti Arru\u00e9, \u00e9s la nova Fallera Major i Ainhoa Gramuntell, la nova Fallera Major Infantil per al 2023.<\/h4>\n\n\n\n<h4 class=\"wp-block-heading\">A l&#8217;acte van assistir juntes locals falleres de poblacions ve\u00efnes que els van presentar els seus respectes i les comissions falleres de Benaguasil.<\/h4>\n\n\n\n<p class=\"wp-block-paragraph\">Benaguasil ha dut a terme aquest cap de setmana l&#8217;acte de proclamaci\u00f3 de les quals seran les Falleres Majors de Benaguasil, Monti Arru\u00e9 Dom\u00e9nech i Ainhoa Gramuntell Jim\u00e9nez.<\/p>\n\n\n\n<p class=\"wp-block-paragraph\">La jornada es va iniciar amb un cercaviles en el qual les m\u00e0ximes representants de Benaguasil van ser acompanyades des de la Pla\u00e7a Mariano Benlliure fins a les portes de l&#8217;Auditori de la Uni\u00f3 Musical per les comissions falleres i per juntes locals de poblacions ve\u00efnes, aix\u00ed com per les autoritats locals.&nbsp;<\/p>\n\n\n\n<p class=\"wp-block-paragraph\">Passades les set de la vesprada donava principi l&#8217;esperat acte i Monti i Ainhoa eren rebudes amb aplaudiments i elogis a l&#8217;Auditori. La primera a pujar a l&#8217;escenari va ser Ainhoa, acompanyada per la presidenta de la JLF, Pepa Cano i per la regidor de Festes, Ana Aleixandre, que va ser l&#8217;encarregada d&#8217;imposar-li la banda i la joia que l&#8217;acredita com la m\u00e0xima representant dels xiquets de Benaguasil.<\/p>\n\n\n\n<p class=\"wp-block-paragraph\">Tot seguit va arribar el moment de proclamar a Monti, que acompanyada per la presidenta de la JLF, Pepa Cano i per l&#8217;alcalde, Ximo Segarra, va rebre la banda de fallera major de mans d&#8217;aquest.<\/p>\n\n\n\n<p class=\"wp-block-paragraph\">Despr\u00e9s d&#8217;aix\u00f2 van pujar a l&#8217;escenari les juntes locals d&#8217;Alaqu\u00e0s, Sedavi, B\u00e9tera, Benet\u00fasser, Riba-roja de T\u00faria, Ll\u00edria, La Vall d&#8217;Uix\u00f3, Montcada, La Pobla de Vallbona, i les 10 comissions falleres de Benaguasil.<\/p>\n\n\n\n<p class=\"wp-block-paragraph\">La regidora de Falles i l&#8217;Alcalde van tancar l&#8217;acte amb la imposici\u00f3 de l&#8217;escut d&#8217;or a les noves falleres majors i els van desitjar un any replet d&#8217;emocions i quines gaudisquen al m\u00e0xim de cadascun dels actes fallers. La vetlada va finalitzar amb l&#8217;himne regional.<\/p>\n\n\n\n<h4 class=\"wp-block-heading\"><\/h4>\n","protected":false},"excerpt":{"rendered":"<div class=\"mh-excerpt\">Monti Arru\u00e9, \u00e9s la nova Fallera Major i Ainhoa Gramuntell, la nova Fallera Major Infantil per al 2023. A l&#8217;acte van assistir juntes locals falleres de poblacions ve\u00efnes que els van presentar els seus respectes <a class=\"mh-excerpt-more\" href=\"https:\/\/tucomarca.whitekongsoftware.com\/ca\/benaguasil-proclama-a-les-seues-falleres-majors\/\" title=\"Benaguasil proclama a les seues Falleres Majors\">[+] <\/a><\/div>\n","protected":false},"author":12,"featured_media":171225,"comment_status":"open","ping_status":"open","sticky":false,"template":"","format":"standard","meta":{"footnotes":""},"categories":[10952,10892,10894,11004,11007,11008,10896],"tags":[11136,10899,17140,18187],"class_list":["post-171223","post","type-post","status-publish","format-standard","has-post-thumbnail","category-benaguasil-ca","category-camp-de-turia-ca","category-la-comarca-ca","category-la-semana-en-imagenes-ca","category-ocio-y-cultura-ca","category-pueblos-en-fiestas-ca","category-seccion-ca","tag-benaguasil-ca","tag-camp-de-turia-ca","tag-fallas-2023-ca","tag-falleras-mayores-ca"],"_links":{"self":[{"href":"https:\/\/tucomarca.whitekongsoftware.com\/ca\/wp-json\/wp\/v2\/posts\/171223","targetHints":{"allow":["GET"]}}],"collection":[{"href":"https:\/\/tucomarca.whitekongsoftware.com\/ca\/wp-json\/wp\/v2\/posts"}],"about":[{"href":"https:\/\/tucomarca.whitekongsoftware.com\/ca\/wp-json\/wp\/v2\/types\/post"}],"author":[{"embeddable":true,"href":"https:\/\/tucomarca.whitekongsoftware.com\/ca\/wp-json\/wp\/v2\/users\/12"}],"replies":[{"embeddable":true,"href":"https:\/\/tucomarca.whitekongsoftware.com\/ca\/wp-json\/wp\/v2\/comments?post=171223"}],"version-history":[{"count":0,"href":"https:\/\/tucomarca.whitekongsoftware.com\/ca\/wp-json\/wp\/v2\/posts\/171223\/revisions"}],"wp:featuredmedia":[{"embeddable":true,"href":"https:\/\/tucomarca.whitekongsoftware.com\/ca\/wp-json\/wp\/v2\/media\/171225"}],"wp:attachment":[{"href":"https:\/\/tucomarca.whitekongsoftware.com\/ca\/wp-json\/wp\/v2\/media?parent=171223"}],"wp:term":[{"taxonomy":"category","embeddable":true,"href":"https:\/\/tucomarca.whitekongsoftware.com\/ca\/wp-json\/wp\/v2\/categories?post=171223"},{"taxonomy":"post_tag","embeddable":true,"href":"https:\/\/tucomarca.whitekongsoftware.com\/ca\/wp-json\/wp\/v2\/tags?post=171223"}],"curies":[{"name":"wp","href":"https:\/\/api.w.org\/{rel}","templated":true}]}}