{"id":171173,"date":"2022-10-31T17:00:00","date_gmt":"2022-10-31T15:00:00","guid":{"rendered":"https:\/\/www.tucomarca.com\/wordpress\/segunda\/?p=171173"},"modified":"2022-10-31T18:22:17","modified_gmt":"2022-10-31T16:22:17","slug":"caballero-reivindica-la-urgencia-dactuar-en-zones-rurals-i-despoblades-amb-infraestructures-serveis-i-beneficis-fiscals","status":"publish","type":"post","link":"https:\/\/tucomarca.whitekongsoftware.com\/ca\/caballero-reivindica-la-urgencia-dactuar-en-zones-rurals-i-despoblades-amb-infraestructures-serveis-i-beneficis-fiscals\/","title":{"rendered":"Caballero reivindica la urg\u00e8ncia d&#8217;actuar en zones rurals i despoblades amb infraestructures, serveis i beneficis fiscals\u00a0"},"content":{"rendered":"\n<h4 class=\"wp-block-heading\">Defensa la rebaixa d&#8217;impostos a un tipus s\u00faper redu\u00eft en la compra d&#8217;habitatges en municipis en risc de despoblaci\u00f3 o la quota zero per a nous aut\u00f2noms en aqueixos municipis<\/h4>\n\n\n\n<p class=\"wp-block-paragraph\">El president de Noves Generacions de la Comunitat Valenciana (NNGG-CV), Juan Carlos Caballero, ha reivindicat hui la urg\u00e8ncia d&#8217;actuar en les zones rurals i despoblades i dotar-les de serveis necessaris, tant en infraestructures i transports com a comer\u00e7os, caixers autom\u00e0tics o noves tecnologies.<br>Cavaller ha participat en un acte de la formaci\u00f3 juvenil a Utiel en suport del m\u00f3n rural, i ha defensat l&#8217;aplicaci\u00f3 de beneficis per a aquestes \u00e0rees, com rebaixar impostos a un tipus s\u00faper redu\u00eft en la compra d&#8217;habitatges en municipis en risc de despoblaci\u00f3 o la quota zero per a nous aut\u00f2noms en aqueixos municipis.<br>\u201cLa despoblaci\u00f3 \u00e9s un repte no sols demogr\u00e0fic. Actuar per a aconseguir el renaixement de les zones rurals i despoblades dep\u00e9n de bons serveis que asseguren una mobilitat de qualitat, de transport p\u00fablic, de xarxes que permeten treballar des de casa, de tindre serveis a disposici\u00f3 per\u00f2 tamb\u00e9 d&#8217;incentius, d&#8217;impulsar activitats com la ramaderia i l&#8217;agricultura\u201d, ha manifestat. Informa,<strong> Luis Ib\u00e1\u00f1ez.<\/strong><\/p>\n\n\n\n<h4 class=\"wp-block-heading\"><\/h4>\n","protected":false},"excerpt":{"rendered":"<div class=\"mh-excerpt\">Defensa la rebaixa d&#8217;impostos a un tipus s\u00faper redu\u00eft en la compra d&#8217;habitatges en municipis en risc de despoblaci\u00f3 o la quota zero per a nous aut\u00f2noms en aqueixos municipis El president de Noves Generacions <a class=\"mh-excerpt-more\" href=\"https:\/\/tucomarca.whitekongsoftware.com\/ca\/caballero-reivindica-la-urgencia-dactuar-en-zones-rurals-i-despoblades-amb-infraestructures-serveis-i-beneficis-fiscals\/\" title=\"Caballero reivindica la urg\u00e8ncia d&#8217;actuar en zones rurals i despoblades amb infraestructures, serveis i beneficis fiscals\u00a0\">[+] <\/a><\/div>\n","protected":false},"author":12,"featured_media":171172,"comment_status":"open","ping_status":"open","sticky":false,"template":"","format":"standard","meta":{"footnotes":""},"categories":[10898,10894,10904,10947,10909,10896,11059],"tags":[12279,18181,18182,10910,11174],"class_list":["post-171173","post","type-post","status-publish","format-standard","has-post-thumbnail","category-ventana-ca","category-la-comarca-ca","category-sin-categorizar-ca","category-politica","category-requena-utiel-ca","category-seccion-ca","category-utiel-ca","tag-despoblacion-ca","tag-nngg-cv-ca","tag-pp-utiel-ca","tag-requena-utiel-ca","tag-utiel-ca"],"_links":{"self":[{"href":"https:\/\/tucomarca.whitekongsoftware.com\/ca\/wp-json\/wp\/v2\/posts\/171173","targetHints":{"allow":["GET"]}}],"collection":[{"href":"https:\/\/tucomarca.whitekongsoftware.com\/ca\/wp-json\/wp\/v2\/posts"}],"about":[{"href":"https:\/\/tucomarca.whitekongsoftware.com\/ca\/wp-json\/wp\/v2\/types\/post"}],"author":[{"embeddable":true,"href":"https:\/\/tucomarca.whitekongsoftware.com\/ca\/wp-json\/wp\/v2\/users\/12"}],"replies":[{"embeddable":true,"href":"https:\/\/tucomarca.whitekongsoftware.com\/ca\/wp-json\/wp\/v2\/comments?post=171173"}],"version-history":[{"count":0,"href":"https:\/\/tucomarca.whitekongsoftware.com\/ca\/wp-json\/wp\/v2\/posts\/171173\/revisions"}],"wp:featuredmedia":[{"embeddable":true,"href":"https:\/\/tucomarca.whitekongsoftware.com\/ca\/wp-json\/wp\/v2\/media\/171172"}],"wp:attachment":[{"href":"https:\/\/tucomarca.whitekongsoftware.com\/ca\/wp-json\/wp\/v2\/media?parent=171173"}],"wp:term":[{"taxonomy":"category","embeddable":true,"href":"https:\/\/tucomarca.whitekongsoftware.com\/ca\/wp-json\/wp\/v2\/categories?post=171173"},{"taxonomy":"post_tag","embeddable":true,"href":"https:\/\/tucomarca.whitekongsoftware.com\/ca\/wp-json\/wp\/v2\/tags?post=171173"}],"curies":[{"name":"wp","href":"https:\/\/api.w.org\/{rel}","templated":true}]}}