{"id":171076,"date":"2022-10-28T17:00:00","date_gmt":"2022-10-28T15:00:00","guid":{"rendered":"https:\/\/www.tucomarca.com\/wordpress\/segunda\/?p=171076"},"modified":"2022-10-29T18:56:31","modified_gmt":"2022-10-29T16:56:31","slug":"lajuntament-de-bunyol-inverteix-mes-de-70-000-euros-en-prevencio-dincendis-en-la-partida-de-roma-cadira-de-roma-i-cami-de-corrals","status":"publish","type":"post","link":"https:\/\/tucomarca.whitekongsoftware.com\/ca\/lajuntament-de-bunyol-inverteix-mes-de-70-000-euros-en-prevencio-dincendis-en-la-partida-de-roma-cadira-de-roma-i-cami-de-corrals\/","title":{"rendered":"L&#8217;Ajuntament de Bunyol inverteix m\u00e9s de 70.000 euros en prevenci\u00f3 d&#8217;incendis en la partida de Roma, cadira de Roma i Cam\u00ed de Corrals"},"content":{"rendered":"\n<h4 class=\"wp-block-heading\">Dins del Pla Reacciona 2022 est\u00e0 inclosa la Gesti\u00f3 Forestal sostenible i prevenci\u00f3 d&#8217;incendis forestals de la localitat.&nbsp;<\/h4>\n\n\n\n<p class=\"wp-block-paragraph\">Rafa P\u00e9rez, regidor d&#8217;Urbanisme de l&#8217;Ajuntament de Bunyol, ha informat del Pla Reacciona 2022, que en la seua Fase II est\u00e0 inclosa la Gesti\u00f3 Forestal sostenible i prevenci\u00f3 d&#8217;incendis forestals. En una primera fase intervindran en el Paratge Natural Roma de la localitat.<br>Dins de les actuacions previstes estan la de reparar les vies forestals d&#8217;aquesta zona, incl\u00f2s el cam\u00ed de Corrals. A m\u00e9s, tamb\u00e9 es dur\u00e0 a terme el manteniment de l\u00ednies de defensa contra incendis forestals amb l&#8217;eliminaci\u00f3 de restes, la creaci\u00f3 d&#8217;\u00e0rees tallafocs, faixes auxiliars i interf\u00edcie urbanaforestal.&nbsp;<br>Tamb\u00e9 en aqueix paratge natural es realitzaran actuacions silv\u00edcoles de prevenci\u00f3 d&#8217;incendis forestals: desbrossaments, clarege de plan\u00e7ons, clarege de millora, talle selectiu, selecci\u00f3 de plan\u00e7ons\/brolles, desbrossament d&#8217;herba o tanques del sotabosc, podes, preparaci\u00f3 de fusta i desembosc. Finalment tamb\u00e9 es recollir\u00e0 i eliminar residus d&#8217;aqueixa zona.&nbsp;<br>L&#8217;edil del ram i tamb\u00e9 Primer Tinent d&#8217;Alcalde del Consistori ha confirmat que les muntanyes del paratge de Roma s\u00f3n una prioritat per a la corporaci\u00f3 municipal, ja que, \u201ca m\u00e9s de que \u00e9s on m\u00e9s muntanya de propietat municipal hi ha, tamb\u00e9 \u00e9s una zona que t\u00e9 un gran perill d&#8217;incendi, per aix\u00f2 cal tractar de millorar molt aqueixa zona. A m\u00e9s, es fa perqu\u00e8 el Govern sap que ac\u00ed hi ha molts habitatges i un \u00fanic cam\u00ed d&#8217;entrada i eixida, per la qual cosa en cas d&#8217;incendi seria un problema l&#8217;evacuaci\u00f3 dels ve\u00efns\u201d. En concret, confirma P\u00e9rez, que es destinaran m\u00e9s de 70.000 euros a aquesta partida.<br>Finalitza el primer Tinent d&#8217;Alcalde i regidor d&#8217;Urbanisme: \u201c\u00c9s una prioritat per a aquest Ajuntament la salvaguarda forestal del terme municipal. Estem treballant molt en el pla antiincendis des de fa molt i aquesta \u00e9s una fase m\u00e9s que volem posar en marxa. De fet en aquest pla tamb\u00e9 es contempla la compra d&#8217;eines, maquin\u00e0ria i complements forestals per a treballs de prevenci\u00f3 d&#8217;incendis forestals\u201d.<\/p>\n\n\n\n<p class=\"wp-block-paragraph\"><\/p>\n","protected":false},"excerpt":{"rendered":"<div class=\"mh-excerpt\">Dins del Pla Reacciona 2022 est\u00e0 inclosa la Gesti\u00f3 Forestal sostenible i prevenci\u00f3 d&#8217;incendis forestals de la localitat.&nbsp; Rafa P\u00e9rez, regidor d&#8217;Urbanisme de l&#8217;Ajuntament de Bunyol, ha informat del Pla Reacciona 2022, que en la <a class=\"mh-excerpt-more\" href=\"https:\/\/tucomarca.whitekongsoftware.com\/ca\/lajuntament-de-bunyol-inverteix-mes-de-70-000-euros-en-prevencio-dincendis-en-la-partida-de-roma-cadira-de-roma-i-cami-de-corrals\/\" title=\"L&#8217;Ajuntament de Bunyol inverteix m\u00e9s de 70.000 euros en prevenci\u00f3 d&#8217;incendis en la partida de Roma, cadira de Roma i Cam\u00ed de Corrals\">[+] <\/a><\/div>\n","protected":false},"author":12,"featured_media":105460,"comment_status":"open","ping_status":"open","sticky":false,"template":"","format":"standard","meta":{"footnotes":""},"categories":[10911,10948,10894,10912,10947,10896],"tags":[10913,10914,18170,12350],"class_list":["post-171076","post","type-post","status-publish","format-standard","has-post-thumbnail","category-bunol-ca","category-infraestructuras-ca","category-la-comarca-ca","category-la-hoya-ca","category-politica","category-seccion-ca","tag-bunol-ca","tag-la-hoya-de-bunol-chiva-ca","tag-plan-reacciona","tag-prevencion-de-incendios-ca"],"_links":{"self":[{"href":"https:\/\/tucomarca.whitekongsoftware.com\/ca\/wp-json\/wp\/v2\/posts\/171076","targetHints":{"allow":["GET"]}}],"collection":[{"href":"https:\/\/tucomarca.whitekongsoftware.com\/ca\/wp-json\/wp\/v2\/posts"}],"about":[{"href":"https:\/\/tucomarca.whitekongsoftware.com\/ca\/wp-json\/wp\/v2\/types\/post"}],"author":[{"embeddable":true,"href":"https:\/\/tucomarca.whitekongsoftware.com\/ca\/wp-json\/wp\/v2\/users\/12"}],"replies":[{"embeddable":true,"href":"https:\/\/tucomarca.whitekongsoftware.com\/ca\/wp-json\/wp\/v2\/comments?post=171076"}],"version-history":[{"count":0,"href":"https:\/\/tucomarca.whitekongsoftware.com\/ca\/wp-json\/wp\/v2\/posts\/171076\/revisions"}],"wp:featuredmedia":[{"embeddable":true,"href":"https:\/\/tucomarca.whitekongsoftware.com\/ca\/wp-json\/wp\/v2\/media\/105460"}],"wp:attachment":[{"href":"https:\/\/tucomarca.whitekongsoftware.com\/ca\/wp-json\/wp\/v2\/media?parent=171076"}],"wp:term":[{"taxonomy":"category","embeddable":true,"href":"https:\/\/tucomarca.whitekongsoftware.com\/ca\/wp-json\/wp\/v2\/categories?post=171076"},{"taxonomy":"post_tag","embeddable":true,"href":"https:\/\/tucomarca.whitekongsoftware.com\/ca\/wp-json\/wp\/v2\/tags?post=171076"}],"curies":[{"name":"wp","href":"https:\/\/api.w.org\/{rel}","templated":true}]}}