{"id":171050,"date":"2022-10-27T13:15:00","date_gmt":"2022-10-27T11:15:00","guid":{"rendered":"https:\/\/www.tucomarca.com\/wordpress\/segunda\/?p=171050"},"modified":"2022-10-28T01:44:34","modified_gmt":"2022-10-27T23:44:34","slug":"el-teatre-montecarlo-acollira-dissabte-que-ve-dia-5-lobra-madonna-dins-de-lagenda-cultural-del-mes-de-novembre-bunyol-actua","status":"publish","type":"post","link":"https:\/\/tucomarca.whitekongsoftware.com\/ca\/el-teatre-montecarlo-acollira-dissabte-que-ve-dia-5-lobra-madonna-dins-de-lagenda-cultural-del-mes-de-novembre-bunyol-actua\/","title":{"rendered":"El teatre Montecarlo acollir\u00e0 dissabte que ve, dia 5, l&#8217;obra Madonna, dins de l&#8217;agenda cultural del mes de novembre &#8220;Bunyol Actua&#8221;"},"content":{"rendered":"\n<p class=\"wp-block-paragraph\">Dissabte que ve 5 de novembre, a les 19,00 h. la companyia de teatre Patricia Pardo posar\u00e0 sobre les taules del Teatre Montecarlo l&#8217;obra &#8220;Madonna&#8221;, organitzada per la regidoria de Cultura en col\u00b7laboraci\u00f3 amb l&#8217;\u00c0rea de Cultura de la Diputaci\u00f3 i SARC.<\/p>\n\n\n\n<p class=\"wp-block-paragraph\">Entrada anticipada: 8 euros en drogueria La Pla\u00e7a, Moda i Complements Marina, biblioteca municipal i quiosc Desi (Ventas), tamb\u00e9 es podran adquirir abans de la funci\u00f3 en taquilla per 10 euros.<\/p>\n\n\n\n<p class=\"wp-block-paragraph\">Madonna \u00e9s el viatge d&#8217;una fam\u00edlia: gata, \u00e0via, mare i filla. Una fam\u00edlia que en el seu periple anir\u00e0 ampliant-se amb la incorporaci\u00f3 d&#8217;un corder. El viatge vital dels personatges acabar\u00e0 en una acci\u00f3 de preg\u00e0ria, accions de gr\u00e0cies, record, s\u00faplica i penediment davant de la Verge dels Desemparats.<\/p>\n\n\n\n<p class=\"wp-block-paragraph\">&#8220;No volem enaltir cap acte religi\u00f3s, sin\u00f3 utilitzar la teatralitat de la lit\u00fargia per a expressar art\u00edsticament les nostres inquietuds al voltant de l&#8217;empatia, el respecte i les cures, \u00e9s a dir, l&#8217;amor&#8221;.<\/p>\n\n\n\n<p class=\"wp-block-paragraph\">Aix\u00ed, partim d&#8217;una dramat\u00fargia periple que homenatjar\u00e0 la circense cl\u00e0ssica-cabaret, de n\u00fameros. \u00c9s a dir, el transcurs del viatge dels personatges protagonistes que pateixen i gaudeixen en el seu tr\u00e0nsit (un tr\u00e0nsit vinculat a l&#8217;amor al pro\u00efsme concretat en les filles i els animals) es conformar\u00e0 a trav\u00e9s de&nbsp;n\u00fameros circenses amb met\u00e0fores.<\/p>\n\n\n\n<p class=\"wp-block-paragraph\">Els n\u00fameros inclouran les disciplines clown, acrob\u00e0cia i equilibris, a m\u00e9s de tres mon\u00f2legs fets explotar entre les disciplines circenses. I els acompanyar\u00e0 una int\u00e8rpret de signes, integrada en l&#8217;escena, que a m\u00e9s de formar part del quadre art\u00edstic, com a pres\u00e8ncia esc\u00e8nica, ser\u00e0 la traductora dels textos a llengua de signes.<\/p>\n\n\n\n<p class=\"wp-block-paragraph\">Navegar entre l&#8217;expressi\u00f3 circense convencional i el llenguatge esc\u00e8nic contemporani, utilitzant qualsevol eina art\u00edstica al prove\u00efment, renegar dels par\u00e0metres conservadors de l&#8217;escena quan siga necessari.<\/p>\n\n\n\n<p class=\"wp-block-paragraph\">&#8220;Endinsar-nos en la fragilitat i la tozuder\u00eda del clown, per\u00f2 tamb\u00e9 en el joc de la ficci\u00f3 i la realitat, l&#8217;autoficci\u00f3, i en la utilitzaci\u00f3 de l&#8217;habilitat f\u00edsica i el gag com mig narratiu o metaf\u00f2ric i no exclusivament com a habilitat f\u00edsica o espectacular; aspirar a construir imatges-met\u00e0fora que parodien l&#8217;egocentrisme, la feblesa, la contradicci\u00f3 nostra a l&#8217;hora de trobar l&#8217;equilibri entre el propi benestar i el dels&nbsp; altres&#8221;.<\/p>\n\n\n\n<p class=\"wp-block-paragraph\"><\/p>\n","protected":false},"excerpt":{"rendered":"<div class=\"mh-excerpt\">Dissabte que ve 5 de novembre, a les 19,00 h. la companyia de teatre Patricia Pardo posar\u00e0 sobre les taules del Teatre Montecarlo l&#8217;obra &#8220;Madonna&#8221;, organitzada per la regidoria de Cultura en col\u00b7laboraci\u00f3 amb l&#8217;\u00c0rea <a class=\"mh-excerpt-more\" href=\"https:\/\/tucomarca.whitekongsoftware.com\/ca\/el-teatre-montecarlo-acollira-dissabte-que-ve-dia-5-lobra-madonna-dins-de-lagenda-cultural-del-mes-de-novembre-bunyol-actua\/\" title=\"El teatre Montecarlo acollir\u00e0 dissabte que ve, dia 5, l&#8217;obra Madonna, dins de l&#8217;agenda cultural del mes de novembre &#8220;Bunyol Actua&#8221;\">[+] <\/a><\/div>\n","protected":false},"author":12,"featured_media":171046,"comment_status":"open","ping_status":"open","sticky":false,"template":"","format":"standard","meta":{"footnotes":""},"categories":[11019,10911,10894,10912,11007,10896],"tags":[10913,14722,10914,18167],"class_list":["post-171050","post","type-post","status-publish","format-standard","has-post-thumbnail","category-agenda-ca","category-bunol-ca","category-la-comarca-ca","category-la-hoya-ca","category-ocio-y-cultura-ca","category-seccion-ca","tag-bunol-ca","tag-bunol-actua-ca","tag-la-hoya-de-bunol-chiva-ca","tag-madonna-ca"],"_links":{"self":[{"href":"https:\/\/tucomarca.whitekongsoftware.com\/ca\/wp-json\/wp\/v2\/posts\/171050","targetHints":{"allow":["GET"]}}],"collection":[{"href":"https:\/\/tucomarca.whitekongsoftware.com\/ca\/wp-json\/wp\/v2\/posts"}],"about":[{"href":"https:\/\/tucomarca.whitekongsoftware.com\/ca\/wp-json\/wp\/v2\/types\/post"}],"author":[{"embeddable":true,"href":"https:\/\/tucomarca.whitekongsoftware.com\/ca\/wp-json\/wp\/v2\/users\/12"}],"replies":[{"embeddable":true,"href":"https:\/\/tucomarca.whitekongsoftware.com\/ca\/wp-json\/wp\/v2\/comments?post=171050"}],"version-history":[{"count":0,"href":"https:\/\/tucomarca.whitekongsoftware.com\/ca\/wp-json\/wp\/v2\/posts\/171050\/revisions"}],"wp:featuredmedia":[{"embeddable":true,"href":"https:\/\/tucomarca.whitekongsoftware.com\/ca\/wp-json\/wp\/v2\/media\/171046"}],"wp:attachment":[{"href":"https:\/\/tucomarca.whitekongsoftware.com\/ca\/wp-json\/wp\/v2\/media?parent=171050"}],"wp:term":[{"taxonomy":"category","embeddable":true,"href":"https:\/\/tucomarca.whitekongsoftware.com\/ca\/wp-json\/wp\/v2\/categories?post=171050"},{"taxonomy":"post_tag","embeddable":true,"href":"https:\/\/tucomarca.whitekongsoftware.com\/ca\/wp-json\/wp\/v2\/tags?post=171050"}],"curies":[{"name":"wp","href":"https:\/\/api.w.org\/{rel}","templated":true}]}}