{"id":170967,"date":"2022-10-26T20:53:06","date_gmt":"2022-10-26T18:53:06","guid":{"rendered":"https:\/\/www.tucomarca.com\/wordpress\/segunda\/?p=170967"},"modified":"2022-10-26T20:53:11","modified_gmt":"2022-10-26T18:53:11","slug":"godelleta-no-donara-llicencies-per-a-parcs-fotovoltaics-en-el-seu-terme-que-no-estiguen-a-lentorn-de-lactual-planta-de-transferencia","status":"publish","type":"post","link":"https:\/\/tucomarca.whitekongsoftware.com\/ca\/godelleta-no-donara-llicencies-per-a-parcs-fotovoltaics-en-el-seu-terme-que-no-estiguen-a-lentorn-de-lactual-planta-de-transferencia\/","title":{"rendered":"Godelleta no donar\u00e0 llic\u00e8ncies per a parcs fotovoltaics en el seu terme que no estiguen a l&#8217;entorn de l&#8217;actual planta de transfer\u00e8ncia"},"content":{"rendered":"\n<p class=\"wp-block-paragraph\">L&#8217;Ajuntament de Godelleta ha aprovat en la seua \u00faltima sessi\u00f3 plen\u00e0ria la proposta elevada per l&#8217;equip de govern (compost per PSOE, EU-Comprom\u00eds i un regidor no adscrit) mitjan\u00e7ant la qual se susp\u00e9n &#8220;l&#8217;atorgament de llic\u00e8ncies per a la instal\u00b7laci\u00f3 de panells fotovoltaics en s\u00f2l r\u00fastic, a excepci\u00f3 de les quals no siguen per a autoconsum en s\u00f2l urbanitzable; exceptuant les que se sol\u00b7liciten en l&#8217;espai assenyalat en el pla adjunt com a Annex I, i durant el temps m\u00e0xim perm\u00e9s per la legislaci\u00f3&#8221;. <\/p>\n\n\n\n<p class=\"wp-block-paragraph\">Un annex 1 que delimita una zona entorn del lloc on es construir\u00e0 la planta de transfer\u00e8ncia &#8220;i que en la pr\u00e0ctica significa que no es podran donar llic\u00e8ncies per a construir plantes fotovoltaiques en cap altre lloc del terme de Godelleta que no siga en l&#8217;\u00e0rea que envolta a la planta de transfer\u00e8ncia, situada al costat de la subestaci\u00f3 actual de xarxa el\u00e8ctrica&#8221;, tal com ha explicat l&#8217;alcalde de la localitat, el socialista Rafa Fora.<\/p>\n\n\n\n<p class=\"wp-block-paragraph\">L&#8217;alcalde ha afegit que amb aquesta mesura, aprovada per l&#8217;Ajuntament en la seua \u00faltimes sessi\u00f3 plen\u00e0ria, &#8220;evitem que el nostre terme s&#8217;\u00f2mpliga de plantes fotovoltaiques i les que es desitgen instal\u00b7lar nom\u00e9s podran fer-ho en aquest \u00e0rea que abasta un 3% del nostre terme; encara que estem treballant perqu\u00e8 l&#8217;\u00e0rea es redu\u00efsca a nom\u00e9s un 2%&#8221;.<\/p>\n\n\n\n<p class=\"wp-block-paragraph\">Rafa Fora ha explicat que la suspensi\u00f3 de llic\u00e8ncies s&#8217;ha pres &#8220;en aplicaci\u00f3 de la Disposici\u00f3 Addicional sisena del TRLOTUP pels valors agraris i paisatg\u00edstics d&#8217;aquest municipi&#8221;.<\/p>\n\n\n\n<figure class=\"wp-block-image size-large\"><img loading=\"lazy\" decoding=\"async\" width=\"1024\" height=\"667\" src=\"http:\/\/www.tucomarca.com\/wordpress\/segunda\/wp-content\/uploads\/2022\/10\/GodelletaFotovoltaica-1024x667.jpg\" alt=\"\" class=\"wp-image-170958\" srcset=\"https:\/\/tucomarca.whitekongsoftware.com\/wp-content\/uploads\/2022\/10\/GodelletaFotovoltaica-1024x667.jpg 1024w, https:\/\/tucomarca.whitekongsoftware.com\/wp-content\/uploads\/2022\/10\/GodelletaFotovoltaica-300x195.jpg 300w, https:\/\/tucomarca.whitekongsoftware.com\/wp-content\/uploads\/2022\/10\/GodelletaFotovoltaica-768x500.jpg 768w, https:\/\/tucomarca.whitekongsoftware.com\/wp-content\/uploads\/2022\/10\/GodelletaFotovoltaica.jpg 1070w\" sizes=\"auto, (max-width: 1024px) 100vw, 1024px\" \/><figcaption>Anexo 1 que delimita la zona (de color naranja) donde s\u00f3lo se pueden dar licencias para ubicar plantas fotovoltaicas.<\/figcaption><\/figure>\n","protected":false},"excerpt":{"rendered":"<div class=\"mh-excerpt\">L&#8217;Ajuntament de Godelleta ha aprovat en la seua \u00faltima sessi\u00f3 plen\u00e0ria la proposta elevada per l&#8217;equip de govern (compost per PSOE, EU-Comprom\u00eds i un regidor no adscrit) mitjan\u00e7ant la qual se susp\u00e9n &#8220;l&#8217;atorgament de llic\u00e8ncies <a class=\"mh-excerpt-more\" href=\"https:\/\/tucomarca.whitekongsoftware.com\/ca\/godelleta-no-donara-llicencies-per-a-parcs-fotovoltaics-en-el-seu-terme-que-no-estiguen-a-lentorn-de-lactual-planta-de-transferencia\/\" title=\"Godelleta no donar\u00e0 llic\u00e8ncies per a parcs fotovoltaics en el seu terme que no estiguen a l&#8217;entorn de l&#8217;actual planta de transfer\u00e8ncia\">[+] <\/a><\/div>\n","protected":false},"author":1,"featured_media":170959,"comment_status":"open","ping_status":"open","sticky":false,"template":"","format":"standard","meta":{"footnotes":""},"categories":[10898,10977,10948,10894,10904,10912,10903,10947,10896],"tags":[11087,10914,12362],"class_list":["post-170967","post","type-post","status-publish","format-standard","has-post-thumbnail","category-ventana-ca","category-godelleta-ca","category-infraestructuras-ca","category-la-comarca-ca","category-sin-categorizar-ca","category-la-hoya-ca","category-medio-ambiente-la-comarca-ca","category-politica","category-seccion-ca","tag-godelleta-ca","tag-la-hoya-de-bunol-chiva-ca","tag-plantas-fotovoltaicas-ca"],"_links":{"self":[{"href":"https:\/\/tucomarca.whitekongsoftware.com\/ca\/wp-json\/wp\/v2\/posts\/170967","targetHints":{"allow":["GET"]}}],"collection":[{"href":"https:\/\/tucomarca.whitekongsoftware.com\/ca\/wp-json\/wp\/v2\/posts"}],"about":[{"href":"https:\/\/tucomarca.whitekongsoftware.com\/ca\/wp-json\/wp\/v2\/types\/post"}],"author":[{"embeddable":true,"href":"https:\/\/tucomarca.whitekongsoftware.com\/ca\/wp-json\/wp\/v2\/users\/1"}],"replies":[{"embeddable":true,"href":"https:\/\/tucomarca.whitekongsoftware.com\/ca\/wp-json\/wp\/v2\/comments?post=170967"}],"version-history":[{"count":0,"href":"https:\/\/tucomarca.whitekongsoftware.com\/ca\/wp-json\/wp\/v2\/posts\/170967\/revisions"}],"wp:featuredmedia":[{"embeddable":true,"href":"https:\/\/tucomarca.whitekongsoftware.com\/ca\/wp-json\/wp\/v2\/media\/170959"}],"wp:attachment":[{"href":"https:\/\/tucomarca.whitekongsoftware.com\/ca\/wp-json\/wp\/v2\/media?parent=170967"}],"wp:term":[{"taxonomy":"category","embeddable":true,"href":"https:\/\/tucomarca.whitekongsoftware.com\/ca\/wp-json\/wp\/v2\/categories?post=170967"},{"taxonomy":"post_tag","embeddable":true,"href":"https:\/\/tucomarca.whitekongsoftware.com\/ca\/wp-json\/wp\/v2\/tags?post=170967"}],"curies":[{"name":"wp","href":"https:\/\/api.w.org\/{rel}","templated":true}]}}