{"id":170938,"date":"2022-10-26T11:00:00","date_gmt":"2022-10-26T09:00:00","guid":{"rendered":"https:\/\/www.tucomarca.com\/wordpress\/segunda\/?p=170938"},"modified":"2022-10-26T14:22:51","modified_gmt":"2022-10-26T12:22:51","slug":"lhospital-de-la-ribera-renova-lacreditacio-de-la-seua-petjada-de-carboni-per-tercer-any-consecutiu","status":"publish","type":"post","link":"https:\/\/tucomarca.whitekongsoftware.com\/ca\/lhospital-de-la-ribera-renova-lacreditacio-de-la-seua-petjada-de-carboni-per-tercer-any-consecutiu\/","title":{"rendered":"L&#8217;Hospital de la Ribera renova l&#8217;acreditaci\u00f3 de la seua petjada de carboni per tercer any consecutiu"},"content":{"rendered":"\n<h4 class=\"wp-block-heading\">\u00c9s un dels primers hospitals a Espanya a certificar-se en la nova norma internacional 14064-1 2019 que aplica requisits m\u00e9s exigents<\/h4>\n\n\n\n<h4 class=\"wp-block-heading\">L&#8217;hospital ha redu\u00eft el seu consum d&#8217;electricitat en l&#8217;\u00faltim any en un 2,19%<\/h4>\n\n\n\n<p class=\"wp-block-paragraph\">L&#8217;Hospital Universitari de la Ribera ha renovat, per tercer any consecutiu, l&#8217;acreditaci\u00f3 de la seua petjada de carboni amb la nova norma internacional ISO 14064-1 2019 de C\u00e0lcul de GEI (gasos d&#8217;efecte d&#8217;hivernacle).<\/p>\n\n\n\n<p class=\"wp-block-paragraph\">L&#8217;hospital es converteix aix\u00ed en un dels primers hospitals d&#8217;Espanya a obtindre aquesta acreditaci\u00f3 amb la nova norma 14064-1 2019, que substitueix a la de 2012, i que aplica criteris m\u00e9s exigents en ampliar a 5 les categories per al c\u00e0lcul d&#8217;emissions directes i indirectes.<\/p>\n\n\n\n<p class=\"wp-block-paragraph\">Aquesta acreditaci\u00f3, validada per ICQD, una empresa independent i acreditada per ENAC (Entitat Nacional d&#8217;Acreditaci\u00f3) certifica que l&#8217;Hospital de la Ribera compleix de manera rigorosa amb el c\u00e0lcul desglossat de les emissions totals dels gasos d&#8217;efecte d&#8217;hivernacle que emet; que realitza peri\u00f2dicament auditories internes i externes per al control dels seus consums i que cada any es marca objectius de reducci\u00f3 de la seua petjada de carboni.<\/p>\n\n\n\n<p class=\"wp-block-paragraph\">En el seu informe la citada entitat acredita que l&#8217;inventari de Gasos d&#8217;Efecte d&#8217;hivernacle de l&#8217;any 2021 \u201c\u00e9s exacte i fiable\u201d i afig: \u201cLes dades d&#8217;activitat d&#8217;inventari GEI posseeixen tra\u00e7abilitat, qualitat i robustesa\u201d, amb \u201cgran control i gesti\u00f3 de la informaci\u00f3 documentada\u201d.<\/p>\n\n\n\n<p class=\"wp-block-paragraph\">Aquestes emissions es produeixen principalment per diverses fonts com a electricitat, gas natural, combustible per a grups electr\u00f2gens i vehicles, sistema de refrigeraci\u00f3, equips contra incendis, gasos anest\u00e8sics i medicinals i altres.<\/p>\n\n\n\n<p class=\"wp-block-paragraph\">La dificultat afegida per a obtindre l&#8217;acreditaci\u00f3 amb la nova norma ISO 14064-1 2019, \u00e9s que exigeix nous i complexos requisits com el c\u00e0lcul de les emissions indirectes causades pel transport d&#8217;empleats, usuaris i ambul\u00e0ncies o dels productes i serveis m\u00e9s significatius de l&#8217;organitzaci\u00f3 com a productes farmac\u00e8utics, t\u00e8xtils paper, servei de missatgeria, jardineria, neteja o seguretat, o residus, entre altres.<\/p>\n\n\n\n<p class=\"wp-block-paragraph\"><strong>Mesures per a la reducci\u00f3 d&#8217;emissions<\/strong><\/p>\n\n\n\n<p class=\"wp-block-paragraph\">Per a la gerent del Departament de Salut de La Ribera, Liliana Fuster; \u201cactualment, dins del cam\u00ed cap a una societat m\u00e9s sostenible i verd, el c\u00e0lcul de petjada de carboni basat en la metodologia ISO 14064, \u00e9s un dels indicadors ambientals m\u00e9s interessants i importants per a les organitzacions, que permet identificar i millorar els seus impactes mediambientals\u201d.<\/p>\n\n\n\n<p class=\"wp-block-paragraph\">En aquest sentit, en els \u00faltims anys l&#8217;hospital ve aplicant diverses mesures per a la reducci\u00f3 de la seua petjada de carboni com a campanyes de conscienciaci\u00f3 de consum energ\u00e8tic i ambiental, la implantaci\u00f3 d&#8217;un poal retornable per a residus sanitaris, l&#8217;adquisici\u00f3 d&#8217;un equip frigor\u00edfic menys contaminant o respiradors per a quir\u00f2fan m\u00e9s eficients, entre altres.<\/p>\n\n\n\n<p class=\"wp-block-paragraph\">Aquestes mesures han incidit en qu\u00e8 en l&#8217;\u00faltim any 2021, l&#8217;hospital haja redu\u00eft el seu consum d&#8217;electricitat en un 2,19%.<\/p>\n\n\n\n<p class=\"wp-block-paragraph\">Aix\u00ed mateix, recentment, l&#8217;Hospital de la Ribera s&#8217;ha sumat a un Acord marc de la Conselleria de Sanitat Universal per a la realitzaci\u00f3 de diversos estudis d&#8217;efici\u00e8ncia energ\u00e8tica com a pas previ a la incorporaci\u00f3 futura d&#8217;energies renovables o nous sistemes de control i estalvi energ\u00e8tic.<\/p>\n\n\n\n<p class=\"wp-block-paragraph\">Com explica Liliana Fuster, \u201cel Departament de Salut de la Ribera vol tindre una posici\u00f3 de lideratge en temes ambientals\u201d i afig: \u201cEls centres sanitaris hem de contribuir a minimitzar els efectes de la deterioraci\u00f3 mediambiental sobre la salut i les malalties i, tamb\u00e9, ser proactius per a mitigar l&#8217;impacte de les nostres activitats en el canvi clim\u00e0tic\u201d.<\/p>\n\n\n\n<p class=\"wp-block-paragraph\"><\/p>\n","protected":false},"excerpt":{"rendered":"<div class=\"mh-excerpt\">\u00c9s un dels primers hospitals a Espanya a certificar-se en la nova norma internacional 14064-1 2019 que aplica requisits m\u00e9s exigents L&#8217;hospital ha redu\u00eft el seu consum d&#8217;electricitat en l&#8217;\u00faltim any en un 2,19% L&#8217;Hospital <a class=\"mh-excerpt-more\" href=\"https:\/\/tucomarca.whitekongsoftware.com\/ca\/lhospital-de-la-ribera-renova-lacreditacio-de-la-seua-petjada-de-carboni-per-tercer-any-consecutiu\/\" title=\"L&#8217;Hospital de la Ribera renova l&#8217;acreditaci\u00f3 de la seua petjada de carboni per tercer any consecutiu\">[+] <\/a><\/div>\n","protected":false},"author":12,"featured_media":170937,"comment_status":"open","ping_status":"open","sticky":false,"template":"","format":"standard","meta":{"footnotes":""},"categories":[10889,11010,10948,10894,10902,10903,10896],"tags":[12491,14944,11356],"class_list":["post-170938","post","type-post","status-publish","format-standard","has-post-thumbnail","category-alzira-cat","category-canal-salud","category-infraestructuras-ca","category-la-comarca-ca","category-la-ribera-ca","category-medio-ambiente-la-comarca-ca","category-seccion-ca","tag-hospital-de-la-ribera-ca","tag-huella-de-carbono-ca","tag-ribera-alta-ca"],"_links":{"self":[{"href":"https:\/\/tucomarca.whitekongsoftware.com\/ca\/wp-json\/wp\/v2\/posts\/170938","targetHints":{"allow":["GET"]}}],"collection":[{"href":"https:\/\/tucomarca.whitekongsoftware.com\/ca\/wp-json\/wp\/v2\/posts"}],"about":[{"href":"https:\/\/tucomarca.whitekongsoftware.com\/ca\/wp-json\/wp\/v2\/types\/post"}],"author":[{"embeddable":true,"href":"https:\/\/tucomarca.whitekongsoftware.com\/ca\/wp-json\/wp\/v2\/users\/12"}],"replies":[{"embeddable":true,"href":"https:\/\/tucomarca.whitekongsoftware.com\/ca\/wp-json\/wp\/v2\/comments?post=170938"}],"version-history":[{"count":0,"href":"https:\/\/tucomarca.whitekongsoftware.com\/ca\/wp-json\/wp\/v2\/posts\/170938\/revisions"}],"wp:featuredmedia":[{"embeddable":true,"href":"https:\/\/tucomarca.whitekongsoftware.com\/ca\/wp-json\/wp\/v2\/media\/170937"}],"wp:attachment":[{"href":"https:\/\/tucomarca.whitekongsoftware.com\/ca\/wp-json\/wp\/v2\/media?parent=170938"}],"wp:term":[{"taxonomy":"category","embeddable":true,"href":"https:\/\/tucomarca.whitekongsoftware.com\/ca\/wp-json\/wp\/v2\/categories?post=170938"},{"taxonomy":"post_tag","embeddable":true,"href":"https:\/\/tucomarca.whitekongsoftware.com\/ca\/wp-json\/wp\/v2\/tags?post=170938"}],"curies":[{"name":"wp","href":"https:\/\/api.w.org\/{rel}","templated":true}]}}