{"id":170932,"date":"2022-10-25T20:00:00","date_gmt":"2022-10-25T18:00:00","guid":{"rendered":"https:\/\/www.tucomarca.com\/wordpress\/segunda\/?p=170932"},"modified":"2022-10-26T14:47:26","modified_gmt":"2022-10-26T12:47:26","slug":"el-partit-de-requena-i-llogarets-prya-denuncia-que-el-psoe-vota-en-la-diputacio-en-contra-dampliar-la-carretera-que-uneix-camp-arcis-i-els-ducs-la-cv-446","status":"publish","type":"post","link":"https:\/\/tucomarca.whitekongsoftware.com\/ca\/el-partit-de-requena-i-llogarets-prya-denuncia-que-el-psoe-vota-en-la-diputacio-en-contra-dampliar-la-carretera-que-uneix-camp-arcis-i-els-ducs-la-cv-446\/","title":{"rendered":"El Partit de Requena i Llogarets (PRyA) den\u00fancia que el PSOE &#8220;vota en la Diputaci\u00f3 en contra d&#8217;ampliar la carretera que uneix Camp Arc\u00eds i Els Ducs, la CV-446&#8221;"},"content":{"rendered":"\n<h4 class=\"wp-block-heading\">La diputada requenense Isabel Garc\u00eda Hern\u00e1ndez, al seu torn regidora d&#8217;Igualtat del PSOE en l&#8217;Aj. de Requena, tamb\u00e9 va votar en contra de l&#8217;ampliaci\u00f3 de la CV-446<\/h4>\n\n\n\n<p class=\"wp-block-paragraph\">Des del Partit de Requena i Llogarets, mitjan\u00e7ant nota de premsa, informen que &#8220;fa unes setmanes, el ple de la Diputaci\u00f3 de Val\u00e8ncia va rebutjar amb els vots de PSOE i Comprom\u00eds l&#8217;ampliaci\u00f3 de la carretera CV-446, via que uneix Camp Arc\u00eds i Els Ducs amb les carreteres nacionals d&#8217;Almansa i Albacete&#8221;.&nbsp;<br>&#8220;Aquesta carretera t\u00e9 una ampl\u00e0ria inferior a 5,50 metres en tot el seu trajecte, variant les seues mesures, per exemple, a l&#8217;altura de la cooperativa dels Ducs la seua ampl\u00e0ria \u00e9s de 5,25 metres i de 4,50 metres a l&#8217;altura del poliesportiu de Camp Arc\u00eds. Legalment l&#8217;ampl\u00e0ria m\u00ednima per a aquesta mena de carreteres \u00e9s de 7 metres&#8221;.&nbsp;<br>&#8220;Des del PRyA volem fer veure que, a causa de la poca ampl\u00e0ria de la carretera i la falta de vorals, els conductors es veuen obligats a parar quan circulen camions o autobusos, vehicles abundants perqu\u00e8 en aquesta via se situa una granja de bestiar bov\u00ed amb 2.000 caps i \u00e9s ruta escolar per a autobusos. Aix\u00f2 suposa un greu perill per als usuaris&#8221;.&nbsp;<br>S&#8217;afig el problema de ser aquesta via molt utilitzada per ciclistes i paseantes, la qual cosa augmenta el risc f\u00edsic per a les persones.&nbsp;<br>&#8220;Amb tots aquests motius argumentats, es va debatre la moci\u00f3 en la Diputaci\u00f3 de Val\u00e8ncia per a procedir a l&#8217;ampliaci\u00f3 de la CV-446 a 7 metres com a marca el m\u00ednim per llei, quedant desestimada la proposta amb els vots en contra del PSOE i Comprom\u00eds&#8221;.&nbsp;<br>&#8220;Des del PRyA volem mostrar la nostra indignaci\u00f3 amb la falta de responsabilitat de la Diputaci\u00f3 de Val\u00e8ncia cap a aquest problema que pateixen els conductors al seu pas per Camp Arc\u00eds i Els Ducs, per\u00f2 m\u00e9s encara ens indigna que la diputada electa per Requena, Isabel Garc\u00eda Hern\u00e1ndez, del PSOE, vote en contra d&#8217;inversions per al municipi de Requena, com ha fet en aquesta ocasi\u00f3&#8221;.<br>&#8220;Hem de recordar que el diputat provincial de Requena s&#8217;elegeix per la suma de vots en les eleccions municipals en el conjunt dels municipis del nostre partit judicial i \u00e9s la formaci\u00f3 m\u00e9s votada qui l&#8217;obt\u00e9. En aquest cas va ser el PSOE en 2019, assignant l&#8217;esc\u00f3 a la regidora socialista de Requena Isabel Garc\u00eda Hern\u00e1ndez&#8221;.&nbsp;<br>&#8220;Des del PRyA llancem la seg\u00fcent pregunta De qu\u00e8 serveix votar al PSOE a Requena si despr\u00e9s la nostra representant en la Diputaci\u00f3 de Val\u00e8ncia vota contra els nostres interessos?\u201d, han finalizat.<\/p>\n\n\n\n<p class=\"wp-block-paragraph\"><\/p>\n","protected":false},"excerpt":{"rendered":"<div class=\"mh-excerpt\">La diputada requenense Isabel Garc\u00eda Hern\u00e1ndez, al seu torn regidora d&#8217;Igualtat del PSOE en l&#8217;Aj. de Requena, tamb\u00e9 va votar en contra de l&#8217;ampliaci\u00f3 de la CV-446 Des del Partit de Requena i Llogarets, mitjan\u00e7ant <a class=\"mh-excerpt-more\" href=\"https:\/\/tucomarca.whitekongsoftware.com\/ca\/el-partit-de-requena-i-llogarets-prya-denuncia-que-el-psoe-vota-en-la-diputacio-en-contra-dampliar-la-carretera-que-uneix-camp-arcis-i-els-ducs-la-cv-446\/\" title=\"El Partit de Requena i Llogarets (PRyA) den\u00fancia que el PSOE &#8220;vota en la Diputaci\u00f3 en contra d&#8217;ampliar la carretera que uneix Camp Arc\u00eds i Els Ducs, la CV-446&#8221;\">[+] <\/a><\/div>\n","protected":false},"author":12,"featured_media":170929,"comment_status":"open","ping_status":"open","sticky":false,"template":"","format":"standard","meta":{"footnotes":""},"categories":[10948,10894,10947,10908,10909,10896],"tags":[13681,14259,12796,10910],"class_list":["post-170932","post","type-post","status-publish","format-standard","has-post-thumbnail","category-infraestructuras-ca","category-la-comarca-ca","category-politica","category-requena-ca","category-requena-utiel-ca","category-seccion-ca","tag-campo-arcis-ca","tag-los-duques-ca","tag-prya-ca","tag-requena-utiel-ca"],"_links":{"self":[{"href":"https:\/\/tucomarca.whitekongsoftware.com\/ca\/wp-json\/wp\/v2\/posts\/170932","targetHints":{"allow":["GET"]}}],"collection":[{"href":"https:\/\/tucomarca.whitekongsoftware.com\/ca\/wp-json\/wp\/v2\/posts"}],"about":[{"href":"https:\/\/tucomarca.whitekongsoftware.com\/ca\/wp-json\/wp\/v2\/types\/post"}],"author":[{"embeddable":true,"href":"https:\/\/tucomarca.whitekongsoftware.com\/ca\/wp-json\/wp\/v2\/users\/12"}],"replies":[{"embeddable":true,"href":"https:\/\/tucomarca.whitekongsoftware.com\/ca\/wp-json\/wp\/v2\/comments?post=170932"}],"version-history":[{"count":0,"href":"https:\/\/tucomarca.whitekongsoftware.com\/ca\/wp-json\/wp\/v2\/posts\/170932\/revisions"}],"wp:featuredmedia":[{"embeddable":true,"href":"https:\/\/tucomarca.whitekongsoftware.com\/ca\/wp-json\/wp\/v2\/media\/170929"}],"wp:attachment":[{"href":"https:\/\/tucomarca.whitekongsoftware.com\/ca\/wp-json\/wp\/v2\/media?parent=170932"}],"wp:term":[{"taxonomy":"category","embeddable":true,"href":"https:\/\/tucomarca.whitekongsoftware.com\/ca\/wp-json\/wp\/v2\/categories?post=170932"},{"taxonomy":"post_tag","embeddable":true,"href":"https:\/\/tucomarca.whitekongsoftware.com\/ca\/wp-json\/wp\/v2\/tags?post=170932"}],"curies":[{"name":"wp","href":"https:\/\/api.w.org\/{rel}","templated":true}]}}