{"id":170864,"date":"2022-10-26T12:12:00","date_gmt":"2022-10-26T10:12:00","guid":{"rendered":"https:\/\/www.tucomarca.com\/wordpress\/segunda\/?p=170864"},"modified":"2022-10-26T14:39:04","modified_gmt":"2022-10-26T12:39:04","slug":"la-primera-fira-del-moscatell-de-godelleta-tanca-les-seues-portes-amb-una-elevada-assistencia-de-visitants","status":"publish","type":"post","link":"https:\/\/tucomarca.whitekongsoftware.com\/ca\/la-primera-fira-del-moscatell-de-godelleta-tanca-les-seues-portes-amb-una-elevada-assistencia-de-visitants\/","title":{"rendered":"La primera Fira del Moscatell de Godelleta tanca les seues portes amb una elevada assist\u00e8ncia de visitants"},"content":{"rendered":"\n<p class=\"wp-block-paragraph\">&#8220;Ha sigut el no va m\u00e9s&#8221;, amb aquestes paraules ha resumit l&#8217;alcalde de Godelleta, Rafael Fora, &#8220;l&#8217;elevad\u00edssima assist\u00e8ncia de visitants amb la qual hem comptat en la primera Fira del Moscatell que la localitat ha acollit aquest passat cap de setmana&#8221;.<\/p>\n\n\n\n<p class=\"wp-block-paragraph\">L&#8217;alcalde ha subratllat que, &#8220;tant els participants que han muntat els seus estands com els visitants que s&#8217;han acostat fins a Godelleta aquest cap de setmana han mostrat la seua satisfacci\u00f3 pel bon desenvolupament d&#8217;aquesta iniciativa i per la gran assist\u00e8ncia de p\u00fablic, iniciativa que es pret\u00e9n realitzar cada any, l&#8217;\u00faltim cap de setmana de setembre per a coincidir amb la verema, integrant a m\u00e9s comer\u00e7os del municipi&#8221;.&nbsp;<\/p>\n\n\n\n<p class=\"wp-block-paragraph\">Durant tot el cap de setmana al parc del Cultivable s&#8217;han succe\u00eft activitats entorn al Moscatell amb la col\u00b7laboraci\u00f3 de les associacions de Godelleta; Falla Godayla, Uni\u00f3 Musical de Godelleta, Clavariesas Verge del Carmen 2022 i Societat Pilotari Godelleta, aix\u00ed com el Celler Sant Pere Ap\u00f3stol, Cajamar i DO Val\u00e8ncia.<\/p>\n","protected":false},"excerpt":{"rendered":"<div class=\"mh-excerpt\">&#8220;Ha sigut el no va m\u00e9s&#8221;, amb aquestes paraules ha resumit l&#8217;alcalde de Godelleta, Rafael Fora, &#8220;l&#8217;elevad\u00edssima assist\u00e8ncia de visitants amb la qual hem comptat en la primera Fira del Moscatell que la localitat ha <a class=\"mh-excerpt-more\" href=\"https:\/\/tucomarca.whitekongsoftware.com\/ca\/la-primera-fira-del-moscatell-de-godelleta-tanca-les-seues-portes-amb-una-elevada-assistencia-de-visitants\/\" title=\"La primera Fira del Moscatell de Godelleta tanca les seues portes amb una elevada assist\u00e8ncia de visitants\">[+] <\/a><\/div>\n","protected":false},"author":1,"featured_media":170863,"comment_status":"open","ping_status":"open","sticky":false,"template":"","format":"standard","meta":{"footnotes":""},"categories":[11006,10977,10894,10912,11007,10896],"tags":[18144,11087,10914],"class_list":["post-170864","post","type-post","status-publish","format-standard","has-post-thumbnail","category-canal-vinos","category-godelleta-ca","category-la-comarca-ca","category-la-hoya-ca","category-ocio-y-cultura-ca","category-seccion-ca","tag-feria-del-moscatel-ca","tag-godelleta-ca","tag-la-hoya-de-bunol-chiva-ca"],"_links":{"self":[{"href":"https:\/\/tucomarca.whitekongsoftware.com\/ca\/wp-json\/wp\/v2\/posts\/170864","targetHints":{"allow":["GET"]}}],"collection":[{"href":"https:\/\/tucomarca.whitekongsoftware.com\/ca\/wp-json\/wp\/v2\/posts"}],"about":[{"href":"https:\/\/tucomarca.whitekongsoftware.com\/ca\/wp-json\/wp\/v2\/types\/post"}],"author":[{"embeddable":true,"href":"https:\/\/tucomarca.whitekongsoftware.com\/ca\/wp-json\/wp\/v2\/users\/1"}],"replies":[{"embeddable":true,"href":"https:\/\/tucomarca.whitekongsoftware.com\/ca\/wp-json\/wp\/v2\/comments?post=170864"}],"version-history":[{"count":0,"href":"https:\/\/tucomarca.whitekongsoftware.com\/ca\/wp-json\/wp\/v2\/posts\/170864\/revisions"}],"wp:featuredmedia":[{"embeddable":true,"href":"https:\/\/tucomarca.whitekongsoftware.com\/ca\/wp-json\/wp\/v2\/media\/170863"}],"wp:attachment":[{"href":"https:\/\/tucomarca.whitekongsoftware.com\/ca\/wp-json\/wp\/v2\/media?parent=170864"}],"wp:term":[{"taxonomy":"category","embeddable":true,"href":"https:\/\/tucomarca.whitekongsoftware.com\/ca\/wp-json\/wp\/v2\/categories?post=170864"},{"taxonomy":"post_tag","embeddable":true,"href":"https:\/\/tucomarca.whitekongsoftware.com\/ca\/wp-json\/wp\/v2\/tags?post=170864"}],"curies":[{"name":"wp","href":"https:\/\/api.w.org\/{rel}","templated":true}]}}