{"id":170850,"date":"2022-10-25T11:30:00","date_gmt":"2022-10-25T09:30:00","guid":{"rendered":"https:\/\/www.tucomarca.com\/wordpress\/segunda\/?p=170850"},"modified":"2022-10-26T12:20:53","modified_gmt":"2022-10-26T10:20:53","slug":"mor-manuel-saez-merino-creador-al-costat-del-seu-germa-joaquin-de-la-marca-lois","status":"publish","type":"post","link":"https:\/\/tucomarca.whitekongsoftware.com\/ca\/mor-manuel-saez-merino-creador-al-costat-del-seu-germa-joaquin-de-la-marca-lois\/","title":{"rendered":"Mor Manuel S\u00e1ez Merino, creador al costat del seu germ\u00e0 Joaqu\u00edn de la marca Lois"},"content":{"rendered":"\n<p class=\"wp-block-paragraph\">El 24 d&#8217;octubre va morir a Val\u00e8ncia, a l&#8217;edat de 98 anys (nascut en 1924), Manuel S\u00e1ez Merino. Era el segon fill (Vicente, 1922 i Joaqu\u00edn, 1928) del matrimoni format per Vicente,\u00a0<em>Sardiner<\/em>o\u00a0i Mar\u00eda Julia. Es va casar a Bunyol amb Llavor Garc\u00eda Ballesteros, amb qui va tindre quatre fills.<\/p>\n\n\n\n<p class=\"wp-block-paragraph\">En el pla empresarial mereix ser recordat, al costat del seu germ\u00e0 Joaqu\u00edn, pel seu esperit emprenedor i innovador. Tots dos van ser pioners a Espanya en la fabricaci\u00f3 del teixit&nbsp;<em>denim<\/em>, l&#8217;utilitzat per als pantalons vaquers.<\/p>\n\n\n\n<p class=\"wp-block-paragraph\">Des dels seus comen\u00e7aments en la humil botiga familiar en la seua localitat natal de Millars, va anar al comen\u00e7ament de la d\u00e8cada dels anys 50 del passat segle quan es va iniciar l&#8217;enlairament de l&#8217;imperi Lois. Amb un teler de segona m\u00e0 instal\u00b7lat en un local llogat comencen a fabricar les seues pr\u00f2pies teles amb les quals confeccionen en el seu propi taller roba de treball.<\/p>\n\n\n\n<p class=\"wp-block-paragraph\">D&#8217;ac\u00ed fan el salt a la construcci\u00f3 de la seua primera f\u00e0brica, tamb\u00e9 a Millars, dedicada (ara s\u00ed) a la fabricaci\u00f3 de teixit&nbsp;<em>denim<\/em>. L&#8217;any 1962 van eixir al mercat els primers pantalons vaquers amb la marca Lois.<\/p>\n\n\n\n<p class=\"wp-block-paragraph\">El resultat \u00e9s conegut per tots: vertigin\u00f3s creixement del negoci, especialment en les d\u00e8cades dels anys 70 i 80, arribant a expandir-se la venda d&#8217;aquestes peces vaqueres en el mercat europeu, americ\u00e0 i japon\u00e9s. Amb roba vaquera de la marca Lois es vestien esportistes com el futbolista neerland\u00e9s, Johan Cruyff, el tennista suec, Bj\u00f6rn Borg, o el pilot de F\u00f3rmula 1, James Hunt, i m\u00fasics com el brit\u00e0nic, Rod Stewart, o els components del grup suec Abba.<\/p>\n\n\n\n<p class=\"wp-block-paragraph\">Era Manuel, en el pla personal, home d&#8217;afable conversa al qual li encantava gaudir de la companyia dels seus paisans i, especialment, dels seus amics de la inf\u00e0ncia i joventut en les seues curtes visites al seu poble natal, on era feli\u00e7 compartint amb ells una magn\u00edfica paella de gaspatxos o un bon plat d&#8217;arr\u00f2s amb herbes.<\/p>\n\n\n\n<p class=\"wp-block-paragraph\">La poblaci\u00f3 de Millars fem arribar als seus familiars i afins, el nostre m\u00e9s sincer condol per tan irreparable p\u00e8rdua. Manuel i els seus germans sempre van saber portar amb orgull i satisfacci\u00f3 el nom del seu poble natal: Millars. Per aquest motiu la localitat t\u00e9 dedicada a la mem\u00f2ria de Vicente, Manuel i Joaqu\u00edn la travessia de la carretera CV-580 amb el nom d&#8217;Avinguda dels Germans S\u00e1ez Merino en reconeixement a la seua immensa labor empresarial i als seus m\u00e8rits personals.<\/p>\n\n\n\n<p class=\"wp-block-paragraph\">Descanse en Pau.<\/p>\n\n\n\n<p class=\"wp-block-paragraph\"><strong>Fidel P\u00e9rez Barber\u00e1<\/strong>, cronista oficial de Millares.<\/p>\n","protected":false},"excerpt":{"rendered":"<div class=\"mh-excerpt\">El 24 d&#8217;octubre va morir a Val\u00e8ncia, a l&#8217;edat de 98 anys (nascut en 1924), Manuel S\u00e1ez Merino. Era el segon fill (Vicente, 1922 i Joaqu\u00edn, 1928) del matrimoni format per Vicente,\u00a0Sardinero\u00a0i Mar\u00eda Julia. Es <a class=\"mh-excerpt-more\" href=\"https:\/\/tucomarca.whitekongsoftware.com\/ca\/mor-manuel-saez-merino-creador-al-costat-del-seu-germa-joaquin-de-la-marca-lois\/\" title=\"Mor Manuel S\u00e1ez Merino, creador al costat del seu germ\u00e0 Joaqu\u00edn de la marca Lois\">[+] <\/a><\/div>\n","protected":false},"author":12,"featured_media":170848,"comment_status":"open","ping_status":"open","sticky":false,"template":"","format":"standard","meta":{"footnotes":""},"categories":[10963,10894,10970,11007,10896],"tags":[11094,18142,11186],"class_list":["post-170850","post","type-post","status-publish","format-standard","has-post-thumbnail","category-la-canal-de-navarres-ca","category-la-comarca-ca","category-millares-ca","category-ocio-y-cultura-ca","category-seccion-ca","tag-la-canal-de-navarres","tag-manuel-saez-merino-ca","tag-millares-ca"],"_links":{"self":[{"href":"https:\/\/tucomarca.whitekongsoftware.com\/ca\/wp-json\/wp\/v2\/posts\/170850","targetHints":{"allow":["GET"]}}],"collection":[{"href":"https:\/\/tucomarca.whitekongsoftware.com\/ca\/wp-json\/wp\/v2\/posts"}],"about":[{"href":"https:\/\/tucomarca.whitekongsoftware.com\/ca\/wp-json\/wp\/v2\/types\/post"}],"author":[{"embeddable":true,"href":"https:\/\/tucomarca.whitekongsoftware.com\/ca\/wp-json\/wp\/v2\/users\/12"}],"replies":[{"embeddable":true,"href":"https:\/\/tucomarca.whitekongsoftware.com\/ca\/wp-json\/wp\/v2\/comments?post=170850"}],"version-history":[{"count":0,"href":"https:\/\/tucomarca.whitekongsoftware.com\/ca\/wp-json\/wp\/v2\/posts\/170850\/revisions"}],"wp:featuredmedia":[{"embeddable":true,"href":"https:\/\/tucomarca.whitekongsoftware.com\/ca\/wp-json\/wp\/v2\/media\/170848"}],"wp:attachment":[{"href":"https:\/\/tucomarca.whitekongsoftware.com\/ca\/wp-json\/wp\/v2\/media?parent=170850"}],"wp:term":[{"taxonomy":"category","embeddable":true,"href":"https:\/\/tucomarca.whitekongsoftware.com\/ca\/wp-json\/wp\/v2\/categories?post=170850"},{"taxonomy":"post_tag","embeddable":true,"href":"https:\/\/tucomarca.whitekongsoftware.com\/ca\/wp-json\/wp\/v2\/tags?post=170850"}],"curies":[{"name":"wp","href":"https:\/\/api.w.org\/{rel}","templated":true}]}}