{"id":170624,"date":"2022-10-23T12:00:00","date_gmt":"2022-10-23T10:00:00","guid":{"rendered":"https:\/\/www.tucomarca.com\/wordpress\/segunda\/?p=170624"},"modified":"2022-10-24T12:14:25","modified_gmt":"2022-10-24T10:14:25","slug":"riba-roja-assigna-una-partida-economica-de-3-000-euros-per-a-sufragar-la-compra-dels-aliments-i-productes-de-les-persones-celiaques","status":"publish","type":"post","link":"https:\/\/tucomarca.whitekongsoftware.com\/ca\/riba-roja-assigna-una-partida-economica-de-3-000-euros-per-a-sufragar-la-compra-dels-aliments-i-productes-de-les-persones-celiaques\/","title":{"rendered":"Riba-roja assigna una partida econ\u00f2mica de 3.000 euros per a sufragar la compra dels aliments i productes de les persones cel\u00edaques\u00a0"},"content":{"rendered":"\n<h4 class=\"wp-block-heading\">L&#8217;ajuntament aproves les bases reguladores d&#8217;aquestes ajudes que es podran sol\u00b7licitar fins el pr\u00f2xim dia 7 de novembre i que hauran de complir una s\u00e8rie de requisits per a beneficiar-se&nbsp;<\/h4>\n\n\n\n<p class=\"wp-block-paragraph\">L&#8217;Ajuntament de Riba-roja de T\u00faria ha assignat una partida pressupost\u00e0ria de 3.000 euros per a finan\u00e7ar la compra dels aliments elaborats tractats o preparats per a les persones diagnosticades m\u00e8dicament amb la celiaquia. L&#8217;objectiu \u00e9s rebaixar la despesa econ\u00f2mica que han d&#8217;assumir les fam\u00edlies i les persones que pateixen aquesta patologia i que nom\u00e9s poden consumir determinats aliments i productes.&nbsp;<\/p>\n\n\n\n<p class=\"wp-block-paragraph\">Les bases reguladores d&#8217;aquestes ajudes de Riba-roja de T\u00faria estableixen una s\u00e8rie de requisits i criteris que han de complir, escrupolosament, totes les persones que opten a les mateixes i, per tant, puguen ser benefici\u00e0ries d&#8217;una quantitat econ\u00f2mica determinada. El termini per a la presentaci\u00f3 de les sol\u00b7licituds acabar\u00e0 el pr\u00f2xim dia 7 de novembre i haur\u00e0 de ser tramitat d&#8217;acord amb el procediment establit, per la seu f\u00edsica o electr\u00f2nica.&nbsp;<\/p>\n\n\n\n<p class=\"wp-block-paragraph\">Entre els requisits previstos en les bases cal destacar que les persones beneficiar-se hauran d&#8217;acreditar un diagn\u00f2stic m\u00e8dic de celiaquia, en el cas d&#8217;una persona menor o incapacitada, a m\u00e9s, la condici\u00f3 de benefici\u00e0ria recaur\u00e0 en la persona que actua com a tutor o representant legal. A m\u00e9s, les persones que opten a les ajudes econ\u00f2miques de celiaquia hauran d&#8217;estar empadronades a Riba-roja de T\u00faria al llarg de l&#8217;any 2021.&nbsp;<\/p>\n\n\n\n<p class=\"wp-block-paragraph\">A m\u00e9s, no hauran d&#8217;inc\u00f3rrer en algunes de les circumst\u00e0ncies contemplades en la llei de subvencions i per a aix\u00f2 hauran de signar una declaraci\u00f3 responsable davant l&#8217;ajuntament com a entitat concession\u00e0ria de l&#8217;ajuda econ\u00f2mica, a la qual cal afegir altres normes com haver presentat en termini i forma la sol\u00b7licitud i la documentaci\u00f3 necess\u00e0ria segons la disposici\u00f3 corresponent en les bases reguladores municipals.&nbsp;<\/p>\n\n\n\n<p class=\"wp-block-paragraph\">Un altre dels requisits est\u00e0 enfocat al compliment de les obligacions tribut\u00e0ries, de manera que els sol\u00b7licitants hauran d&#8217;estar al corrent de l&#8217;Ag\u00e8ncia Tribut\u00e0ria i de la Seguretat Social, a m\u00e9s de les fiscals corresponents a l&#8217;Ajuntament de Riba-roja de T\u00faria. En aquest cas, es considera que est\u00e0 al corrent quan no mantinga deutes o sancions tribut\u00e0ries en per\u00edode executiu, excepte quan les mateixes es troben ajornades, fraccionades o en suspensi\u00f3. Hauran d&#8217;emplenar la sol\u00b7licitud i registrar-la f\u00edsicament o de manera electr\u00f2nica.&nbsp;<br>La sol\u00b7licitud de la subvenci\u00f3 haur\u00e0 d&#8217;ajustar-se al model establit en les bases reguladores, estar a nom de la persona benefici\u00e0ria o amb el nom de la persona tutora o representant legal en el caos de menors o persones incapacitades. A m\u00e9s, hauran d&#8217;adjuntar tota la documentaci\u00f3 oficial que figura en la normativa municipal, com una c\u00f2pia del llibre de fam\u00edlia, l&#8217;informe m\u00e8dic on conste el diagn\u00f2stic de la celiaquia i, finalment, la relaci\u00f3 de les despeses subvencionables presentades.&nbsp;<\/p>\n\n\n\n<p class=\"wp-block-paragraph\">Les peticions han d&#8217;acompanyar-se, tamb\u00e9, de la documentaci\u00f3 addicional, en cas de necessitat, per a aquelles situacions en les quals en la factura adjunta no s&#8217;especifique clarament que el producte especialitzat per a persones cel\u00edaques, com una foto de l&#8217;env\u00e0s, el fullet o altres formes que acrediten de manera clara i visible la condici\u00f3 exigible. Els sol\u00b7licitants hauran d&#8217;afegir una c\u00f2pia de les factures corresponents a cada despesa i justificant del pagament expedides, en tot cas, al llarg de l&#8217;any 2021.&nbsp;<\/p>\n\n\n\n<p class=\"wp-block-paragraph\">Els criteris objectius per a la concessi\u00f3 de les subvencions es basen en el c\u00e0lcul que es realitza en dividir la quantitat total pressupostada entre totes les sol\u00b7licituds que s&#8217;hagen rebut i que estiguen degudament emplenades i se cenyisquen als requisits de les bases reguladores. No es podran concedir subvencions per un import major del qual s&#8217;haja justificat degudament d&#8217;acord amb les bases. A m\u00e9s, la quantitat econ\u00f2mica sobrant es repartir\u00e0 proporcionalment entre la resta de beneficiaris.&nbsp;<\/p>\n\n\n\n<p class=\"wp-block-paragraph\">L&#8217;alcalde de Riba-roja de T\u00faria, Robert Raga, ha afirmat que aquestes ajudes \u201cresponen a l&#8217;\u00e0nim de l&#8217;equip de govern per atendre i satisfer les necessitats de les persones afectades per la celiaquia, que han d&#8217;assumir una despesa addicional m\u00e9s elevada per a adaptar la seua cistella de la compra a tots aquells productes que no els suposen un minvament f\u00edsic; per aix\u00f2, l&#8217;ajuntament t\u00e9 l&#8217;objectiu de cobrir aqueixa despesa econ\u00f2mica que han d&#8217;afegir respecte de la resta de persones\u201d.<\/p>\n\n\n\n<h4 class=\"wp-block-heading\"><\/h4>\n","protected":false},"excerpt":{"rendered":"<div class=\"mh-excerpt\">L&#8217;ajuntament aproves les bases reguladores d&#8217;aquestes ajudes que es podran sol\u00b7licitar fins el pr\u00f2xim dia 7 de novembre i que hauran de complir una s\u00e8rie de requisits per a beneficiar-se&nbsp; L&#8217;Ajuntament de Riba-roja de T\u00faria <a class=\"mh-excerpt-more\" href=\"https:\/\/tucomarca.whitekongsoftware.com\/ca\/riba-roja-assigna-una-partida-economica-de-3-000-euros-per-a-sufragar-la-compra-dels-aliments-i-productes-de-les-persones-celiaques\/\" title=\"Riba-roja assigna una partida econ\u00f2mica de 3.000 euros per a sufragar la compra dels aliments i productes de les persones cel\u00edaques\u00a0\">[+] <\/a><\/div>\n","protected":false},"author":12,"featured_media":140728,"comment_status":"open","ping_status":"open","sticky":false,"template":"","format":"standard","meta":{"footnotes":""},"categories":[10892,10948,10894,10947,10906,10896],"tags":[10899,18112,15024],"class_list":["post-170624","post","type-post","status-publish","format-standard","has-post-thumbnail","category-camp-de-turia-ca","category-infraestructuras-ca","category-la-comarca-ca","category-politica","category-riba-roja-ca","category-seccion-ca","tag-camp-de-turia-ca","tag-personas-celiacas-ca","tag-riba-roja-de-turia-ca"],"_links":{"self":[{"href":"https:\/\/tucomarca.whitekongsoftware.com\/ca\/wp-json\/wp\/v2\/posts\/170624","targetHints":{"allow":["GET"]}}],"collection":[{"href":"https:\/\/tucomarca.whitekongsoftware.com\/ca\/wp-json\/wp\/v2\/posts"}],"about":[{"href":"https:\/\/tucomarca.whitekongsoftware.com\/ca\/wp-json\/wp\/v2\/types\/post"}],"author":[{"embeddable":true,"href":"https:\/\/tucomarca.whitekongsoftware.com\/ca\/wp-json\/wp\/v2\/users\/12"}],"replies":[{"embeddable":true,"href":"https:\/\/tucomarca.whitekongsoftware.com\/ca\/wp-json\/wp\/v2\/comments?post=170624"}],"version-history":[{"count":0,"href":"https:\/\/tucomarca.whitekongsoftware.com\/ca\/wp-json\/wp\/v2\/posts\/170624\/revisions"}],"wp:featuredmedia":[{"embeddable":true,"href":"https:\/\/tucomarca.whitekongsoftware.com\/ca\/wp-json\/wp\/v2\/media\/140728"}],"wp:attachment":[{"href":"https:\/\/tucomarca.whitekongsoftware.com\/ca\/wp-json\/wp\/v2\/media?parent=170624"}],"wp:term":[{"taxonomy":"category","embeddable":true,"href":"https:\/\/tucomarca.whitekongsoftware.com\/ca\/wp-json\/wp\/v2\/categories?post=170624"},{"taxonomy":"post_tag","embeddable":true,"href":"https:\/\/tucomarca.whitekongsoftware.com\/ca\/wp-json\/wp\/v2\/tags?post=170624"}],"curies":[{"name":"wp","href":"https:\/\/api.w.org\/{rel}","templated":true}]}}