{"id":170615,"date":"2022-10-22T23:15:06","date_gmt":"2022-10-22T21:15:06","guid":{"rendered":"https:\/\/www.tucomarca.com\/wordpress\/segunda\/?p=170615"},"modified":"2022-10-22T23:16:00","modified_gmt":"2022-10-22T21:16:00","slug":"video-godelleta-organitza-una-fira-entorn-del-seu-tresor-el-moscatell","status":"publish","type":"post","link":"https:\/\/tucomarca.whitekongsoftware.com\/ca\/video-godelleta-organitza-una-fira-entorn-del-seu-tresor-el-moscatell\/","title":{"rendered":"V\u00eddeo: Godelleta organitza una fira entorn del seu tresor, el moscatell"},"content":{"rendered":"\n<figure class=\"wp-block-embed is-type-video is-provider-youtube wp-block-embed-youtube wp-embed-aspect-16-9 wp-has-aspect-ratio\"><div class=\"wp-block-embed__wrapper\">\n<iframe loading=\"lazy\" title=\"V\u00eddeo: Godelleta organiza una feria en torno a su tesoro, el moscatel\" width=\"500\" height=\"281\" src=\"https:\/\/www.youtube.com\/embed\/xSNuaPuNA0g?feature=oembed\" frameborder=\"0\" allow=\"accelerometer; autoplay; clipboard-write; encrypted-media; gyroscope; picture-in-picture; web-share\" referrerpolicy=\"strict-origin-when-cross-origin\" allowfullscreen><\/iframe>\n<\/div><\/figure>\n\n\n\n<p class=\"wp-block-paragraph\">El secretari auton\u00f2mic d\u2019Agricultura i Desenvolupament Rural de la Generalitat Valenciana, Roger Llanes, al costat de l\u2019alcalde de la poblaci\u00f3, Rafael Fora, i la resta de la corporaci\u00f3 municipal han sigut els encarregats d\u2019inaugurar la I Fira del Moscatell que la localitat acull aquest cap de setmana amb el lema \u201cGodelleta \u00e9s Moscatell\u201d. En l\u2019esdeveniment va ser present tamb\u00e9 el cap de zona del grup Cajamar, Vicente Raga, grup patrocinador d\u2019aquesta fira, al costat de la D.O. Val\u00e8ncia, Val\u00e8ncia Turisme i la Conselleria d\u2019Agricultura, aix\u00ed com altres regidors, alcaldes i c\u00e0rrecs org\u00e0nics convidats com l\u2019alcaldessa d\u2019Alboraig, Paqui Collado, o la Secret\u00e0ria Comarcal del PSPV-PSOE, Elena P\u00e9rez.<\/p>\n\n\n\n<p class=\"wp-block-paragraph\">El celler Sant Pere Ap\u00f3stol t\u00e9 a m\u00e9s un gran protagonisme durant tot el cap de setmana amb la presentaci\u00f3 dels seus nous productes, tots ells derivats del moscatell, el seu or l\u00edquid, com el denomina Miguel Juan Cervera, el president d\u2019aquesta entitat.<\/p>\n\n\n\n<p class=\"wp-block-paragraph\">Durant tot el cap de setmana es pot gaudir en aquesta fira d\u2019un complet programa d\u2019activitats l\u00fadiques i culturals, a m\u00e9s de la seua gastronomia i artesania.<\/p>\n","protected":false},"excerpt":{"rendered":"<div class=\"mh-excerpt\">El secretari auton\u00f2mic d\u2019Agricultura i Desenvolupament Rural de la Generalitat Valenciana, Roger Llanes, al costat de l\u2019alcalde de la poblaci\u00f3, Rafael Fora, i la resta de la corporaci\u00f3 municipal han sigut els encarregats d\u2019inaugurar la <a class=\"mh-excerpt-more\" href=\"https:\/\/tucomarca.whitekongsoftware.com\/ca\/video-godelleta-organitza-una-fira-entorn-del-seu-tresor-el-moscatell\/\" title=\"V\u00eddeo: Godelleta organitza una fira entorn del seu tresor, el moscatell\">[+] <\/a><\/div>\n","protected":false},"author":1,"featured_media":170611,"comment_status":"open","ping_status":"open","sticky":false,"template":"","format":"video","meta":{"footnotes":""},"categories":[10905,11006,10898,10977,10948,10894,10904,10912,11004,11007,11008,10947,10896,11062],"tags":[11087,10914,17497,13938],"class_list":["post-170615","post","type-post","status-publish","format-video","has-post-thumbnail","category-agricultura-la-comarca-ca","category-canal-vinos","category-ventana-ca","category-godelleta-ca","category-infraestructuras-ca","category-la-comarca-ca","category-sin-categorizar-ca","category-la-hoya-ca","category-la-semana-en-imagenes-ca","category-ocio-y-cultura-ca","category-pueblos-en-fiestas-ca","category-politica","category-seccion-ca","category-videos","tag-godelleta-ca","tag-la-hoya-de-bunol-chiva-ca","tag-moscatel-ca","tag-video-3-ca","post_format-post-format-video"],"_links":{"self":[{"href":"https:\/\/tucomarca.whitekongsoftware.com\/ca\/wp-json\/wp\/v2\/posts\/170615","targetHints":{"allow":["GET"]}}],"collection":[{"href":"https:\/\/tucomarca.whitekongsoftware.com\/ca\/wp-json\/wp\/v2\/posts"}],"about":[{"href":"https:\/\/tucomarca.whitekongsoftware.com\/ca\/wp-json\/wp\/v2\/types\/post"}],"author":[{"embeddable":true,"href":"https:\/\/tucomarca.whitekongsoftware.com\/ca\/wp-json\/wp\/v2\/users\/1"}],"replies":[{"embeddable":true,"href":"https:\/\/tucomarca.whitekongsoftware.com\/ca\/wp-json\/wp\/v2\/comments?post=170615"}],"version-history":[{"count":0,"href":"https:\/\/tucomarca.whitekongsoftware.com\/ca\/wp-json\/wp\/v2\/posts\/170615\/revisions"}],"wp:featuredmedia":[{"embeddable":true,"href":"https:\/\/tucomarca.whitekongsoftware.com\/ca\/wp-json\/wp\/v2\/media\/170611"}],"wp:attachment":[{"href":"https:\/\/tucomarca.whitekongsoftware.com\/ca\/wp-json\/wp\/v2\/media?parent=170615"}],"wp:term":[{"taxonomy":"category","embeddable":true,"href":"https:\/\/tucomarca.whitekongsoftware.com\/ca\/wp-json\/wp\/v2\/categories?post=170615"},{"taxonomy":"post_tag","embeddable":true,"href":"https:\/\/tucomarca.whitekongsoftware.com\/ca\/wp-json\/wp\/v2\/tags?post=170615"}],"curies":[{"name":"wp","href":"https:\/\/api.w.org\/{rel}","templated":true}]}}