{"id":170518,"date":"2022-10-20T20:00:00","date_gmt":"2022-10-20T18:00:00","guid":{"rendered":"https:\/\/www.tucomarca.com\/wordpress\/segunda\/?p=170518"},"modified":"2022-10-21T15:22:41","modified_gmt":"2022-10-21T13:22:41","slug":"el-prya-sollicita-en-el-ple-la-neteja-dels-vorals-de-lantiga-n-iii-al-costat-de-lermita-de-sant-cristofor-de-requena","status":"publish","type":"post","link":"https:\/\/tucomarca.whitekongsoftware.com\/ca\/el-prya-sollicita-en-el-ple-la-neteja-dels-vorals-de-lantiga-n-iii-al-costat-de-lermita-de-sant-cristofor-de-requena\/","title":{"rendered":"El PRyA sol\u00b7licita en el ple la neteja dels vorals de l&#8217;antiga N-III al costat de l&#8217;ermita de Sant Crist\u00f2for de Requena"},"content":{"rendered":"\n<p class=\"wp-block-paragraph\">El Partit de Requena i Llogarets (PRyA) parla de la seua sol\u00b7licitud en ple de la neteja de vorals de la N-III explicant que &#8220;en diverses ocasions hem sol\u00b7licitat la neteja d&#8217;aquesta zona per a evitar accidents de tr\u00e0nsit, sense que des del govern socialista s&#8217;haja solucionat aquesta situaci\u00f3&#8221;<\/p>\n\n\n\n<p class=\"wp-block-paragraph\">&#8220;En el passat, des del PRyA vam demanar al govern del PSOE que netege els vorals de l&#8217;antiga N-III, cedida aquesta via a l&#8217;Ajuntament, a l&#8217;altura&nbsp; de l&#8217;Ermita&nbsp; de Sant Crist\u00f2for perqu\u00e8 la vegetaci\u00f3 existent impedeix la visibilitat als vehicles que s&#8217;incorporen a aquesta via.&nbsp;<\/p>\n\n\n\n<p class=\"wp-block-paragraph\">No \u00e9s la primera vegada que des del PRyA sol\u00b7licitem aquesta actuaci\u00f3, la qual cosa evidencia la deixadesa del govern socialistade Mario S\u00e1nchez.<\/p>\n\n\n\n<p class=\"wp-block-paragraph\">No sols l&#8217;excessiva vegetaci\u00f3 existent mostra la falta de manteniment, tamb\u00e9 cal afegir el fem escampat per tota la zona i que roman sense netejar.&nbsp;<\/p>\n\n\n\n<p class=\"wp-block-paragraph\">L&#8217;estat de l&#8217;entorn de l&#8217;Ermita de Sant Crist\u00f2for \u00e9s una mostra m\u00e9s del frac\u00e0s del PSOE quant a la neteja i el manteniment es refereix, alguna cosa que \u00e9s incapa\u00e7 de solucionar l&#8217;alcalde Mario S\u00e1nchez.&nbsp;<\/p>\n\n\n\n<p class=\"wp-block-paragraph\">Des del PRyA venim denunciant en multitud d&#8217;ocasions la deixadesa, inacci\u00f3 i inoper\u00e0ncia del govern socialista en aquest aspecte, alguna cosa que&nbsp;<strong>p<\/strong>arece no tindre soluci\u00f3 mentre continue governant l&#8217;actual alcalde.&nbsp;<\/p>\n\n\n\n<p class=\"wp-block-paragraph\">Per aix\u00f2, des del PRyA exigim al govern socialista de Mario S\u00e1nchez que<strong>&nbsp;<\/strong>netege la zona de l&#8217;Ermita de Sant Crist\u00f2for i proporcione, si s\u00f3n capa\u00e7os, un manteniment constant perqu\u00e8 no es torne a repetir aquesta situaci\u00f3&#8221;.&nbsp;<\/p>\n\n\n\n<p class=\"wp-block-paragraph\"><\/p>\n","protected":false},"excerpt":{"rendered":"<div class=\"mh-excerpt\">El Partit de Requena i Llogarets (PRyA) parla de la seua sol\u00b7licitud en ple de la neteja de vorals de la N-III explicant que &#8220;en diverses ocasions hem sol\u00b7licitat la neteja d&#8217;aquesta zona per a <a class=\"mh-excerpt-more\" href=\"https:\/\/tucomarca.whitekongsoftware.com\/ca\/el-prya-sollicita-en-el-ple-la-neteja-dels-vorals-de-lantiga-n-iii-al-costat-de-lermita-de-sant-cristofor-de-requena\/\" title=\"El PRyA sol\u00b7licita en el ple la neteja dels vorals de l&#8217;antiga N-III al costat de l&#8217;ermita de Sant Crist\u00f2for de Requena\">[+] <\/a><\/div>\n","protected":false},"author":12,"featured_media":170516,"comment_status":"open","ping_status":"open","sticky":false,"template":"","format":"standard","meta":{"footnotes":""},"categories":[10948,10894,10947,10908,10909,10896],"tags":[11531,12796],"class_list":["post-170518","post","type-post","status-publish","format-standard","has-post-thumbnail","category-infraestructuras-ca","category-la-comarca-ca","category-politica","category-requena-ca","category-requena-utiel-ca","category-seccion-ca","tag-partido-de-requena-y-aldeas-ca","tag-prya-ca"],"_links":{"self":[{"href":"https:\/\/tucomarca.whitekongsoftware.com\/ca\/wp-json\/wp\/v2\/posts\/170518","targetHints":{"allow":["GET"]}}],"collection":[{"href":"https:\/\/tucomarca.whitekongsoftware.com\/ca\/wp-json\/wp\/v2\/posts"}],"about":[{"href":"https:\/\/tucomarca.whitekongsoftware.com\/ca\/wp-json\/wp\/v2\/types\/post"}],"author":[{"embeddable":true,"href":"https:\/\/tucomarca.whitekongsoftware.com\/ca\/wp-json\/wp\/v2\/users\/12"}],"replies":[{"embeddable":true,"href":"https:\/\/tucomarca.whitekongsoftware.com\/ca\/wp-json\/wp\/v2\/comments?post=170518"}],"version-history":[{"count":0,"href":"https:\/\/tucomarca.whitekongsoftware.com\/ca\/wp-json\/wp\/v2\/posts\/170518\/revisions"}],"wp:featuredmedia":[{"embeddable":true,"href":"https:\/\/tucomarca.whitekongsoftware.com\/ca\/wp-json\/wp\/v2\/media\/170516"}],"wp:attachment":[{"href":"https:\/\/tucomarca.whitekongsoftware.com\/ca\/wp-json\/wp\/v2\/media?parent=170518"}],"wp:term":[{"taxonomy":"category","embeddable":true,"href":"https:\/\/tucomarca.whitekongsoftware.com\/ca\/wp-json\/wp\/v2\/categories?post=170518"},{"taxonomy":"post_tag","embeddable":true,"href":"https:\/\/tucomarca.whitekongsoftware.com\/ca\/wp-json\/wp\/v2\/tags?post=170518"}],"curies":[{"name":"wp","href":"https:\/\/api.w.org\/{rel}","templated":true}]}}