{"id":170458,"date":"2022-10-22T08:00:00","date_gmt":"2022-10-22T06:00:00","guid":{"rendered":"https:\/\/www.tucomarca.com\/wordpress\/segunda\/?p=170458"},"modified":"2022-10-24T12:53:33","modified_gmt":"2022-10-24T10:53:33","slug":"ava-asaja-promociona-els-productes-de-quilometre-0-amb-la-campanya-el-camp-de-prop-dues-vegades-bo","status":"publish","type":"post","link":"https:\/\/tucomarca.whitekongsoftware.com\/ca\/ava-asaja-promociona-els-productes-de-quilometre-0-amb-la-campanya-el-camp-de-prop-dues-vegades-bo\/","title":{"rendered":"AVA-Asaja promociona els productes de quil\u00f2metre 0 amb la campanya \u201cEl camp, de prop, dues vegades bo\u201d"},"content":{"rendered":"\n<p class=\"wp-block-paragraph\">L&#8217;Associaci\u00f3 Valenciana d&#8217;Agricultors (AVA-Asaja) realitza una campanya de promoci\u00f3 dels productes de proximitat sota el lema \u201cEl camp, de prop, dues vegades bo\u201d finan\u00e7ada per la Conselleria de Participaci\u00f3, Transpar\u00e8ncia, Cooperaci\u00f3 i Qualitat Democr\u00e0tica. A fi de conscienciar a la societat dels beneficis de comprar productes locals, l&#8217;organitzaci\u00f3 est\u00e0 publicant material audiovisual en les seues xarxes socials. Entre els missatges d&#8217;aquest projecte de responsabilitat social destaca la import\u00e0ncia de defensar l&#8217;ofici dels agricultors i agricultores, aix\u00ed com protegir el nostre planeta, tots dos objectius lligats amb el consum d&#8217;aliments de quil\u00f2metre 0.<br>A m\u00e9s, l&#8217;entitat agr\u00e0ria tamb\u00e9 ha distribu\u00eft p\u00f2sters promocionals d&#8217;aquesta campanya en llocs de tr\u00e0nsit p\u00fablic com a biblioteques, centres educatius, supermercats i associacions culturals a fi de recordar a la societat valenciana que triant fruites i verdures de proximitat est\u00e0 contribuint al desenvolupament econ\u00f2mic local i a reduir la petjada de carboni, al mateix temps que s&#8217;asseguren que el producte siga fresc i de qualitat, ja que a l&#8217;\u00e9sser de temporada es troba en el seu moment \u00f2ptim de maduraci\u00f3.<br>\u201c\u00c9s important que la societat conega on i com es produeixen els aliments, ja que els aliments produ\u00efts a Europa compleixen amb uns est\u00e0ndards de qualitat i seguretat que no s\u00f3n requerits a produccions d&#8217;altres pa\u00efsos no comunitaris, els enviaments de productes dels quals alimentaris passen diversos dies recorrent milers de quil\u00f2metres fins a arribar ac\u00ed. Els agricultors i agricultores mantenen viu el medi rural i protegeixen la biodiversitat, per la qual cosa l&#8217;aposta per aquests productes locals ajudar\u00e0 a mantindre aquesta activitat econ\u00f2mica que travessa una profunda crisi econ\u00f2mica. Sens dubte el paper dels consumidors \u00e9s fonamental per a lluitar contra el canvi clim\u00e0tic i aquesta campanya \u00e9s una manera de recordar-lo\u201d, argumenta el president de AVA-Asaja, Crist\u00f3bal Aguado. Informa, <strong>Luis Ib\u00e1\u00f1ez.<\/strong><\/p>\n\n\n\n<p class=\"wp-block-paragraph\"><\/p>\n","protected":false},"excerpt":{"rendered":"<div class=\"mh-excerpt\">L&#8217;Associaci\u00f3 Valenciana d&#8217;Agricultors (AVA-Asaja) realitza una campanya de promoci\u00f3 dels productes de proximitat sota el lema \u201cEl camp, de prop, dues vegades bo\u201d finan\u00e7ada per la Conselleria de Participaci\u00f3, Transpar\u00e8ncia, Cooperaci\u00f3 i Qualitat Democr\u00e0tica. A <a class=\"mh-excerpt-more\" href=\"https:\/\/tucomarca.whitekongsoftware.com\/ca\/ava-asaja-promociona-els-productes-de-quilometre-0-amb-la-campanya-el-camp-de-prop-dues-vegades-bo\/\" title=\"AVA-Asaja promociona els productes de quil\u00f2metre 0 amb la campanya \u201cEl camp, de prop, dues vegades bo\u201d\">[+] <\/a><\/div>\n","protected":false},"author":12,"featured_media":170457,"comment_status":"open","ping_status":"open","sticky":false,"template":"","format":"standard","meta":{"footnotes":""},"categories":[10890,10905,10951,10892,11046,10898,10948,10963,10894,10904,10902,10909,10896],"tags":[11924,18092],"class_list":["post-170458","post","type-post","status-publish","format-standard","has-post-thumbnail","category-ademus","category-agricultura-la-comarca-ca","category-ayora-cofrentes-ca","category-camp-de-turia-ca","category-los-serranos-ca","category-ventana-ca","category-infraestructuras-ca","category-la-canal-de-navarres-ca","category-la-comarca-ca","category-sin-categorizar-ca","category-la-ribera-ca","category-requena-utiel-ca","category-seccion-ca","tag-ava-asaja-ca","tag-productos-de-km-0-ca"],"_links":{"self":[{"href":"https:\/\/tucomarca.whitekongsoftware.com\/ca\/wp-json\/wp\/v2\/posts\/170458","targetHints":{"allow":["GET"]}}],"collection":[{"href":"https:\/\/tucomarca.whitekongsoftware.com\/ca\/wp-json\/wp\/v2\/posts"}],"about":[{"href":"https:\/\/tucomarca.whitekongsoftware.com\/ca\/wp-json\/wp\/v2\/types\/post"}],"author":[{"embeddable":true,"href":"https:\/\/tucomarca.whitekongsoftware.com\/ca\/wp-json\/wp\/v2\/users\/12"}],"replies":[{"embeddable":true,"href":"https:\/\/tucomarca.whitekongsoftware.com\/ca\/wp-json\/wp\/v2\/comments?post=170458"}],"version-history":[{"count":0,"href":"https:\/\/tucomarca.whitekongsoftware.com\/ca\/wp-json\/wp\/v2\/posts\/170458\/revisions"}],"wp:featuredmedia":[{"embeddable":true,"href":"https:\/\/tucomarca.whitekongsoftware.com\/ca\/wp-json\/wp\/v2\/media\/170457"}],"wp:attachment":[{"href":"https:\/\/tucomarca.whitekongsoftware.com\/ca\/wp-json\/wp\/v2\/media?parent=170458"}],"wp:term":[{"taxonomy":"category","embeddable":true,"href":"https:\/\/tucomarca.whitekongsoftware.com\/ca\/wp-json\/wp\/v2\/categories?post=170458"},{"taxonomy":"post_tag","embeddable":true,"href":"https:\/\/tucomarca.whitekongsoftware.com\/ca\/wp-json\/wp\/v2\/tags?post=170458"}],"curies":[{"name":"wp","href":"https:\/\/api.w.org\/{rel}","templated":true}]}}