{"id":170353,"date":"2022-10-18T16:00:00","date_gmt":"2022-10-18T14:00:00","guid":{"rendered":"https:\/\/www.tucomarca.com\/wordpress\/segunda\/?p=170353"},"modified":"2022-10-19T21:59:50","modified_gmt":"2022-10-19T19:59:50","slug":"la-diputacio-coordinara-amb-el-consell-lajuda-als-ajuntaments-per-a-organitzar-festejos-taurins-amb-la-maxima-seguretat","status":"publish","type":"post","link":"https:\/\/tucomarca.whitekongsoftware.com\/ca\/la-diputacio-coordinara-amb-el-consell-lajuda-als-ajuntaments-per-a-organitzar-festejos-taurins-amb-la-maxima-seguretat\/","title":{"rendered":"La Diputaci\u00f3 coordinar\u00e0 amb el Consell l&#8217;ajuda als ajuntaments per a organitzar festejos taurins amb la m\u00e0xima seguretat"},"content":{"rendered":"\n<h4 class=\"wp-block-heading\">Nom\u00e9s el grup Comprom\u00eds ha votat en el ple en contra d&#8217;una moci\u00f3 que proposa treballar al costat d&#8217;Emerg\u00e8ncies per a analitzar la viabilitat de les propostes dels consistoris i les penyes<\/h4>\n\n\n\n<h4 class=\"wp-block-heading\">L&#8217;objectiu de la iniciativa provincial \u00e9s con\u00e9ixer les necessitats dels organitzadors i els problemes amb les asseguradores per a \u201cavan\u00e7ar en solucions reals\u201d que reforcen la seguretat dels festejos<\/h4>\n\n\n\n<p class=\"wp-block-paragraph\">La Diputaci\u00f3 de Val\u00e9ncia proposa treballar conjuntament amb la Secretaria de Seguretat i Emerg\u00e8ncies de la Generalitat per a coordinar i considerar la viabilitat de les propostes plantejades per ajuntaments, penyes i asseguradores sobre l&#8217;organitzaci\u00f3 de festejos taurins en els municipis valencians. Aix\u00ed ho han acordat tots els grups amb representaci\u00f3 en la cambra provincial, excepte Comprom\u00eds (en contra) i La Vall ens Uneix (abstenci\u00f3), despr\u00e9s de recolzar en el ple d&#8217;octubre una moci\u00f3 que busca dotar de major seguretat l&#8217;organitzaci\u00f3 d&#8217;estos festejos.<\/p>\n\n\n\n<p class=\"wp-block-paragraph\">L&#8217;objectiu de la moci\u00f3 acordada entre populars i socialistes, amb el suport de Ciutadans i Vox, \u00e9s \u201cavan\u00e7ar en solucions reals\u201d al costat del Consell i la resta d&#8217;actors implicats per a aconseguir el m\u00e0xim nivell de seguretat possible en cada festeig taur\u00ed que s&#8217;organitze en municipis de la prov\u00edncia, m\u00e9s de 8.500 cada any i amb un impacte econ\u00f2mic de desenes de milions d&#8217;euros a nivell auton\u00f2mic, segons la mem\u00f2ria de \u2018*bous al carrer\u2019 de 2019 elaborada per la Generalitat.<\/p>\n\n\n\n<p class=\"wp-block-paragraph\">Els acords aprovats en la sessi\u00f3 plen\u00e0ria d&#8217;este dimarts, que seran traslladats als ajuntaments que organitzen este tipus de festejos, la Federaci\u00f3 Valenciana de Municipis i Prov\u00edncies (FVMP), Les Corts i Presid\u00e8ncia de la Generalitat, contemplen en primer lloc la consideraci\u00f3 de les diferents propostes exposades en les reunions entre Emerg\u00e8ncies, la FVMP, els consistoris i representants de penyes i asseguradores. En este punt, la Diputaci\u00f3 demana formar part de futures trobades per a con\u00e9ixer de primera m\u00e0 les necessitats dels organitzadors i poder contribuir a la viabilitat dels festejos taurins.<\/p>\n\n\n\n<p class=\"wp-block-paragraph\">Al mateix temps, els responsables provincials traslladaran al Consell la preocupaci\u00f3 mostrada per ajuntaments i penyes davant la impossibilitat d&#8217;assegurar el cent per cent de l&#8217;import dels accidents durant cada festeig, i que siga la sanitat p\u00fablica la que oferisca cobertura all\u00ed on no arribe l&#8217;asseguran\u00e7a.<\/p>\n\n\n\n<p class=\"wp-block-paragraph\"><strong>La Diputaci\u00f3 demana estar en les reunions<\/strong><\/p>\n\n\n\n<p class=\"wp-block-paragraph\">En el debat de la moci\u00f3 sobre els festejos taurins, tant socialistes com populars han coincidit en la necessitat d&#8217;ajudar als organitzadors perqu\u00e8 disposen de seguretat jur\u00eddica en els festejos, \u201cuna tradici\u00f3 hist\u00f2rica valenciana de la qual tenim const\u00e0ncia des de 1373 i que continua celebrant-se en la mitat dels municipis\u201d, segons ha exposat el diputat del PP, Modesto Mart\u00ednez, qui ha advocat per \u201cevitar la confrontaci\u00f3 pol\u00edtica i defensar la figura dels alcaldes i alcaldesses que treballen per a continuar organitzant estos festejos amb la m\u00e0xima responsabilitat\u201d.<\/p>\n\n\n\n<p class=\"wp-block-paragraph\">En la mateixa l\u00ednia s&#8217;ha expressat la portaveu del PSPV, Pilar Sarri\u00f3n, qui s&#8217;ha mostrat favorable a \u201cdefensar les tradicions protegint la responsabilitat d&#8217;eixos alcaldes i alcaldesses com a prenedors de les assegurances\u201d. Sarri\u00f3n ha posat en valor \u201cla creixent conscienciaci\u00f3 dels organitzadors amb el respecte pel benestar animal i la seguretat a tots els nivells\u201d, la qual cosa sumat al nombre de participants, una mitjana de m\u00e9s de 2.000 persones en cada festeig, \u201cens obliga a fer un treball de col\u00b7laboraci\u00f3 institucional que analitze tots els detalls i oferisca les majors garanties possibles, principalment de seguretat, en l&#8217;organitzaci\u00f3 de cada esdeveniment\u201d.<\/p>\n\n\n\n<p class=\"wp-block-paragraph\">L&#8217;\u00fanic vot en contra que ha rebut la moci\u00f3 acordada entre el grup popular i el socialista ha sigut el de Comprom\u00eds. El seu portaveu, Xavier Rius, ha argumentat la seua postura emparant-se en uns valors que \u201cno toleren el maltractament animal i posar en risc la vida de les persones\u201d. Rius ha adm\u00e9s que el paper de la ramaderia en la prevenci\u00f3 d&#8217;incendis \u00e9s l&#8217;\u00fanic element de l&#8217;exposici\u00f3 de motius en el podria estar d&#8217;acord, si b\u00e9 ha q\u00fcestionat l&#8217;impacte econ\u00f2mic del qual parla la moci\u00f3 i la \u201cdubtosa legalitat de la proposta de mutualitat que podria portar a la Diputaci\u00f3 a assegurar a tercers, cosa que no fa amb altres col\u00b7lectius com a pirot\u00e8cnics, fallers o organitzadors d&#8217;esdeveniments esportius\u201d.<\/p>\n\n\n\n<p class=\"wp-block-paragraph\">En este sentit, la portaveu socialista, Pilar Sarri\u00f3n, ha matisat que la moci\u00f3 aprovada no establix cap mena de mutualitat per part de la Diputaci\u00f3 i que \u201cl&#8217;\u00fanica cosa que demanem \u00e9s tindre veu en les reunions que s&#8217;estan produint sobre la seguretat dels festejos taurins i col\u00b7laborar en la cerca de solucions conjuntes per a millorar la celebraci\u00f3 dels mateixos; un treball que no s&#8217;ha tradu\u00eft encara en mesures concretes que aniran arribant amb el temps\u201d.<\/p>\n\n\n\n<p class=\"wp-block-paragraph\"><\/p>\n","protected":false},"excerpt":{"rendered":"<div class=\"mh-excerpt\">Nom\u00e9s el grup Comprom\u00eds ha votat en el ple en contra d&#8217;una moci\u00f3 que proposa treballar al costat d&#8217;Emerg\u00e8ncies per a analitzar la viabilitat de les propostes dels consistoris i les penyes L&#8217;objectiu de la <a class=\"mh-excerpt-more\" href=\"https:\/\/tucomarca.whitekongsoftware.com\/ca\/la-diputacio-coordinara-amb-el-consell-lajuda-als-ajuntaments-per-a-organitzar-festejos-taurins-amb-la-maxima-seguretat\/\" title=\"La Diputaci\u00f3 coordinar\u00e0 amb el Consell l&#8217;ajuda als ajuntaments per a organitzar festejos taurins amb la m\u00e0xima seguretat\">[+] <\/a><\/div>\n","protected":false},"author":12,"featured_media":168356,"comment_status":"open","ping_status":"open","sticky":false,"template":"","format":"standard","meta":{"footnotes":""},"categories":[10951,10892,11046,10898,10963,10894,10904,10902,10947,10896],"tags":[12124,10899,11246,10914,11356],"class_list":["post-170353","post","type-post","status-publish","format-standard","has-post-thumbnail","category-ayora-cofrentes-ca","category-camp-de-turia-ca","category-los-serranos-ca","category-ventana-ca","category-la-canal-de-navarres-ca","category-la-comarca-ca","category-sin-categorizar-ca","category-la-ribera-ca","category-politica","category-seccion-ca","tag-bous-al-carrer-ca","tag-camp-de-turia-ca","tag-diputacio-de-valencia-ca","tag-la-hoya-de-bunol-chiva-ca","tag-ribera-alta-ca"],"_links":{"self":[{"href":"https:\/\/tucomarca.whitekongsoftware.com\/ca\/wp-json\/wp\/v2\/posts\/170353","targetHints":{"allow":["GET"]}}],"collection":[{"href":"https:\/\/tucomarca.whitekongsoftware.com\/ca\/wp-json\/wp\/v2\/posts"}],"about":[{"href":"https:\/\/tucomarca.whitekongsoftware.com\/ca\/wp-json\/wp\/v2\/types\/post"}],"author":[{"embeddable":true,"href":"https:\/\/tucomarca.whitekongsoftware.com\/ca\/wp-json\/wp\/v2\/users\/12"}],"replies":[{"embeddable":true,"href":"https:\/\/tucomarca.whitekongsoftware.com\/ca\/wp-json\/wp\/v2\/comments?post=170353"}],"version-history":[{"count":0,"href":"https:\/\/tucomarca.whitekongsoftware.com\/ca\/wp-json\/wp\/v2\/posts\/170353\/revisions"}],"wp:featuredmedia":[{"embeddable":true,"href":"https:\/\/tucomarca.whitekongsoftware.com\/ca\/wp-json\/wp\/v2\/media\/168356"}],"wp:attachment":[{"href":"https:\/\/tucomarca.whitekongsoftware.com\/ca\/wp-json\/wp\/v2\/media?parent=170353"}],"wp:term":[{"taxonomy":"category","embeddable":true,"href":"https:\/\/tucomarca.whitekongsoftware.com\/ca\/wp-json\/wp\/v2\/categories?post=170353"},{"taxonomy":"post_tag","embeddable":true,"href":"https:\/\/tucomarca.whitekongsoftware.com\/ca\/wp-json\/wp\/v2\/tags?post=170353"}],"curies":[{"name":"wp","href":"https:\/\/api.w.org\/{rel}","templated":true}]}}