{"id":170208,"date":"2022-10-18T09:03:00","date_gmt":"2022-10-18T07:03:00","guid":{"rendered":"https:\/\/www.tucomarca.com\/wordpress\/segunda\/?p=170208"},"modified":"2022-10-18T20:05:22","modified_gmt":"2022-10-18T18:05:22","slug":"csif-denuncia-que-gerencia-del-departament-de-salut-de-la-ribera-rebutja-les-peticions-de-conciliacio-de-treballadores","status":"publish","type":"post","link":"https:\/\/tucomarca.whitekongsoftware.com\/ca\/csif-denuncia-que-gerencia-del-departament-de-salut-de-la-ribera-rebutja-les-peticions-de-conciliacio-de-treballadores\/","title":{"rendered":"CSIF denuncia que Ger\u00e8ncia del departament de salut de la Ribera &#8220;rebutja les peticions de conciliaci\u00f3 de treballadores&#8221;"},"content":{"rendered":"\n<h3 class=\"wp-block-heading\">El sindicat sol\u00b7licita una reuni\u00f3 urgent amb Conselleria de Sanitat perqu\u00e8 explique per qu\u00e8 nega aquest dret al personal laboral a extingir que el va demanar al setembre<\/h3>\n\n\n\n<p class=\"wp-block-paragraph\">El sindicat CSIF denuncia que Ger\u00e8ncia del departament de salut de la Ribera &#8220;ha rebutjat totes les peticions de conciliaci\u00f3 sol\u00b7licitades el mes de setembre i que van ser plantejades per treballadors laborals, sobretot dones. La central sindical ha sol\u00b7licitat una reuni\u00f3 urgent amb Conselleria per a exigir explicacions&#8221;.<br>La Central Sindical Independent i de Funcionaris (CSIF) explica que els professionals que van tramitar aquesta petici\u00f3 &#8220;ho van fer a l&#8217;empara de l&#8217;article 34.8 de l&#8217;Estatut dels Treballadors, que regula el dret a la sol\u00b7licitud de l&#8217;adaptaci\u00f3 i distribuci\u00f3 de la jornada de treball&#8221;.\u00a0<br>El sindicat lamenta que, malgrat tractar-se d&#8217;un dret especificat, \u201cla direcci\u00f3 del centre va convocar a les persones afectades a poques hores que vencera el termini m\u00e0xim estipulat en la norma (30 dies) per a, en teoria, iniciar un per\u00edode de consultes que en la pr\u00e0ctica no va ser tal. L&#8217;\u00fanic motiu de la convocat\u00f2ria va consistir a negar la petici\u00f3 de cada treballador\u201d.<br>CSIF recalca que \u201cels delegats del sindicat que van assistir a aquestes vistes a requeriment dels propis treballadors van poder comprovar la poca consist\u00e8ncia dels arguments esgrimits per a denegar les peticions de conciliaci\u00f3\u201d.\u00a0<br>La central sindical recalca que aquesta circumst\u00e0ncia ha portat a CSIF a demanar una reuni\u00f3 urgent amb el cap de servei de Negociaci\u00f3 Col\u00b7lectiva, Retribucions i Condicions de Treball de Conselleria de Sanitat Universal amb la finalitat que \u201cens informe dels motius que han provocat la denegaci\u00f3 de les mesures de conciliaci\u00f3 familiar sol\u00b7licitades per personal laboral a extingir\u201d.<br>El sindicat ja va advertir a principis de mes de \u201cpr\u00e0ctiques coactives\u201d que \u201cgeneren indefensi\u00f3 dels professionals\u201d en el departament de salut de la Ribera. Ho va fer davant la decisi\u00f3 de Ger\u00e8ncia de dilatar la resposta a les peticions d&#8217;adaptaci\u00f3 d&#8217;horaris de llocs de treball i de convocar als afectats a reunions amb Recursos Humans.\u00a0<br>El sindicat subratllava llavors que \u201cen lloc d&#8217;acceptar aquestes peticions a les quals tenen dret, la direcci\u00f3 del departament ha dilatat deliberadament el proc\u00e9s fins a quasi els 30 dies amb la finalitat de dissuadir al personal laboral del seu dret a la conciliaci\u00f3\u201d. A m\u00e9s, en comptes de contestar directament, va citar als sol\u00b7licitants a una reuni\u00f3 amb Recursos Humans, en una actuaci\u00f3 que \u201cpot ser considerada coactiva i que genera gran indefensi\u00f3 al professional\u201d.<br>CSIF lamenta que ara Ger\u00e8ncia haja anat m\u00e9s enll\u00e0 en rebutjar totes les peticions. El sindicat recorda la import\u00e0ncia de la conciliaci\u00f3 i la possibilitat dels professionals d&#8217;acollir-se a aquesta opci\u00f3. Precisament perqu\u00e8 es respecte aqueix dret ha sol\u00b7licitat la reuni\u00f3 amb el cap de servei de Negociaci\u00f3 Col\u00b7lectiva, Retribucions i Condicions de Treball de Conselleria de Sanitat Universal.<\/p>\n\n\n\n<p class=\"wp-block-paragraph\"><\/p>\n\n\n\n<p class=\"wp-block-paragraph\"><\/p>\n\n\n\n<p class=\"wp-block-paragraph\"><\/p>\n\n\n\n<p class=\"wp-block-paragraph\"><\/p>\n","protected":false},"excerpt":{"rendered":"<div class=\"mh-excerpt\">El sindicat sol\u00b7licita una reuni\u00f3 urgent amb Conselleria de Sanitat perqu\u00e8 explique per qu\u00e8 nega aquest dret al personal laboral a extingir que el va demanar al setembre El sindicat CSIF denuncia que Ger\u00e8ncia del <a class=\"mh-excerpt-more\" href=\"https:\/\/tucomarca.whitekongsoftware.com\/ca\/csif-denuncia-que-gerencia-del-departament-de-salut-de-la-ribera-rebutja-les-peticions-de-conciliacio-de-treballadores\/\" title=\"CSIF denuncia que Ger\u00e8ncia del departament de salut de la Ribera &#8220;rebutja les peticions de conciliaci\u00f3 de treballadores&#8221;\">[+] <\/a><\/div>\n","protected":false},"author":1,"featured_media":133091,"comment_status":"open","ping_status":"open","sticky":false,"template":"","format":"standard","meta":{"footnotes":""},"categories":[10889,11010,10898,10948,10894,10904,10902,10947,10896,10897],"tags":[11192,11345,12838,11077],"class_list":["post-170208","post","type-post","status-publish","format-standard","has-post-thumbnail","category-alzira-cat","category-canal-salud","category-ventana-ca","category-infraestructuras-ca","category-la-comarca-ca","category-sin-categorizar-ca","category-la-ribera-ca","category-politica","category-seccion-ca","category-sucesos-la-comarca-ca","tag-alzira-ca","tag-csif-ca","tag-hospital-de-alzira-ca","tag-la-ribera-alta-ca"],"_links":{"self":[{"href":"https:\/\/tucomarca.whitekongsoftware.com\/ca\/wp-json\/wp\/v2\/posts\/170208","targetHints":{"allow":["GET"]}}],"collection":[{"href":"https:\/\/tucomarca.whitekongsoftware.com\/ca\/wp-json\/wp\/v2\/posts"}],"about":[{"href":"https:\/\/tucomarca.whitekongsoftware.com\/ca\/wp-json\/wp\/v2\/types\/post"}],"author":[{"embeddable":true,"href":"https:\/\/tucomarca.whitekongsoftware.com\/ca\/wp-json\/wp\/v2\/users\/1"}],"replies":[{"embeddable":true,"href":"https:\/\/tucomarca.whitekongsoftware.com\/ca\/wp-json\/wp\/v2\/comments?post=170208"}],"version-history":[{"count":0,"href":"https:\/\/tucomarca.whitekongsoftware.com\/ca\/wp-json\/wp\/v2\/posts\/170208\/revisions"}],"wp:featuredmedia":[{"embeddable":true,"href":"https:\/\/tucomarca.whitekongsoftware.com\/ca\/wp-json\/wp\/v2\/media\/133091"}],"wp:attachment":[{"href":"https:\/\/tucomarca.whitekongsoftware.com\/ca\/wp-json\/wp\/v2\/media?parent=170208"}],"wp:term":[{"taxonomy":"category","embeddable":true,"href":"https:\/\/tucomarca.whitekongsoftware.com\/ca\/wp-json\/wp\/v2\/categories?post=170208"},{"taxonomy":"post_tag","embeddable":true,"href":"https:\/\/tucomarca.whitekongsoftware.com\/ca\/wp-json\/wp\/v2\/tags?post=170208"}],"curies":[{"name":"wp","href":"https:\/\/api.w.org\/{rel}","templated":true}]}}